{"id":129552,"date":"2024-11-04T09:31:20","date_gmt":"2024-11-04T12:31:20","guid":{"rendered":"https:\/\/cdnoticias.com\/?p=129552"},"modified":"2024-11-04T09:31:22","modified_gmt":"2024-11-04T12:31:22","slug":"ferro-y-racing-lideres-en-el-regional-amateur-empate-y-victoria-de-los-olavarrienses","status":"publish","type":"post","link":"https:\/\/cdnoticias.com\/index.php\/2024\/11\/04\/ferro-y-racing-lideres-en-el-regional-amateur-empate-y-victoria-de-los-olavarrienses\/","title":{"rendered":"Ferro y Racing, l\u00edderes en el Regional Amateur: empate y victoria de los olavarrienses"},"content":{"rendered":"\n<p>El carbonero empat\u00f3 en 25 de Mayo mientras que Racing gan\u00f3 2 a 0 a Embajadores en el \u201cClemente Di Carlo\u201d. Lideran la zona 6 y 5.<\/p>\n\n\n\n<hr class=\"wp-block-separator aligncenter has-alpha-channel-opacity\"\/>\n\n\n\n<p>Por la cuarta fecha del Torneo Regional Amateur,<strong> Ferro y Racing obtuvieron buenos resultados para continuar como l\u00edderes de sus zonas.<\/strong><\/p>\n\n\n\n<p><strong>Ferro empat\u00f3 0 a 0 con Argentinos en la localidad de 25 de Mayo<\/strong>, mientras que en el duelo de olavarrienses <strong>Racing triunf\u00f3 ante Embajadores en el Clemente Di Carlo por 2 a 0.<\/strong><\/p>\n\n\n\n<p><strong>Las cr\u00f3nicas y todos los resultados en Central de Deportes, tu portal deportivo.<\/strong><\/p>\n\n\n\n<figure class=\"wp-block-embed is-type-wp-embed is-provider-central-de-deportes wp-block-embed-central-de-deportes\"><div class=\"wp-block-embed__wrapper\">\n<blockquote class=\"wp-embedded-content\" data-secret=\"PXMmo2MzC2\"><a href=\"https:\/\/centraldeportes.com.ar\/ferro-empato-en-25-de-mayo-y-sigue-mandando-en-la-zona-6\/\">Ferro empat\u00f3 en 25 de Mayo y sigue mandando en la Zona 6<\/a><\/blockquote><iframe loading=\"lazy\" class=\"wp-embedded-content\" sandbox=\"allow-scripts\" security=\"restricted\" style=\"position: absolute; visibility: hidden;\" title=\"&#8220;Ferro empat\u00f3 en 25 de Mayo y sigue mandando en la Zona 6&#8221; &#8212; Central de Deportes\" src=\"https:\/\/centraldeportes.com.ar\/ferro-empato-en-25-de-mayo-y-sigue-mandando-en-la-zona-6\/embed\/#?secret=wnG06MBHLF#?secret=PXMmo2MzC2\" data-secret=\"PXMmo2MzC2\" width=\"600\" height=\"338\" frameborder=\"0\" marginwidth=\"0\" marginheight=\"0\" scrolling=\"no\"><\/iframe>\n<\/div><\/figure>\n\n\n\n<figure class=\"wp-block-embed is-type-wp-embed is-provider-central-de-deportes wp-block-embed-central-de-deportes\"><div class=\"wp-block-embed__wrapper\">\n<blockquote class=\"wp-embedded-content\" data-secret=\"YDsA9N7mYe\"><a href=\"https:\/\/centraldeportes.com.ar\/racing-derroto-a-embajadores-y-quedo-a-un-paso-de-la-clasificacion\/\">Racing derrot\u00f3 a Embajadores y qued\u00f3 a un paso de la clasificaci\u00f3n<\/a><\/blockquote><iframe loading=\"lazy\" class=\"wp-embedded-content\" sandbox=\"allow-scripts\" security=\"restricted\" style=\"position: absolute; visibility: hidden;\" title=\"&#8220;Racing derrot\u00f3 a Embajadores y qued\u00f3 a un paso de la clasificaci\u00f3n&#8221; &#8212; Central de Deportes\" src=\"https:\/\/centraldeportes.com.ar\/racing-derroto-a-embajadores-y-quedo-a-un-paso-de-la-clasificacion\/embed\/#?secret=4xEr95DsEj#?secret=YDsA9N7mYe\" data-secret=\"YDsA9N7mYe\" width=\"600\" height=\"338\" frameborder=\"0\" marginwidth=\"0\" marginheight=\"0\" scrolling=\"no\"><\/iframe>\n<\/div><\/figure>\n","protected":false},"excerpt":{"rendered":"<p>El carbonero empat\u00f3 en 25 de Mayo mientras que Racing gan\u00f3 2 a 0 a Embajadores en el \u201cClemente Di<\/p>\n","protected":false},"author":2,"featured_media":129553,"comment_status":"closed","ping_status":"closed","sticky":false,"template":"","format":"standard","meta":{"_jetpack_memberships_contains_paid_content":false,"footnotes":""},"categories":[5,1],"tags":[],"class_list":["post-129552","post","type-post","status-publish","format-standard","has-post-thumbnail","hentry","category-informacion-general","category-portada"],"jetpack_featured_media_url":"https:\/\/i0.wp.com\/cdnoticias.com\/wp-content\/uploads\/2024\/11\/rac-ceo-lfo-10-e1730687506634.jpg?fit=1280%2C789&ssl=1","jetpack_sharing_enabled":true,"_links":{"self":[{"href":"https:\/\/cdnoticias.com\/index.php\/wp-json\/wp\/v2\/posts\/129552","targetHints":{"allow":["GET"]}}],"collection":[{"href":"https:\/\/cdnoticias.com\/index.php\/wp-json\/wp\/v2\/posts"}],"about":[{"href":"https:\/\/cdnoticias.com\/index.php\/wp-json\/wp\/v2\/types\/post"}],"author":[{"embeddable":true,"href":"https:\/\/cdnoticias.com\/index.php\/wp-json\/wp\/v2\/users\/2"}],"replies":[{"embeddable":true,"href":"https:\/\/cdnoticias.com\/index.php\/wp-json\/wp\/v2\/comments?post=129552"}],"version-history":[{"count":0,"href":"https:\/\/cdnoticias.com\/index.php\/wp-json\/wp\/v2\/posts\/129552\/revisions"}],"wp:featuredmedia":[{"embeddable":true,"href":"https:\/\/cdnoticias.com\/index.php\/wp-json\/wp\/v2\/media\/129553"}],"wp:attachment":[{"href":"https:\/\/cdnoticias.com\/index.php\/wp-json\/wp\/v2\/media?parent=129552"}],"wp:term":[{"taxonomy":"category","embeddable":true,"href":"https:\/\/cdnoticias.com\/index.php\/wp-json\/wp\/v2\/categories?post=129552"},{"taxonomy":"post_tag","embeddable":true,"href":"https:\/\/cdnoticias.com\/index.php\/wp-json\/wp\/v2\/tags?post=129552"}],"curies":[{"name":"wp","href":"https:\/\/api.w.org\/{rel}","templated":true}]}}