{"id":129547,"date":"2024-11-04T09:18:27","date_gmt":"2024-11-04T12:18:27","guid":{"rendered":"https:\/\/cdnoticias.com\/?p=129547"},"modified":"2024-11-04T09:35:03","modified_gmt":"2024-11-04T12:35:03","slug":"ventas-minoristas-de-las-pymes-suba-de-29-en-octubre-y-caida-anual-de-132","status":"publish","type":"post","link":"https:\/\/cdnoticias.com\/index.php\/2024\/11\/04\/ventas-minoristas-de-las-pymes-suba-de-29-en-octubre-y-caida-anual-de-132\/","title":{"rendered":"Ventas minoristas de las pymes: suba de 2,9% en octubre y ca\u00edda anual de 13,2%"},"content":{"rendered":"<p>Son los datos de CAME que analiz\u00f3 que \u201cel D\u00eda de la Madre, la estabilidad de precios, las ofertas interesantes del mercado y las mayores opciones de financiamiento le devolvieron algo de dinamismo al consumo\u201d.<!--more--><\/p>\n<hr \/>\n<p>Las <strong>ventas minoristas de las peque\u00f1as y medianas empresas crecieron 2,9%<\/strong> en la<strong> comparaci\u00f3n interanual<\/strong> en<strong> octubre<\/strong>, a precios constantes, pero <strong>acumulan una ca\u00edda de 13,2% en los primeros diez meses del a\u00f1o<\/strong>. En la comparaci\u00f3n mensual desestacionalizada, crecieron 7,4%.<\/p>\n<blockquote><p>Seg\u00fan destaca la Confederaci\u00f3n Argentina de la Mediana Empresa (CAME), \u201cel D\u00eda de la Madre, la estabilidad de precios, las ofertas interesantes del mercado y las mayores opciones de financiamiento le devolvieron algo de dinamismo al consumo que ven\u00eda con una ca\u00edda sostenida\u201d.<\/p><\/blockquote>\n<p>Rubro por rubro, <strong>cuatro de los siete sectores evaluados mejoraron sus ventas<\/strong>, seg\u00fan surge del \u00cdndice de Ventas Minoristas Pymes de CAME, elaborado sobre la base de un relevamiento mensual entre 1.300 comercios minoristas del pa\u00eds, realizado del 1 y 2 de noviembre. El mayor incremento se detect\u00f3 en Calzado y marroquiner\u00eda (+10,3%), seguido por Alimentos y bebidas (+5,8%) y Textil e Indumentaria (+4,8%). En cambio, cayeron Perfumer\u00edas (-15%) y Bazar, decoraci\u00f3n, textiles de hogar (-7,4%). En el acumulado anual, la mayor baja la llevan tambi\u00e9n Perfumer\u00edas (-29,3%) y Farmacias (-23,2%).<\/p>\n<p><img data-recalc-dims=\"1\" loading=\"lazy\" decoding=\"async\" class=\"size-full wp-image-129550 aligncenter\" src=\"https:\/\/i0.wp.com\/cdnoticias.com\/wp-content\/uploads\/2024\/11\/CAME-00-ventas-minoristas-octubre-2024.jpg?resize=800%2C478&#038;ssl=1\" alt=\"\" width=\"800\" height=\"478\" srcset=\"https:\/\/i0.wp.com\/cdnoticias.com\/wp-content\/uploads\/2024\/11\/CAME-00-ventas-minoristas-octubre-2024.jpg?w=1000&amp;ssl=1 1000w, https:\/\/i0.wp.com\/cdnoticias.com\/wp-content\/uploads\/2024\/11\/CAME-00-ventas-minoristas-octubre-2024.jpg?resize=300%2C179&amp;ssl=1 300w, https:\/\/i0.wp.com\/cdnoticias.com\/wp-content\/uploads\/2024\/11\/CAME-00-ventas-minoristas-octubre-2024.jpg?resize=768%2C459&amp;ssl=1 768w\" sizes=\"auto, (max-width: 800px) 100vw, 800px\" \/><\/p>\n<h3>Alimentos y bebidas<\/h3>\n<p>Las ventas subieron 5,8% interanual en octubre, a precios constantes, y acumulan un descenso de 16,3% en los primeros diez meses del a\u00f1o frente al mismo per\u00edodo de 2023. En la comparaci\u00f3n intermensual no hubo variaciones. \u201cEl sector parece haber encontrado un piso, y octubre podr\u00eda ser el inicio de un ciclo de recuperaci\u00f3n suave\u201d.<\/p>\n<h3>Bazar, decoraci\u00f3n, textiles para el hogar y muebles<\/h3>\n<p>Se registr\u00f3 una disminuci\u00f3n del 7,4% en octubre, siempre interanual y a precios constantes, que acumula una ca\u00edda de 15,1% en los primeros diez meses del a\u00f1o. En el comparativo intermensual, crecieron 7,4%. \u201cLos comercios sumaron m\u00e1s variedad de productos, con mayor presencia de importados, y mantuvieron los precios estables con relaci\u00f3n a meses anteriores\u201d, siempre seg\u00fan CAME.<\/p>\n<h3>Calzado y marroquiner\u00eda<\/h3>\n<p>Las ventas mejoraron 10,3% en octubre, a precios constantes, y acumulan una retracci\u00f3n de 8,2%. En la comparaci\u00f3n intermensual, subieron 9,7%. \u201cLa llegada del calor activ\u00f3 la venta del calzado liviano, especialmente de mujer. Tambi\u00e9n el deportivo tuvo buena salida frente a la posibilidad de adquirirlo en cuotas sin inter\u00e9s\u201d.<\/p>\n<p><img data-recalc-dims=\"1\" loading=\"lazy\" decoding=\"async\" class=\"size-full wp-image-129548 aligncenter\" src=\"https:\/\/i0.wp.com\/cdnoticias.com\/wp-content\/uploads\/2024\/11\/CAME-01-ventas-minoristas-octubre-2024.jpg?resize=800%2C705&#038;ssl=1\" alt=\"\" width=\"800\" height=\"705\" srcset=\"https:\/\/i0.wp.com\/cdnoticias.com\/wp-content\/uploads\/2024\/11\/CAME-01-ventas-minoristas-octubre-2024.jpg?w=800&amp;ssl=1 800w, https:\/\/i0.wp.com\/cdnoticias.com\/wp-content\/uploads\/2024\/11\/CAME-01-ventas-minoristas-octubre-2024.jpg?resize=300%2C264&amp;ssl=1 300w, https:\/\/i0.wp.com\/cdnoticias.com\/wp-content\/uploads\/2024\/11\/CAME-01-ventas-minoristas-octubre-2024.jpg?resize=768%2C677&amp;ssl=1 768w\" sizes=\"auto, (max-width: 800px) 100vw, 800px\" \/><\/p>\n<h3>Farmacia<\/h3>\n<p>Las ventas bajaron 0,2% interanual y suman as\u00ed un declive de 23,2% en los primeros diez meses del a\u00f1o, contra el mismo per\u00edodo de 2023. En la comparaci\u00f3n intermensual, subieron 7,8%. \u201cSe activ\u00f3 la venta de repelentes, algo de protectores solares, mientras que los medicamentos mostraron una leve retracci\u00f3n\u201d.<\/p>\n<h3>Perfumer\u00eda<\/h3>\n<p>Las ventas disminuyeron 15% en octubre y acumulan un retroceso de 29,3% en los primeros diez meses del a\u00f1o, contra 2023. En el contraste intermensual, hubo un alza de 9,9%.<\/p>\n<h3>Ferreter\u00eda, materiales el\u00e9ctricos y materiales de la construcci\u00f3n<\/h3>\n<p>Las ventas tuvieron un alza del 2,8%, mientras la ca\u00edda acumulada es del 14,1% en los primeros diez meses, frente al a\u00f1o pasado. En la comparaci\u00f3n intermensual, aumentaron 9,3%.<\/p>\n<h3>Textil e indumentaria<\/h3>\n<p>Hubo una suba de 4,8% interanual en octubre, y acumula una mejora de 1,6% con relaci\u00f3n a 2023. En la comparaci\u00f3n intermensual, aumentaron 4%. \u201cEl D\u00eda de la Madre tuvo una incidencia muy fuerte en el resultado, especialmente en el caso de comercios orientados al segmento femenino. Aunque el tir\u00f3n de ventas de esos d\u00edas tambi\u00e9n se reflej\u00f3 en el resto de los rubros que, para no quedar atr\u00e1s, ofrecieron muy buenas promociones\u201d.<\/p>\n","protected":false},"excerpt":{"rendered":"<p>Son los datos de CAME que analiz\u00f3 que \u201cel D\u00eda de la Madre, la estabilidad de precios, las ofertas interesantes<\/p>\n","protected":false},"author":4,"featured_media":129549,"comment_status":"closed","ping_status":"closed","sticky":false,"template":"","format":"standard","meta":{"_jetpack_memberships_contains_paid_content":false,"footnotes":""},"categories":[6,1],"tags":[],"class_list":["post-129547","post","type-post","status-publish","format-standard","has-post-thumbnail","hentry","category-nacionales","category-portada"],"jetpack_featured_media_url":"https:\/\/i0.wp.com\/cdnoticias.com\/wp-content\/uploads\/2024\/11\/DIB-Ventas-miniristas-pymes.jpg?fit=696%2C392&ssl=1","jetpack_sharing_enabled":true,"_links":{"self":[{"href":"https:\/\/cdnoticias.com\/index.php\/wp-json\/wp\/v2\/posts\/129547","targetHints":{"allow":["GET"]}}],"collection":[{"href":"https:\/\/cdnoticias.com\/index.php\/wp-json\/wp\/v2\/posts"}],"about":[{"href":"https:\/\/cdnoticias.com\/index.php\/wp-json\/wp\/v2\/types\/post"}],"author":[{"embeddable":true,"href":"https:\/\/cdnoticias.com\/index.php\/wp-json\/wp\/v2\/users\/4"}],"replies":[{"embeddable":true,"href":"https:\/\/cdnoticias.com\/index.php\/wp-json\/wp\/v2\/comments?post=129547"}],"version-history":[{"count":0,"href":"https:\/\/cdnoticias.com\/index.php\/wp-json\/wp\/v2\/posts\/129547\/revisions"}],"wp:featuredmedia":[{"embeddable":true,"href":"https:\/\/cdnoticias.com\/index.php\/wp-json\/wp\/v2\/media\/129549"}],"wp:attachment":[{"href":"https:\/\/cdnoticias.com\/index.php\/wp-json\/wp\/v2\/media?parent=129547"}],"wp:term":[{"taxonomy":"category","embeddable":true,"href":"https:\/\/cdnoticias.com\/index.php\/wp-json\/wp\/v2\/categories?post=129547"},{"taxonomy":"post_tag","embeddable":true,"href":"https:\/\/cdnoticias.com\/index.php\/wp-json\/wp\/v2\/tags?post=129547"}],"curies":[{"name":"wp","href":"https:\/\/api.w.org\/{rel}","templated":true}]}}