{"id":129542,"date":"2024-11-04T08:35:28","date_gmt":"2024-11-04T11:35:28","guid":{"rendered":"https:\/\/cdnoticias.com\/?p=129542"},"modified":"2024-11-04T08:35:30","modified_gmt":"2024-11-04T11:35:30","slug":"se-viene-la-celebracion-por-el-75-aniversario-del-jardin-901","status":"publish","type":"post","link":"https:\/\/cdnoticias.com\/index.php\/2024\/11\/04\/se-viene-la-celebracion-por-el-75-aniversario-del-jardin-901\/","title":{"rendered":"Se viene la celebraci\u00f3n por el 75\u00b0 aniversario del Jard\u00edn 901"},"content":{"rendered":"\n<p>Ser\u00e1 el s\u00e1bado 23 de noviembre desde las 21:00 horas. Conoc\u00e9 c\u00f3mo adquirir las tarjetas.<\/p>\n\n\n\n<hr class=\"wp-block-separator aligncenter has-alpha-channel-opacity\"\/>\n\n\n\n<p>El <strong>Jard\u00edn 901 celebrar\u00e1 su 75\u00b0 aniversario con una fiesta imperdible: ser\u00e1 el d\u00eda s\u00e1bado 23 de noviembre desde las 21 horas en el sal\u00f3n Nuestro Molino <\/strong>ubicado en calle Espa\u00f1a 5331.<\/p>\n\n\n\n<p>Se trata de una fiesta con cena y baile para<strong> festejar los 75 a\u00f1os del primer Jard\u00edn de Infantes de la ciudad de Olavarr\u00eda<\/strong>, para<em> \u201creencontrarse y compartir una noche llena de emociones\u201d.<\/em><\/p>\n\n\n\n<figure class=\"wp-block-image size-large\"><img data-recalc-dims=\"1\" loading=\"lazy\" decoding=\"async\" width=\"726\" height=\"1024\" src=\"https:\/\/i0.wp.com\/cdnoticias.com\/wp-content\/uploads\/2024\/11\/IMG-20241014-WA0043.jpg?resize=726%2C1024&#038;ssl=1\" alt=\"\" class=\"wp-image-129543\" srcset=\"https:\/\/i0.wp.com\/cdnoticias.com\/wp-content\/uploads\/2024\/11\/IMG-20241014-WA0043.jpg?resize=726%2C1024&amp;ssl=1 726w, https:\/\/i0.wp.com\/cdnoticias.com\/wp-content\/uploads\/2024\/11\/IMG-20241014-WA0043.jpg?resize=213%2C300&amp;ssl=1 213w, https:\/\/i0.wp.com\/cdnoticias.com\/wp-content\/uploads\/2024\/11\/IMG-20241014-WA0043.jpg?resize=768%2C1083&amp;ssl=1 768w, https:\/\/i0.wp.com\/cdnoticias.com\/wp-content\/uploads\/2024\/11\/IMG-20241014-WA0043.jpg?resize=1090%2C1536&amp;ssl=1 1090w, https:\/\/i0.wp.com\/cdnoticias.com\/wp-content\/uploads\/2024\/11\/IMG-20241014-WA0043.jpg?w=1135&amp;ssl=1 1135w\" sizes=\"auto, (max-width: 726px) 100vw, 726px\" \/><\/figure>\n\n\n\n<p>Se aclar\u00f3 que <strong>la fiesta es abierta a toda la comunidad olavarriense mayor de 18 a\u00f1os y a todos los que formaron parte de la historia del establecimiento educativo.<\/strong><\/p>\n\n\n\n<p>Para reservar tarjetas, <strong>se puede enviar un mensaje de WhatsApp al 2284527055<\/strong>, las reservas se realizan hasta el 10 de noviembre y son limitadas. La misma tiene un valor de 45 mil pesos.<\/p>\n","protected":false},"excerpt":{"rendered":"<p>Ser\u00e1 el s\u00e1bado 23 de noviembre desde las 21:00 horas. Conoc\u00e9 c\u00f3mo adquirir las tarjetas. El Jard\u00edn 901 celebrar\u00e1 su<\/p>\n","protected":false},"author":2,"featured_media":84855,"comment_status":"closed","ping_status":"closed","sticky":false,"template":"","format":"standard","meta":{"_jetpack_memberships_contains_paid_content":false,"footnotes":""},"categories":[5,1],"tags":[],"class_list":["post-129542","post","type-post","status-publish","format-standard","has-post-thumbnail","hentry","category-informacion-general","category-portada"],"jetpack_featured_media_url":"https:\/\/i0.wp.com\/cdnoticias.com\/wp-content\/uploads\/2023\/05\/jardin-901.jpg?fit=960%2C599&ssl=1","jetpack_sharing_enabled":true,"_links":{"self":[{"href":"https:\/\/cdnoticias.com\/index.php\/wp-json\/wp\/v2\/posts\/129542","targetHints":{"allow":["GET"]}}],"collection":[{"href":"https:\/\/cdnoticias.com\/index.php\/wp-json\/wp\/v2\/posts"}],"about":[{"href":"https:\/\/cdnoticias.com\/index.php\/wp-json\/wp\/v2\/types\/post"}],"author":[{"embeddable":true,"href":"https:\/\/cdnoticias.com\/index.php\/wp-json\/wp\/v2\/users\/2"}],"replies":[{"embeddable":true,"href":"https:\/\/cdnoticias.com\/index.php\/wp-json\/wp\/v2\/comments?post=129542"}],"version-history":[{"count":0,"href":"https:\/\/cdnoticias.com\/index.php\/wp-json\/wp\/v2\/posts\/129542\/revisions"}],"wp:featuredmedia":[{"embeddable":true,"href":"https:\/\/cdnoticias.com\/index.php\/wp-json\/wp\/v2\/media\/84855"}],"wp:attachment":[{"href":"https:\/\/cdnoticias.com\/index.php\/wp-json\/wp\/v2\/media?parent=129542"}],"wp:term":[{"taxonomy":"category","embeddable":true,"href":"https:\/\/cdnoticias.com\/index.php\/wp-json\/wp\/v2\/categories?post=129542"},{"taxonomy":"post_tag","embeddable":true,"href":"https:\/\/cdnoticias.com\/index.php\/wp-json\/wp\/v2\/tags?post=129542"}],"curies":[{"name":"wp","href":"https:\/\/api.w.org\/{rel}","templated":true}]}}