{"id":129502,"date":"2024-11-03T18:03:21","date_gmt":"2024-11-03T21:03:21","guid":{"rendered":"https:\/\/cdnoticias.com\/?p=129502"},"modified":"2024-11-03T20:10:09","modified_gmt":"2024-11-03T23:10:09","slug":"wesner-participo-del-encuentro-con-las-pymes-por-la-produccion-y-el-trabajo","status":"publish","type":"post","link":"https:\/\/cdnoticias.com\/index.php\/2024\/11\/03\/wesner-participo-del-encuentro-con-las-pymes-por-la-produccion-y-el-trabajo\/","title":{"rendered":"Wesner particip\u00f3 del \u201cEncuentro con las Pymes por la producci\u00f3n y el trabajo\u201d"},"content":{"rendered":"\n<p>Participaron importantes empresas de distintos rubros de nuestra ciudad. \u201cSomos la coraz\u00f3n productivo de la provincia de Buenos Aires, tenemos una matriz productiva muy pero muy diversa, muy rica en el sector primario\u201d expres\u00f3 el Intendente. <\/p>\n\n\n\n<hr class=\"wp-block-separator aligncenter has-alpha-channel-opacity\"\/>\n\n\n\n<p>El <strong>intendente Maximiliano Wesner<\/strong> encabez\u00f3 la presentaci\u00f3n del \u201c<strong>Encuentro con las Pymes por la producci\u00f3n y el trabajo\u201d, <\/strong>que se llev\u00f3 a cabo en el auditorio del Centro Cultural Municipal \u201cSan Jos\u00e9\u201d, con la<strong> participaci\u00f3n de importantes empresas de distintos rubros de nuestra ciudad<\/strong>.<\/p>\n\n\n\n<p><\/p>\n\n\n\n<p>Estuvieron presentes la subsecretar\u00eda de Miner\u00eda de la Provincia<strong> Laura Delgado, <\/strong>la presidenta del Fogaba<strong> Ver\u00f3nica Wejchenberg, <\/strong>el titular de la Uni\u00f3n Industrial de Olavarr\u00eda<strong> C\u00e9sar Longo<\/strong> y el secretario de Desarrollo Econ\u00f3mico y Productivo del Municipio de Olavarr\u00eda <strong>Gast\u00f3n Sarachu.<\/strong><\/p>\n\n\n\n<p><\/p>\n\n\n\n<p>El encuentro, organizado por el Ministerio de Producci\u00f3n, Ciencia e Innovaci\u00f3n Tecnol\u00f3gica de la provincia de Buenos Aires y la Secretar\u00eda de Desarrollo Econ\u00f3mico y Productivo del Municipio de Olavarr\u00eda, sirvi\u00f3 para<strong> presentar las distintas herramientas crediticias del Fogaba para el sector productivo.<\/strong><\/p>\n\n\n\n<p><\/p>\n\n\n\n<blockquote class=\"wp-block-quote is-layout-flow wp-block-quote-is-layout-flow\">\n<p>En el marco de la apertura de la jornada con empresarios y pymes locales, Wesner afirm\u00f3 que \u201csomos la coraz\u00f3n productivo de la provincia de Buenos Aires, tenemos una matriz productiva muy pero muy diversa, muy rica en el sector primario\u201d.\u00a0<\/p>\n<\/blockquote>\n\n\n\n<p><\/p>\n\n\n\n<figure class=\"wp-block-image aligncenter size-full\"><img data-recalc-dims=\"1\" loading=\"lazy\" decoding=\"async\" width=\"800\" height=\"445\" src=\"https:\/\/i0.wp.com\/cdnoticias.com\/wp-content\/uploads\/2024\/11\/wesner-encuentro-pymes.jpg?resize=800%2C445&#038;ssl=1\" alt=\"\" class=\"wp-image-129504\" srcset=\"https:\/\/i0.wp.com\/cdnoticias.com\/wp-content\/uploads\/2024\/11\/wesner-encuentro-pymes.jpg?w=900&amp;ssl=1 900w, https:\/\/i0.wp.com\/cdnoticias.com\/wp-content\/uploads\/2024\/11\/wesner-encuentro-pymes.jpg?resize=300%2C167&amp;ssl=1 300w, https:\/\/i0.wp.com\/cdnoticias.com\/wp-content\/uploads\/2024\/11\/wesner-encuentro-pymes.jpg?resize=768%2C428&amp;ssl=1 768w, https:\/\/i0.wp.com\/cdnoticias.com\/wp-content\/uploads\/2024\/11\/wesner-encuentro-pymes.jpg?resize=800%2C445&amp;ssl=1 800w\" sizes=\"auto, (max-width: 800px) 100vw, 800px\" \/><\/figure>\n\n\n\n<p><\/p>\n\n\n\n<p><strong>\u201cSomos el distrito con mayor cabeza de ganado de la Argentina, rica en ingenier\u00eda, en log\u00edstica y transporte, y eso nos hace muy competitivos a nivel regional, a nivel nacional, y tambi\u00e9n por muchas Pymes que est\u00e1n trabajando incluso fuera de la Argentina<\/strong>\u201d agreg\u00f3.\u00a0<\/p>\n\n\n\n<p><\/p>\n\n\n\n<p>Tambi\u00e9n destac\u00f3 que<strong> los empresarios<\/strong> \u201c<em>son los protagonistas, los generadores de las medidas, los que fabrican, los que comercializan, los que construyen una deuda, los que compran, los que venden, ustedes son los apasionados, porque ser Pymes es ser apasionados y tenemos una responsabilidad, cada uno de nosotros, en los lugares que nos toca ocupar\u201d.\u00a0<\/em><\/p>\n\n\n\n<p><\/p>\n\n\n\n<blockquote class=\"wp-block-quote is-layout-flow wp-block-quote-is-layout-flow\">\n<p>\u201cEs importante articular lo p\u00fablico con lo privado y qu\u00e9 mejor que las herramientas del Fogaba para potenciar cada una de sus empresas, cada una de sus operaciones. Estamos para continuar acompa\u00f1\u00e1ndolos y este compromiso es el compromiso de todos los que estamos en esta mesa\u201d sostuvo el Intendente.\u00a0<\/p>\n<\/blockquote>\n\n\n\n<p><\/p>\n\n\n\n<p>Asimismo, <strong>la presidenta del Fogaba Ver\u00f3nica Wejchenberg,<\/strong> indic\u00f3 que \u201c<strong><em>nuestra misi\u00f3n es lograr un m\u00e1s o mejor financiamiento para las pymes, cuando hablamos pymes, hablamos pymes de todos los sectores, porque muchas veces se piensa pymes en la zona de la industria, en la industria de comercio, servicios, construcci\u00f3n, educaci\u00f3n, salud, todos los sectores\u201d.\u00a0<\/em><\/strong><\/p>\n\n\n\n<p><\/p>\n\n\n\n<p>\u201cEl asesoramiento es importante para cada empresa, tenemos un equipo comercial que visita a cada uno de los municipios\u201d cerr\u00f3 Wejchenberg.<\/p>\n\n\n\n<p><\/p>\n\n\n\n<p>Por \u00faltimo, se realiz\u00f3 la presentaci\u00f3n de las herramientas con las que cuenta el Fondo de Garant\u00edas Buenos Aires para <strong>facilitar el acceso al financiamiento de las Pymes, mediante el otorgamiento de garant\u00edas y el asesoramiento econ\u00f3mico y financiero<\/strong>.<\/p>\n\n\n\n<p><\/p>\n","protected":false},"excerpt":{"rendered":"<p>Participaron importantes empresas de distintos rubros de nuestra ciudad. \u201cSomos la coraz\u00f3n productivo de la provincia de Buenos Aires, tenemos<\/p>\n","protected":false},"author":6,"featured_media":129505,"comment_status":"closed","ping_status":"closed","sticky":false,"template":"","format":"standard","meta":{"_jetpack_memberships_contains_paid_content":false,"footnotes":""},"categories":[5,1],"tags":[],"class_list":["post-129502","post","type-post","status-publish","format-standard","has-post-thumbnail","hentry","category-informacion-general","category-portada"],"jetpack_featured_media_url":"https:\/\/i0.wp.com\/cdnoticias.com\/wp-content\/uploads\/2024\/11\/wesner-encuentro-pymes1.jpg?fit=900%2C498&ssl=1","jetpack_sharing_enabled":true,"_links":{"self":[{"href":"https:\/\/cdnoticias.com\/index.php\/wp-json\/wp\/v2\/posts\/129502","targetHints":{"allow":["GET"]}}],"collection":[{"href":"https:\/\/cdnoticias.com\/index.php\/wp-json\/wp\/v2\/posts"}],"about":[{"href":"https:\/\/cdnoticias.com\/index.php\/wp-json\/wp\/v2\/types\/post"}],"author":[{"embeddable":true,"href":"https:\/\/cdnoticias.com\/index.php\/wp-json\/wp\/v2\/users\/6"}],"replies":[{"embeddable":true,"href":"https:\/\/cdnoticias.com\/index.php\/wp-json\/wp\/v2\/comments?post=129502"}],"version-history":[{"count":0,"href":"https:\/\/cdnoticias.com\/index.php\/wp-json\/wp\/v2\/posts\/129502\/revisions"}],"wp:featuredmedia":[{"embeddable":true,"href":"https:\/\/cdnoticias.com\/index.php\/wp-json\/wp\/v2\/media\/129505"}],"wp:attachment":[{"href":"https:\/\/cdnoticias.com\/index.php\/wp-json\/wp\/v2\/media?parent=129502"}],"wp:term":[{"taxonomy":"category","embeddable":true,"href":"https:\/\/cdnoticias.com\/index.php\/wp-json\/wp\/v2\/categories?post=129502"},{"taxonomy":"post_tag","embeddable":true,"href":"https:\/\/cdnoticias.com\/index.php\/wp-json\/wp\/v2\/tags?post=129502"}],"curies":[{"name":"wp","href":"https:\/\/api.w.org\/{rel}","templated":true}]}}