{"id":129500,"date":"2024-11-05T08:03:34","date_gmt":"2024-11-05T11:03:34","guid":{"rendered":"https:\/\/cdnoticias.com\/?p=129500"},"modified":"2024-11-05T08:03:36","modified_gmt":"2024-11-05T11:03:36","slug":"violencia-de-genero-en-lo-que-va-del-ano-hubo-207-femicidios","status":"publish","type":"post","link":"https:\/\/cdnoticias.com\/index.php\/2024\/11\/05\/violencia-de-genero-en-lo-que-va-del-ano-hubo-207-femicidios\/","title":{"rendered":"Violencia de g\u00e9nero: en lo que va del a\u00f1o hubo 207 femicidios\u00a0"},"content":{"rendered":"\n<p>Los datos fueron divulgados por el Observatorio de las Violencias de G\u00e9nero de la agrupaci\u00f3n feminista \u201cAhora Que S\u00ed Nos Ven\u201d.<\/p>\n\n\n\n<hr class=\"wp-block-separator aligncenter has-alpha-channel-opacity\"\/>\n\n\n\n<p>La <strong>violencia contra las mujeres y LGBTIQ+<\/strong> es una <strong>realidad en toda la Argentina, <\/strong>expres\u00e1ndose de una manera alarmante.\u00a0<\/p>\n\n\n\n<p><\/p>\n\n\n\n<p>El <strong>Observatorio de las Violencias de G\u00e9nero<\/strong> de la agrupaci\u00f3n feminista<strong> \u201cAhora Que S\u00ed Nos Ven\u201d <\/strong>dio a conocer las <strong>cifras de femicidios ocurridos en Argentina entre el 1\u00ba de enero y el 30 de octubre de 2024,<\/strong> sistematizadas a partir del an\u00e1lisis de medios gr\u00e1ficos y digitales de todo el pa\u00eds.<\/p>\n\n\n\n<p><\/p>\n\n\n\n<blockquote class=\"wp-block-quote is-layout-flow wp-block-quote-is-layout-flow\">\n<p>As\u00ed, en diez meses, hubo 207 femicidios y 265 intentos de femicidios directos y vinculados.\u00a0Estas cifras nuevamente reflejan que la problem\u00e1tica no cesa, ya que se produce un crimen por cuestiones de g\u00e9nero cada 35 horas en el pa\u00eds.<\/p>\n<\/blockquote>\n\n\n\n<p><\/p>\n\n\n\n<p class=\"has-medium-font-size\"><strong>Datos destacados<\/strong><\/p>\n\n\n\n<p>\u25aa 14 femicidios durante el mes de octubre<\/p>\n\n\n\n<p>\u25aa 215 menores perdieron a sus madres por femicidios<\/p>\n\n\n\n<p>\u25aa 10 femicidas pertenec\u00edan a fuerzas de seguridad o armadas<\/p>\n\n\n\n<p>\u25aa El 38% de las v\u00edctimas hab\u00eda realizado al menos una denuncia y el 10% ten\u00eda medidas de protecci\u00f3n<\/p>\n\n\n\n<p>\u25aa En el 47% de los casos el agresor fue la pareja de la v\u00edctima, en el 15%&nbsp; la expareja y en el 6% un familiar.<\/p>\n\n\n\n<p>\u25aa El 35,7% de los cr\u00edmenes tuvieron lugar en la vivienda de la v\u00edctima y el 26,1% en la vivienda compartida con el agresor, por lo que el hogar es el escenario de m\u00e1s del 60% de los femicidios.<\/p>\n\n\n\n<p><\/p>\n\n\n\n<blockquote class=\"wp-block-quote is-layout-flow wp-block-quote-is-layout-flow\">\n<p>\u201cMientras en algunos sectores de la sociedad persiste la creencia de que la violencia contra las mujeres es un problema del \u2018\u00e1mbito privado\u2019, los datos indican que las peores formas de la violencia suceden puertas adentro de los hogares\u201d, indicaron desde la agrupaci\u00f3n.<\/p>\n<\/blockquote>\n\n\n\n<p><\/p>\n\n\n\n<p>Asimismo, se\u00f1alaron que <strong>\u201cel Estado es responsable\u201d de estas cifras,<\/strong> e indicaron que <strong>el gobierno de Javier Milei, ante la grave problem\u00e1tica, sigue desmantelando las pol\u00edticas p\u00fablicas de lucha contra la violencia machista.<\/strong><\/p>\n\n\n\n<p><\/p>\n\n\n\n<p class=\"has-medium-font-size\"><strong>Incidencia por provincias<\/strong><\/p>\n\n\n\n<p>La provincia de Buenos Aires cuenta con el Ministerio de Mujeres y Diversidad.\u00a0No es menor destacar que el territorio bonaerense, el m\u00e1s poblado del pa\u00eds, no se encuentra entre los seis distritos con mayor incidencia de casos (se contabilizan cada 100 mil mujeres).\u00a0<\/p>\n\n\n\n<p><\/p>\n\n\n\n<p>El tr\u00e1gico listado est\u00e1 conformado por <strong>Chaco (2,21%), Neuqu\u00e9n (1,36%), Santiago del Estero (1,31%), Jujuy (1,22%) , Santa Cruz (1,19%) y Mendoza (1,16%).<\/strong><\/p>\n\n\n\n<p><\/p>\n\n\n\n<p>Por atenci\u00f3n y asesoramiento en <strong>situaciones de violencia por razones de g\u00e9nero, <\/strong>desde cualquier rinc\u00f3n de la provincia se puede llamar a la <strong>l\u00ednea 144, los 365 d\u00edas del a\u00f1o.<\/strong> En caso de no poder hablar, est\u00e1n habilitados los <strong>mensajes de WhatsApp o Telegram al 221 508 5988.\u00a0<\/strong><\/p>\n\n\n\n<p><\/p>\n\n\n\n<p><em>Fuente: DIB<\/em><\/p>\n\n\n\n<p><\/p>\n","protected":false},"excerpt":{"rendered":"<p>Los datos fueron divulgados por el Observatorio de las Violencias de G\u00e9nero de la agrupaci\u00f3n feminista \u201cAhora Que S\u00ed Nos<\/p>\n","protected":false},"author":6,"featured_media":56418,"comment_status":"closed","ping_status":"closed","sticky":false,"template":"","format":"standard","meta":{"_jetpack_memberships_contains_paid_content":false,"footnotes":""},"categories":[3,1],"tags":[],"class_list":["post-129500","post","type-post","status-publish","format-standard","has-post-thumbnail","hentry","category-genero","category-portada"],"jetpack_featured_media_url":"https:\/\/i0.wp.com\/cdnoticias.com\/wp-content\/uploads\/2022\/06\/niunamenos8.jpg?fit=1599%2C899&ssl=1","jetpack_sharing_enabled":true,"_links":{"self":[{"href":"https:\/\/cdnoticias.com\/index.php\/wp-json\/wp\/v2\/posts\/129500","targetHints":{"allow":["GET"]}}],"collection":[{"href":"https:\/\/cdnoticias.com\/index.php\/wp-json\/wp\/v2\/posts"}],"about":[{"href":"https:\/\/cdnoticias.com\/index.php\/wp-json\/wp\/v2\/types\/post"}],"author":[{"embeddable":true,"href":"https:\/\/cdnoticias.com\/index.php\/wp-json\/wp\/v2\/users\/6"}],"replies":[{"embeddable":true,"href":"https:\/\/cdnoticias.com\/index.php\/wp-json\/wp\/v2\/comments?post=129500"}],"version-history":[{"count":0,"href":"https:\/\/cdnoticias.com\/index.php\/wp-json\/wp\/v2\/posts\/129500\/revisions"}],"wp:featuredmedia":[{"embeddable":true,"href":"https:\/\/cdnoticias.com\/index.php\/wp-json\/wp\/v2\/media\/56418"}],"wp:attachment":[{"href":"https:\/\/cdnoticias.com\/index.php\/wp-json\/wp\/v2\/media?parent=129500"}],"wp:term":[{"taxonomy":"category","embeddable":true,"href":"https:\/\/cdnoticias.com\/index.php\/wp-json\/wp\/v2\/categories?post=129500"},{"taxonomy":"post_tag","embeddable":true,"href":"https:\/\/cdnoticias.com\/index.php\/wp-json\/wp\/v2\/tags?post=129500"}],"curies":[{"name":"wp","href":"https:\/\/api.w.org\/{rel}","templated":true}]}}