{"id":129446,"date":"2024-11-03T14:00:34","date_gmt":"2024-11-03T17:00:34","guid":{"rendered":"https:\/\/cdnoticias.com\/?p=129446"},"modified":"2024-11-03T14:00:36","modified_gmt":"2024-11-03T17:00:36","slug":"se-reactivo-la-mesa-de-cannabis-medicinal-de-olavarria","status":"publish","type":"post","link":"https:\/\/cdnoticias.com\/index.php\/2024\/11\/03\/se-reactivo-la-mesa-de-cannabis-medicinal-de-olavarria\/","title":{"rendered":"Se reactiv\u00f3 la Mesa de Cannabis Medicinal de Olavarr\u00eda"},"content":{"rendered":"\n<p>Fue este viernes en el Concejo Deliberante con el objetivo de avanzar en pol\u00edticas p\u00fablicas que garanticen el derecho a la salud.<\/p>\n\n\n\n<hr class=\"wp-block-separator aligncenter has-alpha-channel-opacity\"\/>\n\n\n\n<p><\/p>\n\n\n\n<p>Este viernes se realiz\u00f3 en el Concejo Deliberante el <strong>primer encuentro de la Mesa Intersectorial de Cannabis Medicinal <\/strong>con el <strong>objetivo de avanzar en pol\u00edticas p\u00fablicas que garanticen el derecho a la salud.<\/strong><\/p>\n\n\n\n<p><\/p>\n\n\n\n<p>El <strong>presidente del HCD, Guillermo Santell\u00e1n,<\/strong> asegur\u00f3: \u201c<strong><em>Esta mesa ser\u00e1 un espacio de encuentro con el objetivo fundamental de realizar un aporte significativo a la mejora de la calidad de vida de los vecinos\u201d<\/em><\/strong>.<\/p>\n\n\n\n<p><\/p>\n\n\n\n<blockquote class=\"wp-block-quote is-layout-flow wp-block-quote-is-layout-flow\">\n<p>\u201cDebemos ser serios y met\u00f3dicos para favorecer un mayor desarrollo del cannabis medicinal, sabiendo que es una tem\u00e1tica que atraviesa lo cultural, lo pol\u00edtico y lo judicial\u201d agreg\u00f3 Santell\u00e1n.<\/p>\n<\/blockquote>\n\n\n\n<p><\/p>\n\n\n\n<figure class=\"wp-block-image aligncenter size-full\"><img data-recalc-dims=\"1\" loading=\"lazy\" decoding=\"async\" width=\"800\" height=\"500\" src=\"https:\/\/i0.wp.com\/cdnoticias.com\/wp-content\/uploads\/2024\/11\/mesa-de-cannabis-reactivacion.jpg?resize=800%2C500&#038;ssl=1\" alt=\"\" class=\"wp-image-129448\" srcset=\"https:\/\/i0.wp.com\/cdnoticias.com\/wp-content\/uploads\/2024\/11\/mesa-de-cannabis-reactivacion.jpg?w=900&amp;ssl=1 900w, https:\/\/i0.wp.com\/cdnoticias.com\/wp-content\/uploads\/2024\/11\/mesa-de-cannabis-reactivacion.jpg?resize=300%2C187&amp;ssl=1 300w, https:\/\/i0.wp.com\/cdnoticias.com\/wp-content\/uploads\/2024\/11\/mesa-de-cannabis-reactivacion.jpg?resize=768%2C480&amp;ssl=1 768w\" sizes=\"auto, (max-width: 800px) 100vw, 800px\" \/><\/figure>\n\n\n\n<p><\/p>\n\n\n\n<p>De la mesa participaron <strong>concejales de distintos bloques, <\/strong>el doctor en qu\u00edmica y director del grupo &#8220;Universidad y Cannabis&#8221; de la UNICEN, <strong>Gast\u00f3n Barreto,<\/strong> el m\u00e9dico especializado en endocannabinolog\u00eda\u00a0 <strong>Dr. Enrique Bintana,<\/strong> la presidenta del Colegio de Farmac\u00e9uticos de Olavarr\u00eda, <strong>Celeste Fern\u00e1ndez Chaves,<\/strong> la veterinaria <strong>Luciana Labat y cultivadores.<\/strong><\/p>\n\n\n\n<p><\/p>\n\n\n\n<figure class=\"wp-block-image aligncenter size-full\"><img data-recalc-dims=\"1\" loading=\"lazy\" decoding=\"async\" width=\"800\" height=\"435\" src=\"https:\/\/i0.wp.com\/cdnoticias.com\/wp-content\/uploads\/2024\/11\/mesa-de-cannabis-reactivacion2.jpg?resize=800%2C435&#038;ssl=1\" alt=\"\" class=\"wp-image-129450\" srcset=\"https:\/\/i0.wp.com\/cdnoticias.com\/wp-content\/uploads\/2024\/11\/mesa-de-cannabis-reactivacion2.jpg?w=900&amp;ssl=1 900w, https:\/\/i0.wp.com\/cdnoticias.com\/wp-content\/uploads\/2024\/11\/mesa-de-cannabis-reactivacion2.jpg?resize=300%2C163&amp;ssl=1 300w, https:\/\/i0.wp.com\/cdnoticias.com\/wp-content\/uploads\/2024\/11\/mesa-de-cannabis-reactivacion2.jpg?resize=768%2C417&amp;ssl=1 768w\" sizes=\"auto, (max-width: 800px) 100vw, 800px\" \/><\/figure>\n\n\n\n<p><\/p>\n\n\n\n<p>El concejal y presidente de la Comisi\u00f3n de Salud, <strong>Agust\u00edn Romero,<\/strong> destac\u00f3: <strong>\u201cOlavarr\u00eda tiene muchas condiciones para avanzar en pol\u00edticas p\u00fablicas en torno al cannabis medicinal porque cuenta con infraestructura y recursos humanos formados\u201d.<\/strong><\/p>\n\n\n\n<p><\/p>\n\n\n\n<blockquote class=\"wp-block-quote is-layout-flow wp-block-quote-is-layout-flow\">\n<p>Por su parte, Barreto expres\u00f3: \u201cNuestro motor principal sigue siendo la necesidad insatisfecha de gran parte de la poblaci\u00f3n al cannabis como opci\u00f3n terap\u00e9utica para mejorar su calidad de vida. Hay un gran sector que todav\u00eda no accede a esta alternativa\u201d.<\/p>\n<\/blockquote>\n\n\n\n<p><\/p>\n\n\n\n<figure class=\"wp-block-image aligncenter size-full\"><img data-recalc-dims=\"1\" loading=\"lazy\" decoding=\"async\" width=\"800\" height=\"483\" src=\"https:\/\/i0.wp.com\/cdnoticias.com\/wp-content\/uploads\/2024\/11\/mesa-de-cannabis-reactivacion1.jpg?resize=800%2C483&#038;ssl=1\" alt=\"\" class=\"wp-image-129449\" srcset=\"https:\/\/i0.wp.com\/cdnoticias.com\/wp-content\/uploads\/2024\/11\/mesa-de-cannabis-reactivacion1.jpg?w=900&amp;ssl=1 900w, https:\/\/i0.wp.com\/cdnoticias.com\/wp-content\/uploads\/2024\/11\/mesa-de-cannabis-reactivacion1.jpg?resize=300%2C181&amp;ssl=1 300w, https:\/\/i0.wp.com\/cdnoticias.com\/wp-content\/uploads\/2024\/11\/mesa-de-cannabis-reactivacion1.jpg?resize=768%2C463&amp;ssl=1 768w\" sizes=\"auto, (max-width: 800px) 100vw, 800px\" \/><\/figure>\n\n\n\n<p><\/p>\n\n\n\n<p>En tanto, Bintana cont\u00f3 su experiencia cl\u00ednica desarrollada durante los \u00faltimos a\u00f1os y las <strong>ventajas del cannabis medicinal <\/strong>para el<strong> tratamiento del dolor en pacientes &#8220;polimedicados&#8221;.<\/strong><\/p>\n\n\n\n<p><\/p>\n\n\n\n<p>Cabe recordar que desde septiembre y hasta fin de a\u00f1o, el \u00e1rea de Salud del Municipio de Olavarr\u00eda viene realizando junto al grupo de investigaci\u00f3n en cannabis de la Facultad de Ingenier\u00eda y la Facultad de Ciencias de la Salud de UNICEN <strong>jornadas de capacitaci\u00f3n sobre los usos medicinales, terap\u00e9uticos y paliativos de la planta de cannabis.<\/strong><\/p>\n\n\n\n<p><\/p>\n","protected":false},"excerpt":{"rendered":"<p>Fue este viernes en el Concejo Deliberante con el objetivo de avanzar en pol\u00edticas p\u00fablicas que garanticen el derecho a<\/p>\n","protected":false},"author":6,"featured_media":129451,"comment_status":"closed","ping_status":"closed","sticky":false,"template":"","format":"standard","meta":{"_jetpack_memberships_contains_paid_content":false,"footnotes":""},"categories":[5,1],"tags":[],"class_list":["post-129446","post","type-post","status-publish","format-standard","has-post-thumbnail","hentry","category-informacion-general","category-portada"],"jetpack_featured_media_url":"https:\/\/i0.wp.com\/cdnoticias.com\/wp-content\/uploads\/2024\/11\/mesa-de-cannabis-reactivacion3.jpg?fit=900%2C530&ssl=1","jetpack_sharing_enabled":true,"_links":{"self":[{"href":"https:\/\/cdnoticias.com\/index.php\/wp-json\/wp\/v2\/posts\/129446","targetHints":{"allow":["GET"]}}],"collection":[{"href":"https:\/\/cdnoticias.com\/index.php\/wp-json\/wp\/v2\/posts"}],"about":[{"href":"https:\/\/cdnoticias.com\/index.php\/wp-json\/wp\/v2\/types\/post"}],"author":[{"embeddable":true,"href":"https:\/\/cdnoticias.com\/index.php\/wp-json\/wp\/v2\/users\/6"}],"replies":[{"embeddable":true,"href":"https:\/\/cdnoticias.com\/index.php\/wp-json\/wp\/v2\/comments?post=129446"}],"version-history":[{"count":0,"href":"https:\/\/cdnoticias.com\/index.php\/wp-json\/wp\/v2\/posts\/129446\/revisions"}],"wp:featuredmedia":[{"embeddable":true,"href":"https:\/\/cdnoticias.com\/index.php\/wp-json\/wp\/v2\/media\/129451"}],"wp:attachment":[{"href":"https:\/\/cdnoticias.com\/index.php\/wp-json\/wp\/v2\/media?parent=129446"}],"wp:term":[{"taxonomy":"category","embeddable":true,"href":"https:\/\/cdnoticias.com\/index.php\/wp-json\/wp\/v2\/categories?post=129446"},{"taxonomy":"post_tag","embeddable":true,"href":"https:\/\/cdnoticias.com\/index.php\/wp-json\/wp\/v2\/tags?post=129446"}],"curies":[{"name":"wp","href":"https:\/\/api.w.org\/{rel}","templated":true}]}}