{"id":129426,"date":"2024-11-08T08:13:42","date_gmt":"2024-11-08T11:13:42","guid":{"rendered":"https:\/\/cdnoticias.com\/?p=129426"},"modified":"2024-11-08T08:17:42","modified_gmt":"2024-11-08T11:17:42","slug":"cafe-concert-lalta-gama-en-la-alianza-francesa","status":"publish","type":"post","link":"https:\/\/cdnoticias.com\/index.php\/2024\/11\/08\/cafe-concert-lalta-gama-en-la-alianza-francesa\/","title":{"rendered":"Caf\u00e9 Concert \u201cL&#8217;Alta Gama\u201d en la Alianza Francesa"},"content":{"rendered":"<p>Este s\u00e1bado sigue la fiesta de los 10 a\u00f1os del grupo art\u00edstico.<!--more--><\/p>\n<hr \/>\n<p><strong>Caf\u00e9 Concert \u201cL&#8217;Alta Gama\u201d<\/strong> volver\u00e1 el pr\u00f3ximo <strong>s\u00e1bado desde las 21 en la Alianza Francesa<\/strong>.<\/p>\n<p><em>\u201cSi ya lo viste, recomendalo. Si no fuiste a la primera funci\u00f3n, no te pierdas esta nueva oportunidad de verlo.<\/em> Repetimos funci\u00f3n y seguimos celebrando los diez a\u00f1os del grupo\u201d destacaron los artistas: <strong>Andrea Rodr\u00edguez, D\u00e9bora Silva, Lucy Iguerategui, Enrique Martorano, Eduardo Bermejo y Julio Ben\u00edtez.<\/strong><\/p>\n<p>La idea es compartir <strong>el humor en tiempo dif\u00edciles.<\/strong><\/p>\n<p>Entrada general: $3500, soci@s $3000. Como siempre, servicio de cantina. Reservas al 15583744.<\/p>\n<blockquote class=\"wp-embedded-content\" data-secret=\"P0t5dlR0hE\"><p><a href=\"https:\/\/cdnoticias.com\/index.php\/2024\/10\/06\/cafe-concert-el-humor-como-espejo\/\">Caf\u00e9 Concert: el humor como espejo<\/a><\/p><\/blockquote>\n<p><iframe loading=\"lazy\" class=\"wp-embedded-content\" sandbox=\"allow-scripts\" security=\"restricted\" style=\"position: absolute; visibility: hidden;\" title=\"&#8220;Caf\u00e9 Concert: el humor como espejo&#8221; &#8212; Central de Noticias | Olavarr\u00eda\" src=\"https:\/\/cdnoticias.com\/index.php\/2024\/10\/06\/cafe-concert-el-humor-como-espejo\/embed\/#?secret=ZfmKIkODgG#?secret=P0t5dlR0hE\" data-secret=\"P0t5dlR0hE\" width=\"600\" height=\"338\" frameborder=\"0\" marginwidth=\"0\" marginheight=\"0\" scrolling=\"no\"><\/iframe><\/p>\n","protected":false},"excerpt":{"rendered":"<p>Este s\u00e1bado sigue la fiesta de los 10 a\u00f1os del grupo art\u00edstico.<\/p>\n","protected":false},"author":4,"featured_media":127280,"comment_status":"closed","ping_status":"closed","sticky":false,"template":"","format":"standard","meta":{"_jetpack_memberships_contains_paid_content":false,"footnotes":""},"categories":[9,1],"tags":[],"class_list":["post-129426","post","type-post","status-publish","format-standard","has-post-thumbnail","hentry","category-cultura","category-portada"],"jetpack_featured_media_url":"https:\/\/i0.wp.com\/cdnoticias.com\/wp-content\/uploads\/2024\/10\/laltagama-teatro-02.jpg?fit=800%2C445&ssl=1","jetpack_sharing_enabled":true,"_links":{"self":[{"href":"https:\/\/cdnoticias.com\/index.php\/wp-json\/wp\/v2\/posts\/129426","targetHints":{"allow":["GET"]}}],"collection":[{"href":"https:\/\/cdnoticias.com\/index.php\/wp-json\/wp\/v2\/posts"}],"about":[{"href":"https:\/\/cdnoticias.com\/index.php\/wp-json\/wp\/v2\/types\/post"}],"author":[{"embeddable":true,"href":"https:\/\/cdnoticias.com\/index.php\/wp-json\/wp\/v2\/users\/4"}],"replies":[{"embeddable":true,"href":"https:\/\/cdnoticias.com\/index.php\/wp-json\/wp\/v2\/comments?post=129426"}],"version-history":[{"count":0,"href":"https:\/\/cdnoticias.com\/index.php\/wp-json\/wp\/v2\/posts\/129426\/revisions"}],"wp:featuredmedia":[{"embeddable":true,"href":"https:\/\/cdnoticias.com\/index.php\/wp-json\/wp\/v2\/media\/127280"}],"wp:attachment":[{"href":"https:\/\/cdnoticias.com\/index.php\/wp-json\/wp\/v2\/media?parent=129426"}],"wp:term":[{"taxonomy":"category","embeddable":true,"href":"https:\/\/cdnoticias.com\/index.php\/wp-json\/wp\/v2\/categories?post=129426"},{"taxonomy":"post_tag","embeddable":true,"href":"https:\/\/cdnoticias.com\/index.php\/wp-json\/wp\/v2\/tags?post=129426"}],"curies":[{"name":"wp","href":"https:\/\/api.w.org\/{rel}","templated":true}]}}