{"id":129413,"date":"2024-11-02T11:36:52","date_gmt":"2024-11-02T14:36:52","guid":{"rendered":"https:\/\/cdnoticias.com\/?p=129413"},"modified":"2024-11-02T14:17:51","modified_gmt":"2024-11-02T17:17:51","slug":"juegos-bonaerenses-12o-lugar-en-la-clasificacion-general-para-olavarria","status":"publish","type":"post","link":"https:\/\/cdnoticias.com\/index.php\/2024\/11\/02\/juegos-bonaerenses-12o-lugar-en-la-clasificacion-general-para-olavarria\/","title":{"rendered":"Juegos Bonaerenses: 12\u00ba lugar en la clasificaci\u00f3n general para Olavarr\u00eda"},"content":{"rendered":"<p>Los representantes locales sumaron 16 medallas: 5 de oro, 6 de plata y 5 de bronce. La actividad sigue este s\u00e1bado en Mar del Plata. El deportista de Tiro Federal, protagonista de una historia in\u00e9dita.<!--more--><\/p>\n<hr \/>\n<p>La<strong> Delegaci\u00f3n de Olavarr\u00eda que compiti\u00f3 en Mar del Plata<\/strong> en la <strong>instancia final de los Juegos Bonaerenses<\/strong> protagoniz\u00f3 otra destacada actuaci\u00f3n este viernes, al punto de cosechar <strong>16 medallas.<\/strong><\/p>\n<blockquote><p>De ellas, 5 fueron de oro lo que permiti\u00f3 seguir subiendo en la clasificaci\u00f3n general: Olavarr\u00eda se ubic\u00f3 entre los 12 mejores municipios de la Provincia. Vale destacar que la actividad seguir\u00e1 este s\u00e1bado, siempre y cuando las condiciones clim\u00e1ticas lo permitan, por lo que podr\u00edan darse m\u00e1s consagraciones.<\/p><\/blockquote>\n<p>Uno de los <strong>momentos m\u00e1s emotivos<\/strong> pero tambi\u00e9n con <strong>ribetes hist\u00f3ricos<\/strong> se vivi\u00f3 en el <strong>Tiro Federal, con la actuaci\u00f3n de Feliciano Casiraghi<\/strong>, quien no solo dio muestra de su talento y temple, sino tambi\u00e9n de amistad y empat\u00eda. Al cierre de las ruedas de competencia <strong>el representante de Olavarr\u00eda estaba igualado en todos los \u00edtems posibles con el tirador de Berisso, algo in\u00e9dito<\/strong> en la historia de la competencia. Fue tal el empate que no qued\u00f3 otra que<strong> resolver la definici\u00f3n mediante un shot off,<\/strong> es decir un tiro por lado hasta tener un ganador, y all\u00ed fue donde<strong> se impuso el joven que representa al Tiro Federal de Olavarr\u00eda<\/strong>. No obstante,<em> ambos previamente ya hab\u00edan manifestado su deseo de compartir la consagraci\u00f3n y medalla de oro, algo que fue acompa\u00f1ado y reconocido desde la organizaci\u00f3n.<\/em><\/p>\n<p><img data-recalc-dims=\"1\" loading=\"lazy\" decoding=\"async\" class=\"size-full wp-image-129415 aligncenter\" src=\"https:\/\/i0.wp.com\/cdnoticias.com\/wp-content\/uploads\/2024\/11\/bonaerenses-mar-del-plata-01.jpg?resize=800%2C445&#038;ssl=1\" alt=\"\" width=\"800\" height=\"445\" srcset=\"https:\/\/i0.wp.com\/cdnoticias.com\/wp-content\/uploads\/2024\/11\/bonaerenses-mar-del-plata-01.jpg?w=1000&amp;ssl=1 1000w, https:\/\/i0.wp.com\/cdnoticias.com\/wp-content\/uploads\/2024\/11\/bonaerenses-mar-del-plata-01.jpg?resize=300%2C167&amp;ssl=1 300w, https:\/\/i0.wp.com\/cdnoticias.com\/wp-content\/uploads\/2024\/11\/bonaerenses-mar-del-plata-01.jpg?resize=768%2C427&amp;ssl=1 768w, https:\/\/i0.wp.com\/cdnoticias.com\/wp-content\/uploads\/2024\/11\/bonaerenses-mar-del-plata-01.jpg?resize=800%2C445&amp;ssl=1 800w\" sizes=\"auto, (max-width: 800px) 100vw, 800px\" \/><\/p>\n<p>Otro de los momentos de la jornada fue de la mano del <strong>f\u00fatbol 11 Sub14, con el selectivo de Olavarr\u00eda, que venci\u00f3 en la final por 2 a 1 a La Matanza<\/strong>, en un disputado partido que cont\u00f3 con la presencia de decenas de olavarrienses que viajaron a la feliz para no perderse el partido.<\/p>\n<p>Tambi\u00e9n hist\u00f3rico es lo obtenido por <strong>las chicas del f\u00fatbol tenis Sub18<\/strong>, quienes lograron su <strong>tercera consagraci\u00f3n al hilo en los Juegos Bonaerenses<\/strong>. Se trata de <strong>Luz Attad\u00eda y Jazm\u00edn Vailatti<\/strong>.<\/p>\n<p>La actuaci\u00f3n de las<strong> chicas del hockey Sub14 de Estudiantes<\/strong> tambi\u00e9n fue merecedora del oro. En la final <strong>vencieron a Lomas por 3 a 1<\/strong>, en un cotejo sumamente disputado que se defini\u00f3 reci\u00e9n al cierre del partido.<\/p>\n<p>Por \u00faltimo, en lo que a medallas de oro refiere, fue el turno de<strong> Valentina Batista, jugadora de tenis de El Fort\u00edn que represent\u00f3 a Olavarr\u00eda en la categor\u00eda Sub18<\/strong>. La final tambi\u00e9n tuvo todos los condimentos y una resoluci\u00f3n que se extendi\u00f3 hasta el super tie break, en el que se impuso por 16 a 14.<\/p>\n<p><img data-recalc-dims=\"1\" loading=\"lazy\" decoding=\"async\" class=\"size-full wp-image-129416 aligncenter\" src=\"https:\/\/i0.wp.com\/cdnoticias.com\/wp-content\/uploads\/2024\/11\/bonaerenses-mar-del-plata-02.jpg?resize=800%2C445&#038;ssl=1\" alt=\"\" width=\"800\" height=\"445\" srcset=\"https:\/\/i0.wp.com\/cdnoticias.com\/wp-content\/uploads\/2024\/11\/bonaerenses-mar-del-plata-02.jpg?w=1000&amp;ssl=1 1000w, https:\/\/i0.wp.com\/cdnoticias.com\/wp-content\/uploads\/2024\/11\/bonaerenses-mar-del-plata-02.jpg?resize=300%2C167&amp;ssl=1 300w, https:\/\/i0.wp.com\/cdnoticias.com\/wp-content\/uploads\/2024\/11\/bonaerenses-mar-del-plata-02.jpg?resize=768%2C427&amp;ssl=1 768w, https:\/\/i0.wp.com\/cdnoticias.com\/wp-content\/uploads\/2024\/11\/bonaerenses-mar-del-plata-02.jpg?resize=800%2C445&amp;ssl=1 800w\" sizes=\"auto, (max-width: 800px) 100vw, 800px\" \/><\/p>\n<h3>M\u00e1s ganadores<\/h3>\n<p><strong>Olavarr\u00eda tambi\u00e9n logr\u00f3 6 medallas de plata<\/strong> en finales sumamente emotivas y disputadas. Uno de esos casos fue el de la <strong>pareja de Tejo integrada por Paula Calder\u00f3n y Marta Abraham<\/strong>, que cay\u00f3 por 15 a 13 ante Pehuaj\u00f3. Siguiendo con disciplinas reservadas para personas adultas, <strong>en Taba fue destacado tambi\u00e9n lo hecho por Jos\u00e9 Luis Lurbet<\/strong>, quien se subi\u00f3 al segundo lugar del podio en un re\u00f1ido cierre de la competencia.<\/p>\n<p>En <strong>f\u00fatbol tenis masculino<\/strong> se obtuvo tambi\u00e9n medalla de plata gracias a lo hecho por<strong> Nehemias Loza y Bautista Garc\u00eda<\/strong>. De la misma forma fue segundo puesto para<strong> Juana Martinesfky<\/strong>, quien protagoniz\u00f3 la<strong> final de 100 metros Sub18, en atletismo<\/strong>.<\/p>\n<p>El <strong>hockey<\/strong> tambi\u00e9n protagoniz\u00f3 la final en <strong>Sub16<\/strong>, donde cay\u00f3 por 5-4. Por \u00faltimo, <strong>en la parte cultural de la competencia, Joaqu\u00edn De la Iglesia<\/strong> se qued\u00f3 con la medalla de plata en <strong>Fotograf\u00eda para personas con discapacidad<\/strong>.<\/p>\n<p><img data-recalc-dims=\"1\" loading=\"lazy\" decoding=\"async\" class=\"size-full wp-image-129417 aligncenter\" src=\"https:\/\/i0.wp.com\/cdnoticias.com\/wp-content\/uploads\/2024\/11\/bonaerenses-mar-del-plata-03.jpg?resize=800%2C445&#038;ssl=1\" alt=\"\" width=\"800\" height=\"445\" srcset=\"https:\/\/i0.wp.com\/cdnoticias.com\/wp-content\/uploads\/2024\/11\/bonaerenses-mar-del-plata-03.jpg?w=1000&amp;ssl=1 1000w, https:\/\/i0.wp.com\/cdnoticias.com\/wp-content\/uploads\/2024\/11\/bonaerenses-mar-del-plata-03.jpg?resize=300%2C167&amp;ssl=1 300w, https:\/\/i0.wp.com\/cdnoticias.com\/wp-content\/uploads\/2024\/11\/bonaerenses-mar-del-plata-03.jpg?resize=768%2C427&amp;ssl=1 768w, https:\/\/i0.wp.com\/cdnoticias.com\/wp-content\/uploads\/2024\/11\/bonaerenses-mar-del-plata-03.jpg?resize=800%2C445&amp;ssl=1 800w\" sizes=\"auto, (max-width: 800px) 100vw, 800px\" \/><\/p>\n<p>En lo que a medallas refiere, el saldo de la jornada dej\u00f3 tambi\u00e9n <strong>el bronce logrado por Alfredo Ardiles<\/strong> en 1500 metros Sub18. En futbol se lograron otros dos 3\u00ba puestos. Uno fue para el<strong> equipo de Municipales en Sub14 Femenino<\/strong> y el restante para el<strong> equipo de la Escuela Secundaria 20 en en Sub16<\/strong>.<\/p>\n<p>Las restantes provinieron de disciplinas para personas adultas. Se trat\u00f3 de <strong>Marta Da Silva en Tenis de Mesa <\/strong>y <strong>Adriana S\u00e1enz Buruaga y Alejandra Mateucci en Bochas.<\/strong><\/p>\n<h3>Sigue la actividad<\/h3>\n<p>Este s\u00e1bado, siempre y cuando las condiciones clim\u00e1ticas lo permitan, seguir\u00e1 competencia con presencia olavarriense. Se trata, por un lado, del <strong>b\u00e1squet de C\u00e1neva, que jugar\u00e1 la final Sub15<\/strong>, mientras que las<strong> chicas del voley Sub15 de Estudiantes<\/strong> jugar\u00e1n para subir al \u00faltimo escal\u00f3n del podio.<\/p>\n<p>Por \u00faltimo, tambi\u00e9n est\u00e1 pautada la realizaci\u00f3n de <strong>Bonaerenses en Carrera, la prueba pedestre de 10 kil\u00f3metros<\/strong> de la que participan todos los municipios de la provincia.<\/p>\n<p><img data-recalc-dims=\"1\" loading=\"lazy\" decoding=\"async\" class=\"size-full wp-image-129418 aligncenter\" src=\"https:\/\/i0.wp.com\/cdnoticias.com\/wp-content\/uploads\/2024\/11\/bonaerenses-mar-del-plata-04.jpg?resize=800%2C445&#038;ssl=1\" alt=\"\" width=\"800\" height=\"445\" srcset=\"https:\/\/i0.wp.com\/cdnoticias.com\/wp-content\/uploads\/2024\/11\/bonaerenses-mar-del-plata-04.jpg?w=1000&amp;ssl=1 1000w, https:\/\/i0.wp.com\/cdnoticias.com\/wp-content\/uploads\/2024\/11\/bonaerenses-mar-del-plata-04.jpg?resize=300%2C167&amp;ssl=1 300w, https:\/\/i0.wp.com\/cdnoticias.com\/wp-content\/uploads\/2024\/11\/bonaerenses-mar-del-plata-04.jpg?resize=768%2C427&amp;ssl=1 768w, https:\/\/i0.wp.com\/cdnoticias.com\/wp-content\/uploads\/2024\/11\/bonaerenses-mar-del-plata-04.jpg?resize=800%2C445&amp;ssl=1 800w\" sizes=\"auto, (max-width: 800px) 100vw, 800px\" \/><\/p>\n<h3>Resultados<\/h3>\n<p>Los representantes locales en <strong>p\u00e1del masculino<\/strong> quedaron al borde de la medalla, pero igualmente fueron merecedores de un diploma de reconocimiento al ubicarse en la cuarta posici\u00f3n. Lo mismo sucedi\u00f3 en <strong>Pentatl\u00f3n, con Ra\u00fal Rinc\u00f3n y Jorge P\u00e9rez<\/strong>, disciplina para personas adultas que se llev\u00f3 a cabo \u00edntegramente y durante varias jornadas en el Centro de Educaci\u00f3n F\u00edsica N.\u00ba 1.<\/p>\n<p>En <strong>Gimnasia Art\u00edstica Femenina Sub15 \u2013 Nivel 2 Vida Boa<\/strong> qued\u00f3 en el 10\u00b0 lugar.<\/p>\n<p>Retornando a personas adultas, el<strong> Tejo masculino<\/strong> qued\u00f3 segundo en la zona y no le alcanz\u00f3 para clasificar, mientras que en <strong>Orientaci\u00f3n Javier Bulant y Raul Amescua<\/strong> se ubicaron sextos.<\/p>\n<p>Por \u00faltimo, en<strong> nataci\u00f3n y atletismo<\/strong> se registraron los siguientes resultados:<\/p>\n<ul>\n<li><strong>Nataci\u00f3n<\/strong><\/li>\n<\/ul>\n<p>En Sub14:<\/p>\n<p>* Francisco Arroqui, 4\u00ba en 50 metros libres<\/p>\n<p>*Agustin Latorre 4\u00ba en 100 espalda<\/p>\n<p>*Milena Graf 6\u00ba en 100 pecho<\/p>\n<p>En Sub 18<\/p>\n<p>*Bruno Lara 8\u00b0 en 100 espalda<\/p>\n<p><img data-recalc-dims=\"1\" loading=\"lazy\" decoding=\"async\" class=\"size-full wp-image-129419 aligncenter\" src=\"https:\/\/i0.wp.com\/cdnoticias.com\/wp-content\/uploads\/2024\/11\/bonaerenses-mar-del-plata-05.jpg?resize=800%2C450&#038;ssl=1\" alt=\"\" width=\"800\" height=\"450\" srcset=\"https:\/\/i0.wp.com\/cdnoticias.com\/wp-content\/uploads\/2024\/11\/bonaerenses-mar-del-plata-05.jpg?w=1000&amp;ssl=1 1000w, https:\/\/i0.wp.com\/cdnoticias.com\/wp-content\/uploads\/2024\/11\/bonaerenses-mar-del-plata-05.jpg?resize=300%2C169&amp;ssl=1 300w, https:\/\/i0.wp.com\/cdnoticias.com\/wp-content\/uploads\/2024\/11\/bonaerenses-mar-del-plata-05.jpg?resize=768%2C432&amp;ssl=1 768w\" sizes=\"auto, (max-width: 800px) 100vw, 800px\" \/><\/p>\n<ul>\n<li><strong>En atletismo<\/strong><\/li>\n<\/ul>\n<p>1200 metros masculino Bruno Pezet Paz 5\u00ba en la final<\/p>\n<p>1200 metros femenino Valentina Mart\u00edn 10\u00ba en la final<\/p>\n<p>800 metros masculino Nicol\u00e1s Pezet Paz 7\u00ba en la final<\/p>\n<p>800 metros femenino Luna Rivas 6\u00ba en la serie<\/p>\n<p>2000 metros femenino Jimena Ingliso 11\u00ba en la final<\/p>\n<p>Lanzamiento de bala masculino Bautista Balistrere 16\u00ba en la final<\/p>\n<p>100 metros con vallas femenino Francesca Bolognani 4\u00ba en la final<\/p>\n<p>110 metros con vallas masculina Agust\u00edn Bustos 7\u00ba en la final<\/p>\n<p>100 metros masculino Emiliano D\u00edaz Henderson 4\u00ba en la final<\/p>\n<p>400 metros I\u00f1aki Arguindegui 5\u00ba en la final<\/p>\n<p>Posta Mixta 5\u00d780 6\u00ba en la final<\/p>\n<p>Posta Mixta 4\u00d7100 7\u00ba en la final<\/p>\n<p>Posta Escolar 5\u00d780 5\u00ba en la serie<\/p>\n<p>80 metros Escolar Femenino Victoria Victorero 4\u00ba en la serie<\/p>\n<p>80 metros Escolar Masculino Lucas Cardoso 4\u00ba en la serie<\/p>\n<p>1200 metros Escolar Franco Ducca 7\u00ba en la final<\/p>\n<p>Lanzamiento de Bala Escolar Jerem\u00edas Bahl 12\u00ba en la final<\/p>\n<p><img data-recalc-dims=\"1\" loading=\"lazy\" decoding=\"async\" class=\"size-full wp-image-129420 aligncenter\" src=\"https:\/\/i0.wp.com\/cdnoticias.com\/wp-content\/uploads\/2024\/11\/bonaerenses-mar-del-plata-06.jpg?resize=800%2C445&#038;ssl=1\" alt=\"\" width=\"800\" height=\"445\" srcset=\"https:\/\/i0.wp.com\/cdnoticias.com\/wp-content\/uploads\/2024\/11\/bonaerenses-mar-del-plata-06.jpg?w=1000&amp;ssl=1 1000w, https:\/\/i0.wp.com\/cdnoticias.com\/wp-content\/uploads\/2024\/11\/bonaerenses-mar-del-plata-06.jpg?resize=300%2C167&amp;ssl=1 300w, https:\/\/i0.wp.com\/cdnoticias.com\/wp-content\/uploads\/2024\/11\/bonaerenses-mar-del-plata-06.jpg?resize=768%2C427&amp;ssl=1 768w, https:\/\/i0.wp.com\/cdnoticias.com\/wp-content\/uploads\/2024\/11\/bonaerenses-mar-del-plata-06.jpg?resize=800%2C445&amp;ssl=1 800w\" sizes=\"auto, (max-width: 800px) 100vw, 800px\" \/><\/p>\n<h3>Regreso a casa<\/h3>\n<p>En el inicio de la tarde de este viernes regres\u00f3 a Olavarr\u00eda parte de la delegaci\u00f3n, que fue recibida por una multitud en la plaza Coronel Olavarr\u00eda.<\/p>\n<p>Para este s\u00e1bado est\u00e1 pautado el retorno de otros dos micros, que saldr\u00e1n de la ciudad balnearia a las 9:30 horas. El arribo se dar\u00e1 alrededor de las 14:30 horas, en la Terminal de \u00d3mnibus.<\/p>\n<p>Las disciplinas que viajar\u00e1n en esos colectivos son F\u00fatbol, Hockey, Cultura, Nataci\u00f3n y Tenis.<\/p>\n","protected":false},"excerpt":{"rendered":"<p>Los representantes locales sumaron 16 medallas: 5 de oro, 6 de plata y 5 de bronce. La actividad sigue este<\/p>\n","protected":false},"author":4,"featured_media":129414,"comment_status":"closed","ping_status":"closed","sticky":false,"template":"","format":"standard","meta":{"_jetpack_memberships_contains_paid_content":false,"footnotes":""},"categories":[5,1],"tags":[],"class_list":["post-129413","post","type-post","status-publish","format-standard","has-post-thumbnail","hentry","category-informacion-general","category-portada"],"jetpack_featured_media_url":"https:\/\/i0.wp.com\/cdnoticias.com\/wp-content\/uploads\/2024\/11\/bonaerenses-mar-del-plata-00.jpg?fit=1000%2C556&ssl=1","jetpack_sharing_enabled":true,"_links":{"self":[{"href":"https:\/\/cdnoticias.com\/index.php\/wp-json\/wp\/v2\/posts\/129413","targetHints":{"allow":["GET"]}}],"collection":[{"href":"https:\/\/cdnoticias.com\/index.php\/wp-json\/wp\/v2\/posts"}],"about":[{"href":"https:\/\/cdnoticias.com\/index.php\/wp-json\/wp\/v2\/types\/post"}],"author":[{"embeddable":true,"href":"https:\/\/cdnoticias.com\/index.php\/wp-json\/wp\/v2\/users\/4"}],"replies":[{"embeddable":true,"href":"https:\/\/cdnoticias.com\/index.php\/wp-json\/wp\/v2\/comments?post=129413"}],"version-history":[{"count":0,"href":"https:\/\/cdnoticias.com\/index.php\/wp-json\/wp\/v2\/posts\/129413\/revisions"}],"wp:featuredmedia":[{"embeddable":true,"href":"https:\/\/cdnoticias.com\/index.php\/wp-json\/wp\/v2\/media\/129414"}],"wp:attachment":[{"href":"https:\/\/cdnoticias.com\/index.php\/wp-json\/wp\/v2\/media?parent=129413"}],"wp:term":[{"taxonomy":"category","embeddable":true,"href":"https:\/\/cdnoticias.com\/index.php\/wp-json\/wp\/v2\/categories?post=129413"},{"taxonomy":"post_tag","embeddable":true,"href":"https:\/\/cdnoticias.com\/index.php\/wp-json\/wp\/v2\/tags?post=129413"}],"curies":[{"name":"wp","href":"https:\/\/api.w.org\/{rel}","templated":true}]}}