{"id":129384,"date":"2024-11-01T19:18:43","date_gmt":"2024-11-01T22:18:43","guid":{"rendered":"https:\/\/cdnoticias.com\/?p=129384"},"modified":"2024-11-02T09:49:54","modified_gmt":"2024-11-02T12:49:54","slug":"aprehendieron-a-un-joven-por-venta-de-estupefacientes-tras-un-allanamiento","status":"publish","type":"post","link":"https:\/\/cdnoticias.com\/index.php\/2024\/11\/01\/aprehendieron-a-un-joven-por-venta-de-estupefacientes-tras-un-allanamiento\/","title":{"rendered":"Aprehendieron a un joven por venta de estupefacientes tras un allanamiento"},"content":{"rendered":"\n<p>El procedimiento se realiz\u00f3 en 9 de julio al 5900. Ten\u00eda coca\u00edna y marihuana. Tambi\u00e9n secuestraron tres tel\u00e9fonos celulares.<\/p>\n\n\n\n<hr class=\"wp-block-separator aligncenter has-alpha-channel-opacity\"\/>\n\n\n\n<p>En las \u00faltimas horas, <strong>personal de Polic\u00eda Federal delegaci\u00f3n Olavarr\u00eda aprehendi\u00f3 a un joven de 22 a\u00f1os tras un allanamiento donde encontraron coca\u00edna y marihuana.<\/strong><\/p>\n\n\n\n<p>Seg\u00fan se inform\u00f3 oficialmente,<strong> el procedimiento fue solicitado por el doctor Lucas Moyano, a cargo de la UFI N\u00b019 y quien instruye la causa por comercializaci\u00f3n de estupefacientes. <\/strong>Solicit\u00f3 un allanamiento que fue autorizado por el Juzgado de Garant\u00edas N\u00ba 1 a cargo del doctor Villamar\u00edn.<\/p>\n\n\n\n<figure class=\"wp-block-image size-large\"><img data-recalc-dims=\"1\" loading=\"lazy\" decoding=\"async\" width=\"800\" height=\"487\" src=\"https:\/\/i0.wp.com\/cdnoticias.com\/wp-content\/uploads\/2024\/11\/WhatsApp-Image-2024-11-01-at-18.03.13.jpeg?resize=800%2C487&#038;ssl=1\" alt=\"\" class=\"wp-image-129387\" srcset=\"https:\/\/i0.wp.com\/cdnoticias.com\/wp-content\/uploads\/2024\/11\/WhatsApp-Image-2024-11-01-at-18.03.13-rotated.jpeg?resize=1024%2C623&amp;ssl=1 1024w, https:\/\/i0.wp.com\/cdnoticias.com\/wp-content\/uploads\/2024\/11\/WhatsApp-Image-2024-11-01-at-18.03.13-rotated.jpeg?resize=300%2C182&amp;ssl=1 300w, https:\/\/i0.wp.com\/cdnoticias.com\/wp-content\/uploads\/2024\/11\/WhatsApp-Image-2024-11-01-at-18.03.13-rotated.jpeg?resize=768%2C467&amp;ssl=1 768w, https:\/\/i0.wp.com\/cdnoticias.com\/wp-content\/uploads\/2024\/11\/WhatsApp-Image-2024-11-01-at-18.03.13-rotated.jpeg?resize=1536%2C934&amp;ssl=1 1536w, https:\/\/i0.wp.com\/cdnoticias.com\/wp-content\/uploads\/2024\/11\/WhatsApp-Image-2024-11-01-at-18.03.13-rotated.jpeg?w=1600&amp;ssl=1 1600w\" sizes=\"auto, (max-width: 800px) 100vw, 800px\" \/><\/figure>\n\n\n\n<p>El procedimiento se realiz\u00f3 en<strong> 9 de Julio al 5900. All\u00ed, se secuestraron 3 celulares, 10 gramos de coca\u00edna, 3 plantines de marihuana, 6.600 pesos, 6 d\u00f3lares, 5 euros y 5 reales. Todo, valuado en total en m\u00e1s de 1.200.000 pesos.<\/strong><\/p>\n\n\n\n<figure class=\"wp-block-image size-large\"><img data-recalc-dims=\"1\" loading=\"lazy\" decoding=\"async\" width=\"800\" height=\"411\" src=\"https:\/\/i0.wp.com\/cdnoticias.com\/wp-content\/uploads\/2024\/11\/WhatsApp-Image-2024-11-01-at-18.03.16.jpg?resize=800%2C411&#038;ssl=1\" alt=\"\" class=\"wp-image-129386\" srcset=\"https:\/\/i0.wp.com\/cdnoticias.com\/wp-content\/uploads\/2024\/11\/WhatsApp-Image-2024-11-01-at-18.03.16.jpg?resize=1024%2C526&amp;ssl=1 1024w, https:\/\/i0.wp.com\/cdnoticias.com\/wp-content\/uploads\/2024\/11\/WhatsApp-Image-2024-11-01-at-18.03.16.jpg?resize=300%2C154&amp;ssl=1 300w, https:\/\/i0.wp.com\/cdnoticias.com\/wp-content\/uploads\/2024\/11\/WhatsApp-Image-2024-11-01-at-18.03.16.jpg?resize=768%2C395&amp;ssl=1 768w, https:\/\/i0.wp.com\/cdnoticias.com\/wp-content\/uploads\/2024\/11\/WhatsApp-Image-2024-11-01-at-18.03.16.jpg?resize=1536%2C789&amp;ssl=1 1536w, https:\/\/i0.wp.com\/cdnoticias.com\/wp-content\/uploads\/2024\/11\/WhatsApp-Image-2024-11-01-at-18.03.16.jpg?w=1600&amp;ssl=1 1600w\" sizes=\"auto, (max-width: 800px) 100vw, 800px\" \/><\/figure>\n\n\n\n<p>Por todo ello,<strong> el joven de 22 a\u00f1os morador del lugar fue aprehendido, donde qued\u00f3 a disposici\u00f3n del fiscal Moyano.<\/strong><\/p>\n","protected":false},"excerpt":{"rendered":"<p>El procedimiento se realiz\u00f3 en 9 de julio al 5900. Ten\u00eda coca\u00edna y marihuana. Tambi\u00e9n secuestraron tres tel\u00e9fonos celulares. En<\/p>\n","protected":false},"author":2,"featured_media":129385,"comment_status":"closed","ping_status":"closed","sticky":false,"template":"","format":"standard","meta":{"_jetpack_memberships_contains_paid_content":false,"footnotes":""},"categories":[14,1],"tags":[],"class_list":["post-129384","post","type-post","status-publish","format-standard","has-post-thumbnail","hentry","category-policiales","category-portada"],"jetpack_featured_media_url":"https:\/\/i0.wp.com\/cdnoticias.com\/wp-content\/uploads\/2024\/11\/WhatsApp-Image-2024-11-01-at-18.03.12.jpg?fit=1600%2C957&ssl=1","jetpack_sharing_enabled":true,"_links":{"self":[{"href":"https:\/\/cdnoticias.com\/index.php\/wp-json\/wp\/v2\/posts\/129384","targetHints":{"allow":["GET"]}}],"collection":[{"href":"https:\/\/cdnoticias.com\/index.php\/wp-json\/wp\/v2\/posts"}],"about":[{"href":"https:\/\/cdnoticias.com\/index.php\/wp-json\/wp\/v2\/types\/post"}],"author":[{"embeddable":true,"href":"https:\/\/cdnoticias.com\/index.php\/wp-json\/wp\/v2\/users\/2"}],"replies":[{"embeddable":true,"href":"https:\/\/cdnoticias.com\/index.php\/wp-json\/wp\/v2\/comments?post=129384"}],"version-history":[{"count":0,"href":"https:\/\/cdnoticias.com\/index.php\/wp-json\/wp\/v2\/posts\/129384\/revisions"}],"wp:featuredmedia":[{"embeddable":true,"href":"https:\/\/cdnoticias.com\/index.php\/wp-json\/wp\/v2\/media\/129385"}],"wp:attachment":[{"href":"https:\/\/cdnoticias.com\/index.php\/wp-json\/wp\/v2\/media?parent=129384"}],"wp:term":[{"taxonomy":"category","embeddable":true,"href":"https:\/\/cdnoticias.com\/index.php\/wp-json\/wp\/v2\/categories?post=129384"},{"taxonomy":"post_tag","embeddable":true,"href":"https:\/\/cdnoticias.com\/index.php\/wp-json\/wp\/v2\/tags?post=129384"}],"curies":[{"name":"wp","href":"https:\/\/api.w.org\/{rel}","templated":true}]}}