{"id":129369,"date":"2024-11-01T18:23:56","date_gmt":"2024-11-01T21:23:56","guid":{"rendered":"https:\/\/cdnoticias.com\/?p=129369"},"modified":"2024-11-02T09:22:18","modified_gmt":"2024-11-02T12:22:18","slug":"hcd-quedo-aprobada-por-mayoria-la-venta-de-la-calle-a-loma-negra","status":"publish","type":"post","link":"https:\/\/cdnoticias.com\/index.php\/2024\/11\/01\/hcd-quedo-aprobada-por-mayoria-la-venta-de-la-calle-a-loma-negra\/","title":{"rendered":"HCD: qued\u00f3 aprobada por mayor\u00eda la venta de la calle a Loma Negra"},"content":{"rendered":"<p>Cruces y acusaciones entre Uni\u00f3n por la Patria y el Pro. Se incorporaron cambios de distintos bloques: afectaci\u00f3n de fondos, mesa de di\u00e1logo con ruralistas y comisi\u00f3n de seguimiento.<!--more--><\/p>\n<hr \/>\n<p>Este viernes <strong>qued\u00f3 aprobada la venta de una calle a la empresa Loma Negra<\/strong>. Fue<strong> por mayor\u00eda<\/strong> en la <strong>sesi\u00f3n especial<\/strong> convocada por el Concejo Deliberante. Se plantearon<strong> propuestas de modificaci\u00f3n de todos los bloques<\/strong> y, finalmente, la empresa har\u00e1 el <strong>pago de 2,3 millones de d\u00f3lares en dos cuotas<\/strong>, en vez de en tres como inicialmente estaba propuesto.<\/p>\n<p><strong>El debate fue muy extenso, dur\u00f3 unas tres horas y media<\/strong>, y principalmente hubo muchos <strong>cruces y acusaciones entre Uni\u00f3n por la Patria y el Pro<\/strong>, los dos sectores que, a su turno de encabezar la gesti\u00f3n municipal, llevaron adelante la negociaci\u00f3n de la operatoria.<\/p>\n<blockquote>\n<p>Al momento de la votaci\u00f3n se dio por mayor\u00eda: s\u00f3lo La Libertad Avanza vot\u00f3 por la negativa. Uni\u00f3n por la Patria, UCR, Pro, Cimientos de Libertad y Libertad Olavarr\u00eda votaron a favor de las dos ordenanzas en tratamiento: una para la enajenaci\u00f3n de los lotes del \u00e1mbito de uso p\u00fablico y otra para concretar la venta.<\/p>\n<\/blockquote>\n<p>En cuanto al contenido de los proyectos normativos, los <strong>puntos debatidos<\/strong> fueron la <strong>afectaci\u00f3n de los fondos<\/strong>, la <strong>creaci\u00f3n de una mesa de di\u00e1logo con ruralistas del sector que se vendi\u00f3<\/strong> y la <strong>conformaci\u00f3n de una comisi\u00f3n de seguimiento en el \u00e1mbito del HCD<\/strong>. Los bloques hicieron propuestas sobre esos puntos y se sumaron a la redacci\u00f3n final.<\/p>\n<p>\u00a0<\/p>\n<p><img data-recalc-dims=\"1\" loading=\"lazy\" decoding=\"async\" class=\"size-full wp-image-129340 aligncenter\" src=\"https:\/\/i0.wp.com\/cdnoticias.com\/wp-content\/uploads\/2024\/11\/hcd-sesion-especial-calle-agua-01.jpg?resize=800%2C445&#038;ssl=1\" alt=\"\" width=\"800\" height=\"445\" srcset=\"https:\/\/i0.wp.com\/cdnoticias.com\/wp-content\/uploads\/2024\/11\/hcd-sesion-especial-calle-agua-01.jpg?w=800&amp;ssl=1 800w, https:\/\/i0.wp.com\/cdnoticias.com\/wp-content\/uploads\/2024\/11\/hcd-sesion-especial-calle-agua-01.jpg?resize=300%2C167&amp;ssl=1 300w, https:\/\/i0.wp.com\/cdnoticias.com\/wp-content\/uploads\/2024\/11\/hcd-sesion-especial-calle-agua-01.jpg?resize=768%2C427&amp;ssl=1 768w\" sizes=\"auto, (max-width: 800px) 100vw, 800px\" \/><\/p>\n<p>\u00a0<\/p>\n<p>Detr\u00e1s de los concejales, en el sector del p\u00fablico, se presentaron <strong>numerosos vecinos en el recinto. La mayor\u00eda de ellos, adjudicatarios de los 112 lotes ubicados detr\u00e1s del barrio Coronel Dorrego<\/strong>, quienes ser\u00e1n los primeros beneficiarios de un programa de acompa\u00f1amiento para la autoconstrucci\u00f3n de viviendas que se crear\u00e1 con parte de los fondos de esta operatoria. Entre los vecinos estaba el <strong>director de Regularizaci\u00f3n Dominial, Juan S\u00e1nchez<\/strong>. Durante el desarrollo de la sesi\u00f3n se vieron m\u00e1s funcionarios del Ejecutivo en el recinto, entre ellos el <strong>subsecretario de Salud M\u00e9dica y director del Hospital, Fernando Al\u00ed<\/strong>.<\/p>\n<p>\u00a0<\/p>\n<h3>\u201cEs una oportunidad\u201d<\/h3>\n<p>El encargado de presentar la iniciativa fue el<strong> concejal Federico Aguilera, presidente de la bancada de Uni\u00f3n por la Patria<\/strong>. \u201cEl tratamiento de este proyecto significa para todos los vecinos de Olavarr\u00eda <strong>una gran noticia\u201d<\/strong> dijo para destacar <strong>el monto que ingresar\u00e1 al erario municipal \u201cque se va a traducir en obras y beneficios para todos los vecinos<\/strong> de las localidades y la ciudad de Olavarr\u00eda\u201d.<\/p>\n<blockquote>\n<p>\u201cLo que tenemos en nuestras bancas es una oportunidad\u201d defini\u00f3 m\u00e1s adelante. Con ello tuvo en cuenta que la cementera solicit\u00f3 comprar los lotes \u201cpor una cuesti\u00f3n comercial y productiva, no por el yacimiento que se encuentra debajo, sino porque es condici\u00f3n necesaria para continuar con la explotaci\u00f3n de su yacimiento\u201d.<\/p>\n<\/blockquote>\n<p>\u00a0<\/p>\n<p><img data-recalc-dims=\"1\" loading=\"lazy\" decoding=\"async\" class=\"size-full wp-image-129344 aligncenter\" src=\"https:\/\/i0.wp.com\/cdnoticias.com\/wp-content\/uploads\/2024\/11\/hcd-sesion-especial-calle-agua-aguilera-05.jpg?resize=800%2C445&#038;ssl=1\" alt=\"\" width=\"800\" height=\"445\" srcset=\"https:\/\/i0.wp.com\/cdnoticias.com\/wp-content\/uploads\/2024\/11\/hcd-sesion-especial-calle-agua-aguilera-05.jpg?w=800&amp;ssl=1 800w, https:\/\/i0.wp.com\/cdnoticias.com\/wp-content\/uploads\/2024\/11\/hcd-sesion-especial-calle-agua-aguilera-05.jpg?resize=300%2C167&amp;ssl=1 300w, https:\/\/i0.wp.com\/cdnoticias.com\/wp-content\/uploads\/2024\/11\/hcd-sesion-especial-calle-agua-aguilera-05.jpg?resize=768%2C427&amp;ssl=1 768w\" sizes=\"auto, (max-width: 800px) 100vw, 800px\" \/><\/p>\n<p>\u00a0<\/p>\n<p>Repas\u00f3 que el expediente tramita en la Municipalidad hace 3 a\u00f1os y c\u00f3mo se fij\u00f3 el precio para resaltar que<strong> \u201cla gesti\u00f3n del intendente Maximiliano Wesner logr\u00f3 en beneficio de los vecinos un incremento sustancial en la negociaci\u00f3n de m\u00e1s de 500 mil d\u00f3lares<\/strong>. Es importante porque esta ordenanza, <a href=\"https:\/\/cdnoticias.com\/index.php\/2024\/10\/29\/venta-de-una-calle-a-loma-negra-el-intendente-wesner-anuncio-un-programa-de-inversion\/\" target=\"_blank\" rel=\"noopener\">como lo anunci\u00f3 Wesner en el sal\u00f3n Rivadavia, con los ingresos se va a llevar adelante un programa de inversi\u00f3n<\/a> para el desarrollo de la infraestructura del partido de Olavarr\u00eda\u201d. A continuaci\u00f3n <strong>enumer\u00f3 los anuncios que present\u00f3 Wesner el mi\u00e9rcoles<\/strong> y, tambi\u00e9n como lo hab\u00eda hecho el jefe comunal,<strong> valor\u00f3 el \u201cdi\u00e1logo\u201d con el bloque UCR para acordar sobre el destino de fondos.<\/strong><\/p>\n<p><em>\u201cTodo lo que se plantea en el tratamiento del expediente tiene que ver \u00fanica y solamente con el beneficio y bienestar de los vecinos de Olavarr\u00eda\u201d<\/em> cerr\u00f3 entre aplausos Aguilera. Cabe se\u00f1alar que <strong>fue el \u00fanico aplaudido de los concejales que expuso<\/strong>.<\/p>\n<p>\u00a0<\/p>\n<h3>La oposici\u00f3n<\/h3>\n<p><br \/>Por el <strong>bloque La Libertad Avanza, Paola Odello<\/strong>, expres\u00f3 lo que su bloque<a href=\"https:\/\/cdnoticias.com\/index.php\/2024\/11\/01\/venta-de-una-calle-a-loma-negra-la-libertad-avanza-en-contra-de-las-formas-de-wesner\/\" target=\"_blank\" rel=\"noopener\"> ya hab\u00eda adelantado en un comunicado<\/a> con reparos al proyecto. Lo expuso en t\u00e9rminos de <strong>\u201cpreocupaci\u00f3n\u201d para sostener que \u201crecibimos el anexo del plan de infraestructura reci\u00e9n. Tampoco no est\u00e1 todo aclarado<\/strong>, tenemos que votar algo que no est\u00e1 en el expediente. <em>Consideramos que la palabra y la promesa no son suficientes en este caso\u201d<\/em>. Adem\u00e1s,<strong> coment\u00f3 sobre la reuni\u00f3n que este viernes por la ma\u00f1ana mantuvieron los concejales <a href=\"https:\/\/cdnoticias.com\/index.php\/2024\/11\/01\/productores-rurales-expresaron-sus-quejas-por-el-desvio-construido-en-la-zona-de-lamali\/\" target=\"_blank\" rel=\"noopener\">con productores rurales de la zona de Loma Alta<\/a><\/strong>.<\/p>\n<p>\u00a0<\/p>\n<p><img data-recalc-dims=\"1\" loading=\"lazy\" decoding=\"async\" class=\"size-full wp-image-129348 aligncenter\" src=\"https:\/\/i0.wp.com\/cdnoticias.com\/wp-content\/uploads\/2024\/11\/hcd-sesion-especial-calle-agua-odello-04.jpg?resize=800%2C445&#038;ssl=1\" alt=\"\" width=\"800\" height=\"445\" srcset=\"https:\/\/i0.wp.com\/cdnoticias.com\/wp-content\/uploads\/2024\/11\/hcd-sesion-especial-calle-agua-odello-04.jpg?w=800&amp;ssl=1 800w, https:\/\/i0.wp.com\/cdnoticias.com\/wp-content\/uploads\/2024\/11\/hcd-sesion-especial-calle-agua-odello-04.jpg?resize=300%2C167&amp;ssl=1 300w, https:\/\/i0.wp.com\/cdnoticias.com\/wp-content\/uploads\/2024\/11\/hcd-sesion-especial-calle-agua-odello-04.jpg?resize=768%2C427&amp;ssl=1 768w\" sizes=\"auto, (max-width: 800px) 100vw, 800px\" \/><\/p>\n<p>\u00a0<\/p>\n<p>Del <strong>bloque UCR, Sebasti\u00e1n Matrella<\/strong>, brind\u00f3 una exposici\u00f3n con el <strong>repaso del trabajo realizado por el bloque<\/strong> para informarse sobre el tema. Cont\u00f3 que <em>dialogaron con representantes de la Unicen por la valuaci\u00f3n de los terrenos, con funcionarios del \u00e1rea de Salud, con el delegado de Loma Negra y que adem\u00e1s visitaron la traza a vender as\u00ed como la nueva traza<\/em>.<strong> \u201cDesde nuestro espacio quer\u00edamos influir en el destino de los fondos<\/strong>, es importante que una entrada extraordinaria de dinero, que ocurre ocasionalmente, es importante que se destinen a obras de infraestructura para que la gente lo pueda palpar\u201d dijo. A\u00f1adi\u00f3:<strong> \u201cvaloramos que el Ejecutivo haya tenido en cuenta uno de nuestros proyectos que consideramos importante que el Hospital de Olavarr\u00eda ocupe un lugar preponderante\u201d<\/strong>. El concejal argument\u00f3 en ese punto la decisi\u00f3n de apoyar la ordenanza. Tras comentar sobre la reuni\u00f3n con los productores de la zona de Loma Alta, adelant\u00f3 la<strong> intenci\u00f3n de presentar una moci\u00f3n para incorporar una mesa de di\u00e1logo \u201cque contemple la problem\u00e1tica que van a sufrir los productores\u201d<\/strong>.<\/p>\n<p>En una intervenci\u00f3n m\u00e1s adelante en el debate, Matrella present\u00f3 dos propuestas para sumar al proyecto: <strong>crear la \u201cmesa de di\u00e1logo para buscar soluciones para los afectados por la venta de la calle\u201d<\/strong> y <strong>\u201ccreaci\u00f3n de la comisi\u00f3n de control y seguimiento de recursos afectados por la venta\u201d<\/strong> a conformarse con concejales de todos los bloques y un representante del Ejecutivo.<\/p>\n<p>\u00a0<\/p>\n<p><img data-recalc-dims=\"1\" loading=\"lazy\" decoding=\"async\" class=\"size-full wp-image-129347 aligncenter\" src=\"https:\/\/i0.wp.com\/cdnoticias.com\/wp-content\/uploads\/2024\/11\/hcd-sesion-especial-calle-agua-matrella-03.jpg?resize=800%2C445&#038;ssl=1\" alt=\"\" width=\"800\" height=\"445\" srcset=\"https:\/\/i0.wp.com\/cdnoticias.com\/wp-content\/uploads\/2024\/11\/hcd-sesion-especial-calle-agua-matrella-03.jpg?w=800&amp;ssl=1 800w, https:\/\/i0.wp.com\/cdnoticias.com\/wp-content\/uploads\/2024\/11\/hcd-sesion-especial-calle-agua-matrella-03.jpg?resize=300%2C167&amp;ssl=1 300w, https:\/\/i0.wp.com\/cdnoticias.com\/wp-content\/uploads\/2024\/11\/hcd-sesion-especial-calle-agua-matrella-03.jpg?resize=768%2C427&amp;ssl=1 768w\" sizes=\"auto, (max-width: 800px) 100vw, 800px\" \/><\/p>\n<p>\u00a0<\/p>\n<p>Luego <strong>intervino la bancada del Pro para apuntar a modificaciones<\/strong> que presentaba el proyecto que ten\u00edan los concejales respecto del original que hab\u00edan le\u00eddo hasta este jueves. El oficialismo respondi\u00f3 que se trataba de cambios introducidos desde la bancada de UxP y se pas\u00f3 al primer cuarto intermedio. Al regreso se votaron los cambios que fueron aprobados por mayor\u00eda: <strong>el resultado prefigur\u00f3 el resultado final del debate ya que se dio con la misma composici\u00f3n, s\u00f3lo LLA vot\u00f3 en contra<\/strong>. Las modificaciones fueron <strong>definir el pago en dos cuotas y sumar un anexo con el programa de inversi\u00f3n anunciado por Wesner<\/strong>.<\/p>\n<p>El <strong>bloque PRO-ERF<\/strong> hizo una doble exposici\u00f3n. Primero el<strong> concejal Hilario Galli<\/strong> repas\u00f3 el desarrollo del expediente con el tr\u00e1mite en el Ejecutivo desde la asunci\u00f3n de Wesner en la intendencia.<strong> \u201cHemos presenciado una clase magistral de kirchnerismo expl\u00edcito\u201d<\/strong> dijo para quejarse por<em> \u201cintento de avasallamiento a las instituciones\u201d, \u201cdoble vara\u201d, \u201cconstrucci\u00f3n del relato\u201d y \u201cfalta de transparencia\u201d<\/em>. <strong>Cuestion\u00f3 la forma de c\u00e1lculo del valor de los lotes<\/strong> y compar\u00f3 con lo sucedido durante el tratamiento de la venta de una calle a Cementos Avellaneda en 2021, tema en el que<em> hizo hincapi\u00e9 en los dichos del entonces concejal opositor Wesner<\/em>. Busc\u00f3 se\u00f1alar <em>contradicciones, entre lo dicho hace tres a\u00f1os y lo actuado ahora<\/em>:<strong> \u201c\u00bfQu\u00e9 pas\u00f3? La realidad pas\u00f3, que los datos matan el relato<\/strong>, hay que ser responsable a la hora de estar sentado atr\u00e1s de un micr\u00f3fono y contrastar datos, porque todo se contrasta, todo vuelve y el tiempo y la historia lo ubica en el lugar que corresponde\u201d dijo. <strong>Estas expresiones fueron respondidas por Aguilera<\/strong> quien busc\u00f3 cuestionar la gesti\u00f3n del ex intendente Ezequiel Galli, <strong>\u201cac\u00e1 no hay nada oculto\u201d<\/strong> contrast\u00f3 antes de pasar a un segundo cuarto intermedio.<\/p>\n<p>\u00a0<\/p>\n<p><img data-recalc-dims=\"1\" loading=\"lazy\" decoding=\"async\" class=\"size-full wp-image-129349 aligncenter\" src=\"https:\/\/i0.wp.com\/cdnoticias.com\/wp-content\/uploads\/2024\/11\/hcd-sesion-especial-calle-agua-odello-06.jpg?resize=800%2C445&#038;ssl=1\" alt=\"\" width=\"800\" height=\"445\" srcset=\"https:\/\/i0.wp.com\/cdnoticias.com\/wp-content\/uploads\/2024\/11\/hcd-sesion-especial-calle-agua-odello-06.jpg?w=800&amp;ssl=1 800w, https:\/\/i0.wp.com\/cdnoticias.com\/wp-content\/uploads\/2024\/11\/hcd-sesion-especial-calle-agua-odello-06.jpg?resize=300%2C167&amp;ssl=1 300w, https:\/\/i0.wp.com\/cdnoticias.com\/wp-content\/uploads\/2024\/11\/hcd-sesion-especial-calle-agua-odello-06.jpg?resize=768%2C427&amp;ssl=1 768w\" sizes=\"auto, (max-width: 800px) 100vw, 800px\" \/><\/p>\n<p>\u00a0<\/p>\n<p><strong>Guillermina Amespil, presidenta del bloque Pro<\/strong>, complet\u00f3 la exposici\u00f3n de su bancada:<em> \u201cbuscarle la vuelta a haberse sobregirado tantas veces iba a ser el desaf\u00edo del ahora oficialismo, porque quiz\u00e1s nunca se imaginaron ser gesti\u00f3n y ahora hay hacerse cargo\u201d<\/em> dijo en el inicio para pasar a defender la actuaci\u00f3n de Ezequiel Galli en el expediente. <strong>La concejal present\u00f3 tres propuestas de modificaciones para el proyecto de ordenanza<\/strong>. Uno fue<strong> sumar las obras para la afectaci\u00f3n de los fondos<\/strong> &#8211;<a href=\"https:\/\/cdnoticias.com\/index.php\/2024\/09\/24\/venta-de-una-calle-a-loma-negra-rechazo-opositor-y-cambio-de-fecha-en-la-sesion\/\" target=\"_blank\" rel=\"noopener\">tal como lo hab\u00edan presentado en los primeros d\u00edas de octubre<\/a>-, y tambi\u00e9n <strong>crear una comisi\u00f3n de seguimiento<\/strong> y <strong>contemplar beneficios para los productores afectados de la zona de Loma Alta<\/strong>.<\/p>\n<blockquote>\n<p>Al cierre de las exposiciones de todos los bloques, y tras un nuevo cuarto intermedio, se votaron esas tres propuestas: la primera fue rechazada -por mayor\u00eda con el voto negativo de UxP y UCR-, y las otras dos fueron aprobadas por unanimidad.<\/p>\n<\/blockquote>\n<p>\u00a0<\/p>\n<p><img data-recalc-dims=\"1\" loading=\"lazy\" decoding=\"async\" class=\"size-full wp-image-129345 aligncenter\" src=\"https:\/\/i0.wp.com\/cdnoticias.com\/wp-content\/uploads\/2024\/11\/hcd-sesion-especial-calle-agua-amespil-01.jpg?resize=800%2C445&#038;ssl=1\" alt=\"\" width=\"800\" height=\"445\" srcset=\"https:\/\/i0.wp.com\/cdnoticias.com\/wp-content\/uploads\/2024\/11\/hcd-sesion-especial-calle-agua-amespil-01.jpg?w=800&amp;ssl=1 800w, https:\/\/i0.wp.com\/cdnoticias.com\/wp-content\/uploads\/2024\/11\/hcd-sesion-especial-calle-agua-amespil-01.jpg?resize=300%2C167&amp;ssl=1 300w, https:\/\/i0.wp.com\/cdnoticias.com\/wp-content\/uploads\/2024\/11\/hcd-sesion-especial-calle-agua-amespil-01.jpg?resize=768%2C427&amp;ssl=1 768w\" sizes=\"auto, (max-width: 800px) 100vw, 800px\" \/><\/p>\n<p>\u00a0<\/p>\n<p>Por el <strong>unibloque La Libertad Olavarr\u00eda, Marcelo Petehs<\/strong>, subray\u00f3 que <strong>\u201cdesde que entr\u00f3 el expediente el principal escollo que tuvimos fue la afectaci\u00f3n de los fondos\u201d<\/strong> y defini\u00f3 como \u201cmuy ambiguo\u201d lo que inicialmente present\u00f3 el Ejecutivo con el destino de fondos en 60% para obras en Olavarr\u00eda y 40% para localidades.<strong> \u201cHoy eso est\u00e1 plasmado en el anexo 1. Esa afectaci\u00f3n era lo que nos llenaba de dudas, cuando la ped\u00edamos y hab\u00eda silencio\u201d<\/strong> dijo.<\/p>\n<p>El \u00faltimo en hablar fue el <strong>concejal Oliver Gamondi (LLA)<\/strong> quien cuestion\u00f3 el accionar de \u201cla clase pol\u00edtica tradicional\u201d y cont\u00f3 que su bloque intent\u00f3 gestionar <em>que se obtenga una nueva valuaci\u00f3n de los terrenos ya que \u201cnuestra intenci\u00f3n era buscar la opini\u00f3n de otra facultad\u201d<\/em> argument\u00f3.<\/p>\n<p>En el \u00faltimo tramo el concejal Aguilera respondi\u00f3 consultas puntuales sobre el destino de los fondos y se dio paso a la votaci\u00f3n que termin\u00f3 aplaudida por el p\u00fablico. Con<strong> las ordenanzas 5.460 y 5.461 aprobadas por mayor\u00eda<\/strong> se habilit\u00f3 al Ejecutivo a la venta de la calle a la empresa cementera.<\/p>\n<p>\u00a0<\/p>\n<p><img data-recalc-dims=\"1\" loading=\"lazy\" decoding=\"async\" class=\"size-full wp-image-129341 aligncenter\" src=\"https:\/\/i0.wp.com\/cdnoticias.com\/wp-content\/uploads\/2024\/11\/hcd-sesion-especial-calle-agua-05.jpg?resize=800%2C445&#038;ssl=1\" alt=\"\" width=\"800\" height=\"445\" srcset=\"https:\/\/i0.wp.com\/cdnoticias.com\/wp-content\/uploads\/2024\/11\/hcd-sesion-especial-calle-agua-05.jpg?w=800&amp;ssl=1 800w, https:\/\/i0.wp.com\/cdnoticias.com\/wp-content\/uploads\/2024\/11\/hcd-sesion-especial-calle-agua-05.jpg?resize=300%2C167&amp;ssl=1 300w, https:\/\/i0.wp.com\/cdnoticias.com\/wp-content\/uploads\/2024\/11\/hcd-sesion-especial-calle-agua-05.jpg?resize=768%2C427&amp;ssl=1 768w\" sizes=\"auto, (max-width: 800px) 100vw, 800px\" \/><\/p>\n\n\n<p><\/p>\n","protected":false},"excerpt":{"rendered":"<p>Cruces y acusaciones entre Uni\u00f3n por la Patria y el Pro. Se incorporaron cambios de distintos bloques: afectaci\u00f3n de fondos,<\/p>\n","protected":false},"author":4,"featured_media":129339,"comment_status":"closed","ping_status":"closed","sticky":false,"template":"","format":"standard","meta":{"_jetpack_memberships_contains_paid_content":false,"footnotes":""},"categories":[4,1],"tags":[],"class_list":["post-129369","post","type-post","status-publish","format-standard","has-post-thumbnail","hentry","category-politica","category-portada"],"jetpack_featured_media_url":"https:\/\/i0.wp.com\/cdnoticias.com\/wp-content\/uploads\/2024\/11\/hcd-sesion-especial-calle-agua-00.jpg?fit=800%2C445&ssl=1","jetpack_sharing_enabled":true,"_links":{"self":[{"href":"https:\/\/cdnoticias.com\/index.php\/wp-json\/wp\/v2\/posts\/129369","targetHints":{"allow":["GET"]}}],"collection":[{"href":"https:\/\/cdnoticias.com\/index.php\/wp-json\/wp\/v2\/posts"}],"about":[{"href":"https:\/\/cdnoticias.com\/index.php\/wp-json\/wp\/v2\/types\/post"}],"author":[{"embeddable":true,"href":"https:\/\/cdnoticias.com\/index.php\/wp-json\/wp\/v2\/users\/4"}],"replies":[{"embeddable":true,"href":"https:\/\/cdnoticias.com\/index.php\/wp-json\/wp\/v2\/comments?post=129369"}],"version-history":[{"count":0,"href":"https:\/\/cdnoticias.com\/index.php\/wp-json\/wp\/v2\/posts\/129369\/revisions"}],"wp:featuredmedia":[{"embeddable":true,"href":"https:\/\/cdnoticias.com\/index.php\/wp-json\/wp\/v2\/media\/129339"}],"wp:attachment":[{"href":"https:\/\/cdnoticias.com\/index.php\/wp-json\/wp\/v2\/media?parent=129369"}],"wp:term":[{"taxonomy":"category","embeddable":true,"href":"https:\/\/cdnoticias.com\/index.php\/wp-json\/wp\/v2\/categories?post=129369"},{"taxonomy":"post_tag","embeddable":true,"href":"https:\/\/cdnoticias.com\/index.php\/wp-json\/wp\/v2\/tags?post=129369"}],"curies":[{"name":"wp","href":"https:\/\/api.w.org\/{rel}","templated":true}]}}