{"id":129367,"date":"2024-11-05T12:44:09","date_gmt":"2024-11-05T15:44:09","guid":{"rendered":"https:\/\/cdnoticias.com\/?p=129367"},"modified":"2024-11-05T12:44:11","modified_gmt":"2024-11-05T15:44:11","slug":"la-comedia-la-union-telefonica-se-presenta-en-sierras-bayas","status":"publish","type":"post","link":"https:\/\/cdnoticias.com\/index.php\/2024\/11\/05\/la-comedia-la-union-telefonica-se-presenta-en-sierras-bayas\/","title":{"rendered":"La comedia &#8220;La Uni\u00f3n Telef\u00f3nica&#8221; se presenta en Sierras Bayas"},"content":{"rendered":"\n<p>Ser\u00e1 este mi\u00e9rcoles en el Centro Cultural de Sierras Bayas. Entrada libre y gratuita.<\/p>\n\n\n\n<hr class=\"wp-block-separator aligncenter has-alpha-channel-opacity\"\/>\n\n\n\n<p>El <strong>mi\u00e9rcoles 6 de noviembre a las 20:30 horas<\/strong> el <strong>Taller de Teatro de la Facultad de Ingenier\u00eda<\/strong> se va de gira a las sierras con la <strong>obra &#8220;La Uni\u00f3n Telef\u00f3nica&#8221;.&nbsp;<\/strong><\/p>\n\n\n\n<p><\/p>\n\n\n\n<p>La comedia que <strong>llen\u00f3 el Auditorio de la FIO en dos oportunidades<\/strong>, est\u00e1 escrita por Guillermo Cavia y dirigida por la profesora Silvia Fari\u00f1a.<\/p>\n\n\n\n<p><\/p>\n\n\n\n<blockquote class=\"wp-block-quote is-layout-flow wp-block-quote-is-layout-flow\">\n<p>El evento tendr\u00e1 lugar en el Centro Cultural de Sierras Bayas (Roca y Colombo), con entrada libre y gratuita. &#8220;La Uni\u00f3n Telef\u00f3nica&#8221; es una obra que pone en escena la complejidad de las comunicaciones, abordando los malentendidos que surgen entre los mensajes y las interpretaciones de los personajes.&nbsp;<\/p>\n<\/blockquote>\n\n\n\n<p><\/p>\n\n\n\n<p>Con una estructura divertida y \u00e1gil, la pieza lleva al espectador a reflexionar sobre c\u00f3mo las relaciones y los di\u00e1logos se han transformado a lo largo del tiempo, desde las viejas conexiones telef\u00f3nicas hasta las modernas formas de comunicaci\u00f3n.<\/p>\n\n\n\n<p><\/p>\n\n\n\n<p>El elenco est\u00e1 compuesto por integrantes del taller: Silvia D\u00edaz, Valeria Gianoni, Lautaro G\u00f3mez, Gabriel Adorno, Tom\u00e1s Splendore, Mar\u00eda Juarros, Yolanda \u00c1valos, Estela Polijronos, Alejandra Minvielle, Alicia Gianassi,&nbsp; Laura Pasquini, Guillermina Moro, Juan Ignacio Le\u00f3n, Juan Bouciguez y Natalia Vivas. La obra tambi\u00e9n contar\u00e1 con la participaci\u00f3n de Mar\u00eda Victoria Ferreira en maquillaje y la asistencia t\u00e9cnica de Genaro Ferreyra y Oscar Mondello.<\/p>\n","protected":false},"excerpt":{"rendered":"<p>Ser\u00e1 este mi\u00e9rcoles en el Centro Cultural de Sierras Bayas. Entrada libre y gratuita. El mi\u00e9rcoles 6 de noviembre a<\/p>\n","protected":false},"author":6,"featured_media":128809,"comment_status":"closed","ping_status":"closed","sticky":false,"template":"","format":"standard","meta":{"_jetpack_memberships_contains_paid_content":false,"footnotes":""},"categories":[9,1],"tags":[],"class_list":["post-129367","post","type-post","status-publish","format-standard","has-post-thumbnail","hentry","category-cultura","category-portada"],"jetpack_featured_media_url":"https:\/\/i0.wp.com\/cdnoticias.com\/wp-content\/uploads\/2024\/10\/la-union-telefonica-obra-teatro.jpg?fit=900%2C497&ssl=1","jetpack_sharing_enabled":true,"_links":{"self":[{"href":"https:\/\/cdnoticias.com\/index.php\/wp-json\/wp\/v2\/posts\/129367","targetHints":{"allow":["GET"]}}],"collection":[{"href":"https:\/\/cdnoticias.com\/index.php\/wp-json\/wp\/v2\/posts"}],"about":[{"href":"https:\/\/cdnoticias.com\/index.php\/wp-json\/wp\/v2\/types\/post"}],"author":[{"embeddable":true,"href":"https:\/\/cdnoticias.com\/index.php\/wp-json\/wp\/v2\/users\/6"}],"replies":[{"embeddable":true,"href":"https:\/\/cdnoticias.com\/index.php\/wp-json\/wp\/v2\/comments?post=129367"}],"version-history":[{"count":0,"href":"https:\/\/cdnoticias.com\/index.php\/wp-json\/wp\/v2\/posts\/129367\/revisions"}],"wp:featuredmedia":[{"embeddable":true,"href":"https:\/\/cdnoticias.com\/index.php\/wp-json\/wp\/v2\/media\/128809"}],"wp:attachment":[{"href":"https:\/\/cdnoticias.com\/index.php\/wp-json\/wp\/v2\/media?parent=129367"}],"wp:term":[{"taxonomy":"category","embeddable":true,"href":"https:\/\/cdnoticias.com\/index.php\/wp-json\/wp\/v2\/categories?post=129367"},{"taxonomy":"post_tag","embeddable":true,"href":"https:\/\/cdnoticias.com\/index.php\/wp-json\/wp\/v2\/tags?post=129367"}],"curies":[{"name":"wp","href":"https:\/\/api.w.org\/{rel}","templated":true}]}}