{"id":12936,"date":"2021-02-04T11:29:01","date_gmt":"2021-02-04T14:29:01","guid":{"rendered":"http:\/\/www.centraldenoticias.com.ar\/?p=12936"},"modified":"2021-02-04T11:29:01","modified_gmt":"2021-02-04T14:29:01","slug":"crece-la-idea-de-tener-un-polo-de-tecnologia-medica-en-olavarria","status":"publish","type":"post","link":"https:\/\/cdnoticias.com\/index.php\/2021\/02\/04\/crece-la-idea-de-tener-un-polo-de-tecnologia-medica-en-olavarria\/","title":{"rendered":"\u201cCrece la idea de tener un Polo de Tecnolog\u00eda M\u00e9dica en Olavarr\u00eda\u201d"},"content":{"rendered":"<p>El decano de la FIO, Marcelo Spina, se\u00f1al\u00f3 las posibilidades a futuro de la UNICEN en la regi\u00f3n. Hace unas semanas, se reuni\u00f3 con el candidato a rector N\u00e9stor Auza y el intendente Galli.<!--more--><\/p>\n<hr \/>\n<p>En el marco de una recorrida del candidato a rector N\u00e9stor Auza que se reuni\u00f3 con el Intendente Galli,<strong> el decano de la Facultad de Ingenier\u00eda, Marcelo Spina, se\u00f1al\u00f3 que el futuro de la universidad en la comunidad permite pensar en un Polo de Tecnolog\u00eda M\u00e9dica local.<\/strong><\/p>\n<p>&nbsp;<\/p>\n<p>\u201cEl encuentro tuvo un valor simb\u00f3lico muy importante\u201d, dijo Spina. <em>\u201cGalli visit\u00f3 nuestras instalaciones y <strong>habl\u00f3 del tri\u00e1ngulo de S\u00e1bato, que vincula al Estado, la academia y el sector privado.<\/strong> Y era justamente lo que estaba pasando en ese momento, porque nos acompa\u00f1aba gente de la empresa Silicom que ha sido central, junto con la tandilense Redimec, para llevar adelante el proyecto de los respiradores\u201d.<\/em><\/p>\n<p>&nbsp;<\/p>\n<p>En este sentido, se resalt\u00f3 la formaci\u00f3n de la Casa de Estudios local: <strong>adem\u00e1s de formar T\u00e9cnicos en Electromedicina, ahora se est\u00e1n graduando los primeros Licenciado\/as en Tecnolog\u00eda M\u00e9dica.<\/strong> <em>\u201cEsto nos dio una base de recursos que ahora nos permite pensar en constituir en Olavarr\u00eda un conjunto de empresas y emprendimientos en Tecnolog\u00eda M\u00e9dica, una idea que va creciendo r\u00e1pidamente\u201d.<\/em><\/p>\n<p>&nbsp;<\/p>\n<p>En ese sentido, el Dr. N\u00e9stor Auza manifest\u00f3 en su visita que<strong><em> \u201cOlavarr\u00eda tiene todo: centros de salud que son de excelencia, de lo mejor de la Provincia; Facultades como la de Ingenier\u00eda que tiene rodaje en el tema, y tambi\u00e9n est\u00e1 la Facultad de Ciencias de la Salud y si la voluntad pol\u00edtica de la Universidad desde su conducci\u00f3n se alineara, junto al Municipio y empresas constituir\u00edan algo equivalente al Polo Inform\u00e1tico de Tandil en el \u00e1rea de equipamiento m\u00e9dico. Este es mi compromiso para la gesti\u00f3n del rectorado\u201d.<\/em><\/strong><\/p>\n<p>&nbsp;<\/p>\n<p>Spina hizo menci\u00f3n al desarrollo de respiradores de crisis <em>\u201cen la creencia de que iba a ser un insumo fundamental para salvar vidas. El sistema de salud fue respondiendo y afortunadamente los respiradores no resultaron tan imprescindibles como se pensaba al principio. Pero nos ha quedado toda la experiencia de producir tecnolog\u00eda m\u00e9dica, y eso nos hizo pensar en la posibilidad de constituirnos como productores de tecnolog\u00eda, conformando un polo que atienda a la regi\u00f3n en ese campo\u201d.<\/em><\/p>\n<p>&nbsp;<\/p>\n<p>En el crecimiento del Polo, <em>\u201cir\u00e1n apareciendo no solo los puestos laborales, sino un conjunto de prestaciones sat\u00e9lites que le dar\u00e1n a Olavarr\u00eda una din\u00e1mica muy atractiva. Detr\u00e1s de la tecnolog\u00eda m\u00e9dica hay electr\u00f3nica, electricidad, dise\u00f1o, software y una serie de actividades que tambi\u00e9n pueden crecer en el entorno\u201d<\/em>, complet\u00f3 Spina.<\/p>\n<p>&nbsp;<\/p>\n<p>Para cerrar, se\u00f1al\u00f3 la importancia de la visita de Galli y Valetutto a Ingenier\u00eda<em> \u201ccon el compromiso de una nueva gesti\u00f3n en el rectorado que piense, articule y estimule desarrollo. <strong>Hace pensar que lo que se viene es grande, es importante y le va a hacer mucho bien a Olavarr\u00eda\u201d.<\/strong><\/em><\/p>\n","protected":false},"excerpt":{"rendered":"<p>El decano de la FIO, Marcelo Spina, se\u00f1al\u00f3 las posibilidades a futuro de la UNICEN en la regi\u00f3n. Hace unas<\/p>\n","protected":false},"author":2,"featured_media":12937,"comment_status":"closed","ping_status":"closed","sticky":false,"template":"","format":"standard","meta":{"_jetpack_memberships_contains_paid_content":false,"footnotes":""},"categories":[5,1],"tags":[],"class_list":["post-12936","post","type-post","status-publish","format-standard","has-post-thumbnail","hentry","category-informacion-general","category-portada"],"jetpack_featured_media_url":"https:\/\/i0.wp.com\/cdnoticias.com\/wp-content\/uploads\/2021\/02\/marcelo-spina-ingenieria.jpg?fit=1280%2C720&ssl=1","jetpack_sharing_enabled":true,"_links":{"self":[{"href":"https:\/\/cdnoticias.com\/index.php\/wp-json\/wp\/v2\/posts\/12936","targetHints":{"allow":["GET"]}}],"collection":[{"href":"https:\/\/cdnoticias.com\/index.php\/wp-json\/wp\/v2\/posts"}],"about":[{"href":"https:\/\/cdnoticias.com\/index.php\/wp-json\/wp\/v2\/types\/post"}],"author":[{"embeddable":true,"href":"https:\/\/cdnoticias.com\/index.php\/wp-json\/wp\/v2\/users\/2"}],"replies":[{"embeddable":true,"href":"https:\/\/cdnoticias.com\/index.php\/wp-json\/wp\/v2\/comments?post=12936"}],"version-history":[{"count":0,"href":"https:\/\/cdnoticias.com\/index.php\/wp-json\/wp\/v2\/posts\/12936\/revisions"}],"wp:featuredmedia":[{"embeddable":true,"href":"https:\/\/cdnoticias.com\/index.php\/wp-json\/wp\/v2\/media\/12937"}],"wp:attachment":[{"href":"https:\/\/cdnoticias.com\/index.php\/wp-json\/wp\/v2\/media?parent=12936"}],"wp:term":[{"taxonomy":"category","embeddable":true,"href":"https:\/\/cdnoticias.com\/index.php\/wp-json\/wp\/v2\/categories?post=12936"},{"taxonomy":"post_tag","embeddable":true,"href":"https:\/\/cdnoticias.com\/index.php\/wp-json\/wp\/v2\/tags?post=12936"}],"curies":[{"name":"wp","href":"https:\/\/api.w.org\/{rel}","templated":true}]}}