{"id":129359,"date":"2024-11-04T12:21:38","date_gmt":"2024-11-04T15:21:38","guid":{"rendered":"https:\/\/cdnoticias.com\/?p=129359"},"modified":"2024-11-04T12:21:40","modified_gmt":"2024-11-04T15:21:40","slug":"este-no-es-jose-sbarra-se-presentara-en-la-feria-del-libro","status":"publish","type":"post","link":"https:\/\/cdnoticias.com\/index.php\/2024\/11\/04\/este-no-es-jose-sbarra-se-presentara-en-la-feria-del-libro\/","title":{"rendered":"\u201cEste no es Jos\u00e9 Sbarra\u201d se presentar\u00e1 en la Feria del Libro\u00a0"},"content":{"rendered":"\n<p>Se trata de la primera biograf\u00eda oficial del escritor Jos\u00e9 Sbarra. El libro fue recientemente editado por la editorial independiente Del Altillo.&nbsp;<\/p>\n\n\n\n<hr class=\"wp-block-separator aligncenter has-alpha-channel-opacity\"\/>\n\n\n\n<p>La<strong> primera biograf\u00eda oficial del escritor Jos\u00e9 Sbarra<\/strong> ser\u00e1 <strong>presentada en la Feria y Festival del Libro<\/strong> de nuestra ciudad.\u00a0La ocasi\u00f3n tambi\u00e9n servir\u00e1 de homenaje a este escritor ya que habr\u00e1 un Circo de Poes\u00eda y el estreno de un espect\u00e1culo basado en un cuento infantil de Sbarra.\u00a0<\/p>\n\n\n\n<p><\/p>\n\n\n\n<p>El evento ser\u00e1 el <strong>s\u00e1bado 9 de noviembre desde las 17 horas en el Centro Cultural San Jos\u00e9.<\/strong> El libro \u201c<strong><em>Este no es Jos\u00e9 Sbarra\u201d<\/em> <\/strong>es la primera biograf\u00eda oficial ya que \u201clos tres alumnos preferidos de Jos\u00e9 Sbarra: Claudia Carrizo, Mirna Rey y Guillermo Del Zotto -a quien el autor declar\u00f3 su bi\u00f3grafo oficial-, <strong>ofrecen su mirada y dan testimonio de una \u00e9poca compartida<\/strong> con su maestro durante los \u00faltimos coletazos del under porte\u00f1o\u201d.<\/p>\n\n\n\n<p><\/p>\n\n\n\n<blockquote class=\"wp-block-quote is-layout-flow wp-block-quote-is-layout-flow\">\n<p>Los tres autores estar\u00e1n presentes y adem\u00e1s realizar\u00e1n un homenaje al Circo de Poes\u00eda, la creaci\u00f3n de Jos\u00e9 Sbarra que tuvo su exitosa versi\u00f3n en Olavarr\u00eda durante m\u00e1s de 12 a\u00f1os.<\/p>\n<\/blockquote>\n\n\n\n<p><\/p>\n\n\n\n<p>Luego de la presentaci\u00f3n del libro, en el espacio dedicado a las infancias, se realizar\u00e1 el <strong>estreno del espect\u00e1culo \u201cEsc\u00e1ndalo en el bicher\u00edo\u201d.\u00a0<\/strong>Se trata de una adaptaci\u00f3n del cuento infantil de Jos\u00e9 Sbarra que estar\u00e1 a cargo de Mart\u00edn Est\u00e9vez y Guillermo Del Zotto.<\/p>\n\n\n\n<p><\/p>\n\n\n\n<p>El libro <em><strong>\u201cEste no es Jos\u00e9 Sbarra\u201d<\/strong><\/em> fue editado recientemente por la <strong>editorial independiente Del Altillo <\/strong>que <strong>estar\u00e1 presente durante la feria<\/strong> con la exhibici\u00f3n de los t\u00edtulos editados que son de diversos g\u00e9neros y autores de Olavarr\u00eda y la zona.<\/p>\n\n\n\n<p><\/p>\n","protected":false},"excerpt":{"rendered":"<p>Se trata de la primera biograf\u00eda oficial del escritor Jos\u00e9 Sbarra. El libro fue recientemente editado por la editorial independiente<\/p>\n","protected":false},"author":6,"featured_media":129363,"comment_status":"closed","ping_status":"closed","sticky":false,"template":"","format":"standard","meta":{"_jetpack_memberships_contains_paid_content":false,"footnotes":""},"categories":[9,1],"tags":[],"class_list":["post-129359","post","type-post","status-publish","format-standard","has-post-thumbnail","hentry","category-cultura","category-portada"],"jetpack_featured_media_url":"https:\/\/i0.wp.com\/cdnoticias.com\/wp-content\/uploads\/2024\/11\/este-no-es-jose-sbarra-libro-tapa.jpg?fit=900%2C598&ssl=1","jetpack_sharing_enabled":true,"_links":{"self":[{"href":"https:\/\/cdnoticias.com\/index.php\/wp-json\/wp\/v2\/posts\/129359","targetHints":{"allow":["GET"]}}],"collection":[{"href":"https:\/\/cdnoticias.com\/index.php\/wp-json\/wp\/v2\/posts"}],"about":[{"href":"https:\/\/cdnoticias.com\/index.php\/wp-json\/wp\/v2\/types\/post"}],"author":[{"embeddable":true,"href":"https:\/\/cdnoticias.com\/index.php\/wp-json\/wp\/v2\/users\/6"}],"replies":[{"embeddable":true,"href":"https:\/\/cdnoticias.com\/index.php\/wp-json\/wp\/v2\/comments?post=129359"}],"version-history":[{"count":0,"href":"https:\/\/cdnoticias.com\/index.php\/wp-json\/wp\/v2\/posts\/129359\/revisions"}],"wp:featuredmedia":[{"embeddable":true,"href":"https:\/\/cdnoticias.com\/index.php\/wp-json\/wp\/v2\/media\/129363"}],"wp:attachment":[{"href":"https:\/\/cdnoticias.com\/index.php\/wp-json\/wp\/v2\/media?parent=129359"}],"wp:term":[{"taxonomy":"category","embeddable":true,"href":"https:\/\/cdnoticias.com\/index.php\/wp-json\/wp\/v2\/categories?post=129359"},{"taxonomy":"post_tag","embeddable":true,"href":"https:\/\/cdnoticias.com\/index.php\/wp-json\/wp\/v2\/tags?post=129359"}],"curies":[{"name":"wp","href":"https:\/\/api.w.org\/{rel}","templated":true}]}}