{"id":129306,"date":"2024-11-01T08:22:46","date_gmt":"2024-11-01T11:22:46","guid":{"rendered":"https:\/\/cdnoticias.com\/?p=129306"},"modified":"2024-11-01T08:22:48","modified_gmt":"2024-11-01T11:22:48","slug":"paciente-de-pami-ya-tiene-turno-es-para-mayo-de-2025","status":"publish","type":"post","link":"https:\/\/cdnoticias.com\/index.php\/2024\/11\/01\/paciente-de-pami-ya-tiene-turno-es-para-mayo-de-2025\/","title":{"rendered":"Paciente de PAMI ya tiene turno: es para mayo de 2025"},"content":{"rendered":"<p>El afiliado de la obra social, con antecedentes de salud que demandan urgencia, cuestion\u00f3 la demora en la atenci\u00f3n, en este caso de 6 meses. Si accede a la consulta particular \u201cme atiende ma\u00f1ana\u201d.<!--more--><\/p>\n<hr \/>\n<p>Un hombre que es <strong>afiliado a PAMI<\/strong> expuso sus<strong> quejas por la demora en la atenci\u00f3n m\u00e9dica<\/strong> para practicarse un estudio con un especialista.<\/p>\n<blockquote><p>Este mi\u00e9rcoles solicit\u00f3 el turno en el Hospital Municipal: se lo dieron para el 5 de mayo de 2025.<\/p><\/blockquote>\n<p>El paciente <strong>requiere este estudio para descartar o confirmar complicaciones en su estado de salud<\/strong> y tiene<strong> antecedentes que demandan la urgencia<\/strong> en la pr\u00e1ctica.<\/p>\n<p>Mostr\u00f3 el turno otorgado en el centro de salud municipal y afirm\u00f3 que <strong>el mismo profesional \u201cme atiende ma\u00f1ana\u201d si accede a la consulta particular<\/strong> y paga el costo de la pr\u00e1ctica, de <strong>unos 280 mil pesos.<\/strong><\/p>\n<p>El hombre pidi\u00f3 no exponer los detalles del profesional en cuesti\u00f3n ya que se\u00f1al\u00f3 que<strong> se trata de una situaci\u00f3n habitual que se vive para los pacientes de PAMI<\/strong>: los turnos se entregan con<strong> una demora considerable<\/strong> a trav\u00e9s de la obra social, pero si se concretan <strong>de forma particular los tiempos se aceleran<\/strong>. \u00c9l mismo ha decidido \u201cpagar para que me atiendan m\u00e1s r\u00e1pido\u201d, pero en este caso consider\u00f3 que adem\u00e1s es<strong> \u201cexcesivo\u201d el retraso -de 6 meses- para un estudio que requiere celeridad.<\/strong><\/p>\n","protected":false},"excerpt":{"rendered":"<p>El afiliado de la obra social, con antecedentes de salud que demandan urgencia, cuestion\u00f3 la demora en la atenci\u00f3n, en<\/p>\n","protected":false},"author":4,"featured_media":129307,"comment_status":"closed","ping_status":"closed","sticky":false,"template":"","format":"standard","meta":{"_jetpack_memberships_contains_paid_content":false,"footnotes":""},"categories":[5,1],"tags":[],"class_list":["post-129306","post","type-post","status-publish","format-standard","has-post-thumbnail","hentry","category-informacion-general","category-portada"],"jetpack_featured_media_url":"https:\/\/i0.wp.com\/cdnoticias.com\/wp-content\/uploads\/2024\/11\/turno-hospital-mayo-2025.jpg?fit=800%2C445&ssl=1","jetpack_sharing_enabled":true,"_links":{"self":[{"href":"https:\/\/cdnoticias.com\/index.php\/wp-json\/wp\/v2\/posts\/129306","targetHints":{"allow":["GET"]}}],"collection":[{"href":"https:\/\/cdnoticias.com\/index.php\/wp-json\/wp\/v2\/posts"}],"about":[{"href":"https:\/\/cdnoticias.com\/index.php\/wp-json\/wp\/v2\/types\/post"}],"author":[{"embeddable":true,"href":"https:\/\/cdnoticias.com\/index.php\/wp-json\/wp\/v2\/users\/4"}],"replies":[{"embeddable":true,"href":"https:\/\/cdnoticias.com\/index.php\/wp-json\/wp\/v2\/comments?post=129306"}],"version-history":[{"count":0,"href":"https:\/\/cdnoticias.com\/index.php\/wp-json\/wp\/v2\/posts\/129306\/revisions"}],"wp:featuredmedia":[{"embeddable":true,"href":"https:\/\/cdnoticias.com\/index.php\/wp-json\/wp\/v2\/media\/129307"}],"wp:attachment":[{"href":"https:\/\/cdnoticias.com\/index.php\/wp-json\/wp\/v2\/media?parent=129306"}],"wp:term":[{"taxonomy":"category","embeddable":true,"href":"https:\/\/cdnoticias.com\/index.php\/wp-json\/wp\/v2\/categories?post=129306"},{"taxonomy":"post_tag","embeddable":true,"href":"https:\/\/cdnoticias.com\/index.php\/wp-json\/wp\/v2\/tags?post=129306"}],"curies":[{"name":"wp","href":"https:\/\/api.w.org\/{rel}","templated":true}]}}