{"id":129259,"date":"2024-11-06T09:58:34","date_gmt":"2024-11-06T12:58:34","guid":{"rendered":"https:\/\/cdnoticias.com\/?p=129259"},"modified":"2024-11-06T09:58:36","modified_gmt":"2024-11-06T12:58:36","slug":"se-presentara-el-ensamble-municipal-de-musica-popular-octavio-sabatini","status":"publish","type":"post","link":"https:\/\/cdnoticias.com\/index.php\/2024\/11\/06\/se-presentara-el-ensamble-municipal-de-musica-popular-octavio-sabatini\/","title":{"rendered":"Se presentar\u00e1 el Ensamble Municipal de M\u00fasica Popular Octavio Sabatini"},"content":{"rendered":"\n<p>Ser\u00e1 el pr\u00f3ximo viernes 8 de noviembre en la Casa del Bicentenario. Entrada libre y gratuita.&nbsp;<\/p>\n\n\n\n<hr class=\"wp-block-separator aligncenter has-alpha-channel-opacity\"\/>\n\n\n\n<p>El pr\u00f3ximo <strong>viernes 8 de noviembre<\/strong> se presentar\u00e1 el <strong>Ensamble Municipal de M\u00fasica Popular Octavio Sabatini <\/strong>en la<strong> Casa del Bicentenario.\u00a0<\/strong><\/p>\n\n\n\n<p><\/p>\n\n\n\n<p>El evento<strong> comenzar\u00e1 a las 20:30 horas con entrada libre <\/strong>y a <strong>beneficio del Hogar de Ancianos San Vicente de Paul. <\/strong>La actividad cuenta con la colaboraci\u00f3n del Municipio de Olavarr\u00eda.<\/p>\n\n\n\n<p><\/p>\n\n\n\n<p>Por \u00faltimo, se pide la<strong> colaboraci\u00f3n a los asistentes con alimentos y art\u00edculos de higiene personal.<\/strong><\/p>\n","protected":false},"excerpt":{"rendered":"<p>Ser\u00e1 el pr\u00f3ximo viernes 8 de noviembre en la Casa del Bicentenario. Entrada libre y gratuita.&nbsp; El pr\u00f3ximo viernes 8<\/p>\n","protected":false},"author":6,"featured_media":50363,"comment_status":"closed","ping_status":"closed","sticky":false,"template":"","format":"standard","meta":{"_jetpack_memberships_contains_paid_content":false,"footnotes":""},"categories":[9,1],"tags":[],"class_list":["post-129259","post","type-post","status-publish","format-standard","has-post-thumbnail","hentry","category-cultura","category-portada"],"jetpack_featured_media_url":"https:\/\/i0.wp.com\/cdnoticias.com\/wp-content\/uploads\/2022\/03\/Casa-del-Bicentenario-Drone.jpg?fit=800%2C445&ssl=1","jetpack_sharing_enabled":true,"_links":{"self":[{"href":"https:\/\/cdnoticias.com\/index.php\/wp-json\/wp\/v2\/posts\/129259","targetHints":{"allow":["GET"]}}],"collection":[{"href":"https:\/\/cdnoticias.com\/index.php\/wp-json\/wp\/v2\/posts"}],"about":[{"href":"https:\/\/cdnoticias.com\/index.php\/wp-json\/wp\/v2\/types\/post"}],"author":[{"embeddable":true,"href":"https:\/\/cdnoticias.com\/index.php\/wp-json\/wp\/v2\/users\/6"}],"replies":[{"embeddable":true,"href":"https:\/\/cdnoticias.com\/index.php\/wp-json\/wp\/v2\/comments?post=129259"}],"version-history":[{"count":0,"href":"https:\/\/cdnoticias.com\/index.php\/wp-json\/wp\/v2\/posts\/129259\/revisions"}],"wp:featuredmedia":[{"embeddable":true,"href":"https:\/\/cdnoticias.com\/index.php\/wp-json\/wp\/v2\/media\/50363"}],"wp:attachment":[{"href":"https:\/\/cdnoticias.com\/index.php\/wp-json\/wp\/v2\/media?parent=129259"}],"wp:term":[{"taxonomy":"category","embeddable":true,"href":"https:\/\/cdnoticias.com\/index.php\/wp-json\/wp\/v2\/categories?post=129259"},{"taxonomy":"post_tag","embeddable":true,"href":"https:\/\/cdnoticias.com\/index.php\/wp-json\/wp\/v2\/tags?post=129259"}],"curies":[{"name":"wp","href":"https:\/\/api.w.org\/{rel}","templated":true}]}}