{"id":129242,"date":"2024-10-31T15:49:53","date_gmt":"2024-10-31T18:49:53","guid":{"rendered":"https:\/\/cdnoticias.com\/?p=129242"},"modified":"2024-10-31T18:03:27","modified_gmt":"2024-10-31T21:03:27","slug":"la-deuda-con-cammesa-es-impagable-mientras-con-la-tarifa-no-se-le-pueda-hacer-frente","status":"publish","type":"post","link":"https:\/\/cdnoticias.com\/index.php\/2024\/10\/31\/la-deuda-con-cammesa-es-impagable-mientras-con-la-tarifa-no-se-le-pueda-hacer-frente\/","title":{"rendered":"\u201cLa deuda con CAMMESA es impagable mientras con la tarifa no se le pueda hacer frente\u201d"},"content":{"rendered":"<p>Oscar L\u00f3pez, gerente de Coordinaci\u00f3n Ejecutiva de Coopelectric, habl\u00f3 con Central de Noticias. La cooperativa no recibi\u00f3 informaci\u00f3n de INAES sobre una intervenci\u00f3n: \u201cno es un tema que nos preocupa demasiado, nos preocupa la deuda\u201d dijo.<!--more--><\/p>\n<hr \/>\n<p>Este mi\u00e9rcoles <a href=\"https:\/\/cdnoticias.com\/index.php\/2024\/10\/30\/cammesa-reclama-deuda-y-anuncio-que-intervendra-coopelectric\/\" target=\"_blank\" rel=\"noopener\">trascendi\u00f3 en medios nacionales<\/a> que el Instituto Nacional de Asociativismo (INAES) y CAMMESA,<strong> la empresa que controla el mercado mayorista de electricidad, impulsaban la intervenci\u00f3n de siete cooperativas distribuidoras de electricidad<\/strong> por la deuda que mantienen con esa empresa y una de las cuales <strong>es Coopelectric<\/strong>.<\/p>\n<p>Sobre el tema, <strong>Central de Noticias<\/strong> habl\u00f3 con el <strong>gerente de Coordinaci\u00f3n Ejecutiva, Oscar L\u00f3pez<\/strong>, quien este jueves subray\u00f3 que <strong>\u201cnosotros no tenemos ninguna informaci\u00f3n. Lo \u00fanico que hemos tenido es informaci\u00f3n de los medios que sali\u00f3 ayer<\/strong>. As\u00ed que de este tema no puedo profundizar m\u00e1s hasta que no tenga comunicaci\u00f3n formal\u201d.<\/p>\n<p>INAES es el organismo de control de las cooperativas en todo el pa\u00eds y entre sus atribuciones, previstas en la Ley 20.337, puede hacer intervenciones y auditor\u00edas. L\u00f3pez indic\u00f3 que en ese marco, \u201cno hay ning\u00fan problema. Inclusive, para la asamblea se le ha mandado toda la documentaci\u00f3n, los balances, la memoria. Todo lo que pide la ley y cumplimentado. As\u00ed que<strong> si el INAES quiere venir o necesita ver algo de la cooperativa lo puede hacer perfectamente. Si CAMMESA le pide a INAES que venga, ya es una cuesti\u00f3n a nivel del Gobierno Nacional<\/strong> que no la puedo manejar. Pero tampoco es una cosa que vaya a producir alg\u00fan inconveniente. Es decir, <strong>simplemente supongo que CAMESA querr\u00e1 ver y confirmar lo que se le viene diciendo\u201d<\/strong>.<\/p>\n<blockquote><p>Es que desde hace un a\u00f1o y medio, Coopelectric ha informado a la empresa mayorista que no est\u00e1 en condiciones de pagar los costos del abastecimiento. \u201cDurante el \u00faltimo a\u00f1o y medio a CAMMESA se le viene diciendo que la tarifa provincial no alcanza para cubrir los costos. Por lo tanto, la cooperativa, con lo que cobra de energ\u00eda el\u00e9ctrica, primero paga los sueldos, despu\u00e9s compra los materiales para brindar servicio y todo lo dem\u00e1s se lo paga a CAMMESA\u201d afirm\u00f3.<\/p><\/blockquote>\n<p><img data-recalc-dims=\"1\" loading=\"lazy\" decoding=\"async\" class=\"size-full wp-image-129129 aligncenter\" src=\"https:\/\/i0.wp.com\/cdnoticias.com\/wp-content\/uploads\/2024\/10\/coopelectric-00.jpg?resize=800%2C445&#038;ssl=1\" alt=\"\" width=\"800\" height=\"445\" srcset=\"https:\/\/i0.wp.com\/cdnoticias.com\/wp-content\/uploads\/2024\/10\/coopelectric-00.jpg?w=1000&amp;ssl=1 1000w, https:\/\/i0.wp.com\/cdnoticias.com\/wp-content\/uploads\/2024\/10\/coopelectric-00.jpg?resize=300%2C167&amp;ssl=1 300w, https:\/\/i0.wp.com\/cdnoticias.com\/wp-content\/uploads\/2024\/10\/coopelectric-00.jpg?resize=768%2C427&amp;ssl=1 768w, https:\/\/i0.wp.com\/cdnoticias.com\/wp-content\/uploads\/2024\/10\/coopelectric-00.jpg?resize=800%2C445&amp;ssl=1 800w\" sizes=\"auto, (max-width: 800px) 100vw, 800px\" \/><\/p>\n<p>El contador Oscar L\u00f3pez advirti\u00f3 luego que<strong> este d\u00e9ficit de ingresos comenz\u00f3 \u201cen la \u00e9poca de pandemia. Se congelaron tarifas, hubo inflaci\u00f3n\u201d.<\/strong> Y a\u00f1adi\u00f3 que <strong>este a\u00f1o, se dispusieron cambios en la reglamentaci\u00f3n: \u201cCAMMESA sac\u00f3 una resoluci\u00f3n que a partir de junio de este a\u00f1o hab\u00eda que pagar el 100 por 100 de la factura.<\/strong> Nosotros lamentablemente, por una conformaci\u00f3n de mercado distinta a las dem\u00e1s distribuidoras, <strong>no podemos pagarlo<\/strong> porque no conseguimos recaudar lo suficiente\u201d.<\/p>\n<p>Detall\u00f3, que modo de ejemplo, que <strong>Coopelectric pag\u00f3 en junio el 40% de los reclamado y en julio se cumpli\u00f3 con el pago total. \u201cReci\u00e9n acabo de firmar la liquidaci\u00f3n de un mes que le pagamos el 68%, casi 1.000 millones de pesos de energ\u00eda.<\/strong> Creo que el reclamo de CAMESA est\u00e1 mezclado con otras cooperativas que no tienen el problema nuestro, tienen un juicio con la Naci\u00f3n por temas tarifarios\u201d expres\u00f3 el Gerente. Cabe se\u00f1alar que as\u00ed se expres\u00f3 desde la empresa mayorista, al <em>dar cuenta de un reclamo judicial que tramita en la Justicia Federal de Dolores donde la protagonista es la cooperativa del municipio de Villa Gesell, otra de las se\u00f1aladas para intervenir<\/em>.<\/p>\n<p>Acerca de este punto, L\u00f3pez dej\u00f3 en claro que <strong>con Coopelectric \u201cno estamos en el reclamo de Villa Gesell. No tenemos juicio con la Naci\u00f3n<\/strong>, no tenemos juicio en la Provincia. Nosotros simplemente lo que tenemos es una deuda con CAMMESA por pago del suministro el\u00e9ctrico\u201d.<\/p>\n<h3>Las cooperativas el\u00e9ctricas:<\/h3>\n<h3>\u201cen su mayor\u00eda cumplen\u201d<\/h3>\n<p>\u201cEl INAES es un \u00f3rgano que agrupa a todas las cooperativas. Hablamos de cooperativitas, cooperativas de trabajo, cooperativas obreras. Tiene un amplio espectro\u201d se\u00f1al\u00f3 L\u00f3pez. Adem\u00e1s, cont\u00f3 \u201cen el \u00faltimo tiempo\u201d el organismo se aboc\u00f3 que a \u201clas cooperativas de trabajo formadas por movimientos sociales\u201d.<\/p>\n<p><strong>\u201cEl tema cooperativo el\u00e9ctrico o de servicios p\u00fablicos no es un tema que lo preocupara porque en su mayor\u00eda todas cumplen con la reglamentaci\u00f3n<\/strong>. Tienen \u00f3rganos de contralor, tienen auditor\u00eda, tienen auditor\u00eda interna, tienen sindicatura. O sea el control de INAES es formal, no institucional porque la misma instituci\u00f3n tiene el organismo para hacer el autocontrol\u201d destac\u00f3.<\/p>\n<p>En ese sentido, respondi\u00f3 que <strong>lo anunciado sobre intervenciones a cooperativas el\u00e9ctricas \u201cno es normal.<\/strong> En alguna oportunidad se hizo pero tampoco, te vuelvo a repetir,<strong> no es un tema que nos preocupa demasiado, nos preocupa la deuda con CAMMESA<\/strong>. Aparte lo recuerdo: la cooperativa Olavarr\u00eda tiene 92 a\u00f1os prestando servicio\u201d.<\/p>\n<p><img data-recalc-dims=\"1\" loading=\"lazy\" decoding=\"async\" class=\"size-full wp-image-129245 aligncenter\" src=\"https:\/\/i0.wp.com\/cdnoticias.com\/wp-content\/uploads\/2024\/10\/oscar-lopez-coopelectric-02.jpg?resize=800%2C450&#038;ssl=1\" alt=\"\" width=\"800\" height=\"450\" srcset=\"https:\/\/i0.wp.com\/cdnoticias.com\/wp-content\/uploads\/2024\/10\/oscar-lopez-coopelectric-02.jpg?w=1000&amp;ssl=1 1000w, https:\/\/i0.wp.com\/cdnoticias.com\/wp-content\/uploads\/2024\/10\/oscar-lopez-coopelectric-02.jpg?resize=300%2C169&amp;ssl=1 300w, https:\/\/i0.wp.com\/cdnoticias.com\/wp-content\/uploads\/2024\/10\/oscar-lopez-coopelectric-02.jpg?resize=768%2C432&amp;ssl=1 768w\" sizes=\"auto, (max-width: 800px) 100vw, 800px\" \/><\/p>\n<h3>Sin suba tarifaria sigue<\/h3>\n<h3>la deuda y cae la calidad<\/h3>\n<blockquote><p>\u201cLa deuda con CAMMESA es impagable mientras la tarifa no tenga un pedacito para poder hacer frente a la deuda. Los n\u00fameros de la cooperativa est\u00e1n totalmente saneados en cualquier aspecto. Por el lado de los costos esto no se arregla. Se arregla por el lado de los ingresos\u201d subray\u00f3 L\u00f3pez. Inform\u00f3 con ello que mientras hace 15 a\u00f1os que Coopelectric tiene la misma cantidad de empleados, aument\u00f3 el n\u00famero de usuarios en alrededor de 30%.<\/p><\/blockquote>\n<p>Present\u00f3 comparaciones con otras cooperativas de la provincia y se\u00f1al\u00f3 que se ven amplias diferencias en los consumos por usuario residencial, as\u00ed como en las estructuras de cada prestadora, lo que implica diferencias en los ingresos y en los gastos. Respecto de <strong>la distribuidora de Olavarr\u00eda se\u00f1al\u00f3 como caracter\u00edstica distintiva -y con alto impacto en los costos- el sistema rural<\/strong>.<strong> \u201cEn el mercado el\u00e9ctrico nadie es igual a nadie, somos todos distintos y Olavarr\u00eda tiene particularidades que si no se atienden espec\u00edficamente con la tarifa provincial nunca la va a cerrar\u201d <\/strong>plante\u00f3.<\/p>\n<p>Se remiti\u00f3 a lo sucedido en 1996,<strong> \u201ctiene que ser una tarifa provincial como fue al inicio.<\/strong> Al inicio de todo el sistema, de la Ley 11769,<strong> la tarifa era alta entonces el mercado total de Olavarr\u00eda compensaba el mercado el\u00e9ctrico rural.<\/strong> Se recaudaba la plata por todo y alcanzaba para pagar. Hoy fijaron tarifas por prestaci\u00f3n de servicios a residenciales urbanos y dejaron de lado que Olavarr\u00eda tiene 2.000 kil\u00f3metros de l\u00ednea rural. El mercado rural cuesta a la cooperativa el 20% del total de los costos y aporta como ingreso el 2%. Entonces hay un tema que la Provincia no lo ve, o los funcionarios no lo ven, que estamos cansados de explicarlo\u201d.<\/p>\n<p><img data-recalc-dims=\"1\" loading=\"lazy\" decoding=\"async\" class=\"size-full wp-image-90030 aligncenter\" src=\"https:\/\/i0.wp.com\/cdnoticias.com\/wp-content\/uploads\/2023\/07\/coopelectric-electricidad-03.jpg?resize=800%2C445&#038;ssl=1\" alt=\"\" width=\"800\" height=\"445\" srcset=\"https:\/\/i0.wp.com\/cdnoticias.com\/wp-content\/uploads\/2023\/07\/coopelectric-electricidad-03.jpg?w=800&amp;ssl=1 800w, https:\/\/i0.wp.com\/cdnoticias.com\/wp-content\/uploads\/2023\/07\/coopelectric-electricidad-03.jpg?resize=300%2C167&amp;ssl=1 300w, https:\/\/i0.wp.com\/cdnoticias.com\/wp-content\/uploads\/2023\/07\/coopelectric-electricidad-03.jpg?resize=768%2C427&amp;ssl=1 768w\" sizes=\"auto, (max-width: 800px) 100vw, 800px\" \/><\/p>\n<blockquote><p>En la entrevista tambi\u00e9n se consult\u00f3 por el <a href=\"https:\/\/cdnoticias.com\/index.php\/2024\/10\/31\/suba-del-agua-coopelectric-pidio-agregar-una-cuota-capital\/\" target=\"_blank\" rel=\"noopener\">servicio de obras sanitarias y el pedido de aumento tarifario<\/a>. Tanto sobre el servicio de agua que concesiona el Municipio como sobre el de electricidad que concesiona la Provincia, desde Coopelectric se apunt\u00f3 a retrasos en la fijaci\u00f3n de los valores de las tarifas. \u201cLa tarifa el\u00e9ctrica tarifa y la de agua se calcula en funci\u00f3n al servicio que se va a prestar o que se exige, se necesita un mont\u00f3n de insumos para ello. Entonces, cuando no ten\u00e9s la cantidad de insumos, empieza a bajar la calidad de la prestaci\u00f3n. Al no aprobar tarifas por motivos pol\u00edticos, est\u00e1n generando que la calidad del servicio que tiene el Partido de Olavarr\u00eda vaya decreciendo porque no se hacen las inversiones necesarias. En el caso de energ\u00eda el\u00e9ctrica, nosotros tenemos que hacer las inversiones y al no tener tarifas, se hace mantenimiento solamente. En el caso de Obras Sanitarias est\u00e1 el FOI (Fondo de Obras de Infraestructura), que est\u00e1 relacionado a la tarifa. Y si no hay tarifa, no hay FOI y no hay plata en el Municipio para hacer obras de infraestructura\u201d.<\/p><\/blockquote>\n<p>Al cierre de la charla, L\u00f3pez introdujo sobre este aspecto que los<strong> costos de reparaci\u00f3n de los da\u00f1os causados con las tormentas de diciembre del a\u00f1o pasado<\/strong> ascendieron a<strong> 1.000 millones de pesos para Coopelectric<\/strong>. Remarc\u00f3 que para afrontarlos,<strong> la cooperativa no recibi\u00f3 aportes extra, s\u00f3lo los que sum\u00f3 el OCEBA<\/strong> <a href=\"https:\/\/cdnoticias.com\/index.php\/2024\/02\/19\/oceba-aprobo-868-millones-para-coopelectric-por-los-danos-tras-los-temporales-de-diciembre\/\" target=\"_blank\" rel=\"noopener\">a trav\u00e9s del Fondo de Emergencia que aportan todas las cooperativas el\u00e9ctricas<\/a> por<strong> unos 86 millones de pesos.<\/strong><\/p>\n<h3>Asamblea<\/h3>\n<p>La deuda de Coopelectric con CAMMESA era uno de los puntos incluidos en la<strong> 93\u00aa Asamblea General Ordinaria<\/strong> que se llev\u00f3 a cabo<strong> este mi\u00e9rcoles<\/strong> por la tarde en la cooperativa.<\/p>\n<p>Consultado sobre el tema, L\u00f3pez inform\u00f3 que <strong>el objetivo principal del encuentro fue tratar la \u201cmemoria y balance<\/strong>, todo por el Consejo de Administraci\u00f3n y Sindicatura al 30 de junio\u201d.<\/p>\n<blockquote><p>\u201cEl punto de CAMMESA estaba puesto para explicar todo lo que se hizo durante el 2023-2024, las veces que se fue a hablar, qu\u00e9 se hizo, lo pagado. No obstante, justo ayer sali\u00f3 este tema y se explic\u00f3 esta situaci\u00f3n. Se explic\u00f3, no porque fuera punto de asamblea, sino que como estaban los delegados presentes y es el \u00f3rgano m\u00e1ximo, era l\u00f3gico comunicarlo\u201d.<\/p><\/blockquote>\n","protected":false},"excerpt":{"rendered":"<p>Oscar L\u00f3pez, gerente de Coordinaci\u00f3n Ejecutiva de Coopelectric, habl\u00f3 con Central de Noticias. La cooperativa no recibi\u00f3 informaci\u00f3n de INAES<\/p>\n","protected":false},"author":4,"featured_media":129243,"comment_status":"closed","ping_status":"closed","sticky":false,"template":"","format":"standard","meta":{"_jetpack_memberships_contains_paid_content":false,"footnotes":""},"categories":[5,1],"tags":[],"class_list":["post-129242","post","type-post","status-publish","format-standard","has-post-thumbnail","hentry","category-informacion-general","category-portada"],"jetpack_featured_media_url":"https:\/\/i0.wp.com\/cdnoticias.com\/wp-content\/uploads\/2024\/10\/oscar-lopez-coopelectric-00.jpg?fit=1000%2C557&ssl=1","jetpack_sharing_enabled":true,"_links":{"self":[{"href":"https:\/\/cdnoticias.com\/index.php\/wp-json\/wp\/v2\/posts\/129242","targetHints":{"allow":["GET"]}}],"collection":[{"href":"https:\/\/cdnoticias.com\/index.php\/wp-json\/wp\/v2\/posts"}],"about":[{"href":"https:\/\/cdnoticias.com\/index.php\/wp-json\/wp\/v2\/types\/post"}],"author":[{"embeddable":true,"href":"https:\/\/cdnoticias.com\/index.php\/wp-json\/wp\/v2\/users\/4"}],"replies":[{"embeddable":true,"href":"https:\/\/cdnoticias.com\/index.php\/wp-json\/wp\/v2\/comments?post=129242"}],"version-history":[{"count":0,"href":"https:\/\/cdnoticias.com\/index.php\/wp-json\/wp\/v2\/posts\/129242\/revisions"}],"wp:featuredmedia":[{"embeddable":true,"href":"https:\/\/cdnoticias.com\/index.php\/wp-json\/wp\/v2\/media\/129243"}],"wp:attachment":[{"href":"https:\/\/cdnoticias.com\/index.php\/wp-json\/wp\/v2\/media?parent=129242"}],"wp:term":[{"taxonomy":"category","embeddable":true,"href":"https:\/\/cdnoticias.com\/index.php\/wp-json\/wp\/v2\/categories?post=129242"},{"taxonomy":"post_tag","embeddable":true,"href":"https:\/\/cdnoticias.com\/index.php\/wp-json\/wp\/v2\/tags?post=129242"}],"curies":[{"name":"wp","href":"https:\/\/api.w.org\/{rel}","templated":true}]}}