{"id":129236,"date":"2024-10-31T15:51:10","date_gmt":"2024-10-31T18:51:10","guid":{"rendered":"https:\/\/cdnoticias.com\/?p=129236"},"modified":"2024-10-31T20:00:05","modified_gmt":"2024-10-31T23:00:05","slug":"suba-del-agua-coopelectric-pidio-agregar-una-cuota-capital","status":"publish","type":"post","link":"https:\/\/cdnoticias.com\/index.php\/2024\/10\/31\/suba-del-agua-coopelectric-pidio-agregar-una-cuota-capital\/","title":{"rendered":"Suba del agua: Coopelectric pidi\u00f3 agregar una cuota capital"},"content":{"rendered":"<p>\u201cSuponemos que se tiene que aprobar\u201d la suba en el Concejo Deliberante expres\u00f3 el gerente Oscar L\u00f3pez. El valor ser\u00e1 \u201cequivalente al aumento\u201d, a partir de noviembre y con reducci\u00f3n a partir del cobro de los nuevos valores.<!--more--><\/p>\n<hr \/>\n<p><a href=\"https:\/\/cdnoticias.com\/index.php\/2024\/10\/31\/la-deuda-con-cammesa-es-impagable-mientras-con-la-tarifa-no-se-le-pueda-hacer-frente\/\" target=\"_blank\" rel=\"noopener\">En el marco de la entrevista por la situaci\u00f3n del servicio el\u00e9ctrico<\/a>, <strong>Central de Noticias<\/strong> consult\u00f3 al <strong>Gerente de Coordinaci\u00f3n Ejecutiva de Coopelectric, Oscar L\u00f3pez<\/strong>, sobre la <strong>suba de la tarifa de obras sanitarias<\/strong> que hace casi un a\u00f1o la cooperativa solicit\u00f3 al Ejecutivo y que est\u00e1 <a href=\"https:\/\/cdnoticias.com\/index.php\/2024\/10\/30\/venta-de-lotes-a-loma-negra-y-suba-del-agua-convocatoria-del-hcd-para-el-viernes\/\" target=\"_blank\" rel=\"noopener\">prevista para debatirse en la sesi\u00f3n especial de este viernes<\/a>.<strong> \u201cSuponemos que se tiene que aprobar\u201d<\/strong> respondi\u00f3 ante la consulta.<\/p>\n<blockquote>\n<p>En ese marco, dio a conocer que la concesionaria del servicio de agua y cloacas solicit\u00f3 al Municipio que se habilite el cobro de la cuota capital \u201cequivalente al aumento\u201d, a partir de noviembre y con reducci\u00f3n a partir del cobro de los nuevos valores.<\/p>\n<\/blockquote>\n<p><a href=\"https:\/\/cdnoticias.com\/index.php\/2024\/09\/30\/suba-de-la-tarifa-de-agua-el-tratamiento-tiene-que-ser-urgente-no-solamente-rapido\/\" target=\"_blank\" rel=\"noopener\">Tal como se inform\u00f3<\/a>, <strong>Coopelectric pidi\u00f3 430% de suba y el Ejecutivo autoriz\u00f3 alrededor de 340% de incremento<\/strong>, dictamen incluido en el expediente que llegar\u00e1 a debate en la sesi\u00f3n especial.<\/p>\n<p>\u201cNosotros <strong>pedimos actualizaci\u00f3n tarifaria en diciembre 2023<\/strong>. En marzo se hizo la audiencia p\u00fablica. A principios de junio se present\u00f3 al Concejo Deliberante <strong>el ajuste que daba el Poder Ejecutivo, con el cual no estamos de acuerdo porque no es un an\u00e1lisis t\u00e9cnico, es un an\u00e1lisis contable<\/strong>. Bien hecho, pero es contable. Y reci\u00e9n ahora lo vamos a tratar\u201d repas\u00f3 L\u00f3pez al exponer las distintas instancias de presentaci\u00f3n y an\u00e1lisis del tema.<\/p>\n<p>\u00a0<\/p>\n<p><img data-recalc-dims=\"1\" loading=\"lazy\" decoding=\"async\" class=\"size-full wp-image-129243 aligncenter\" src=\"https:\/\/i0.wp.com\/cdnoticias.com\/wp-content\/uploads\/2024\/10\/oscar-lopez-coopelectric-00.jpg?resize=800%2C446&#038;ssl=1\" alt=\"\" width=\"800\" height=\"446\" srcset=\"https:\/\/i0.wp.com\/cdnoticias.com\/wp-content\/uploads\/2024\/10\/oscar-lopez-coopelectric-00.jpg?w=1000&amp;ssl=1 1000w, https:\/\/i0.wp.com\/cdnoticias.com\/wp-content\/uploads\/2024\/10\/oscar-lopez-coopelectric-00.jpg?resize=300%2C167&amp;ssl=1 300w, https:\/\/i0.wp.com\/cdnoticias.com\/wp-content\/uploads\/2024\/10\/oscar-lopez-coopelectric-00.jpg?resize=768%2C428&amp;ssl=1 768w, https:\/\/i0.wp.com\/cdnoticias.com\/wp-content\/uploads\/2024\/10\/oscar-lopez-coopelectric-00.jpg?resize=800%2C445&amp;ssl=1 800w\" sizes=\"auto, (max-width: 800px) 100vw, 800px\" \/><\/p>\n<p>\u00a0<\/p>\n<p>A su vez, se\u00f1al\u00f3 que <strong>entre que se da la aprobaci\u00f3n<\/strong> del Legislativo para la suba tarifaria y <strong>el ingreso concreto de esos fondos<\/strong> a la cooperativa tambi\u00e9n transcurren <strong>varios meses<\/strong>. En ese punto <strong>justific\u00f3 el pedido de autorizaci\u00f3n para incorporar la cuota capital<\/strong>.<\/p>\n<p>\u201cSupongamos que sale aprobado el d\u00eda viernes, es <strong>para los consumos a partir del 1\u00ba de noviembre<\/strong>. Se van a cobrar cuando un usuario haya consumido por ese valor: todo el mes de noviembre m\u00e1s todo el mes de diciembre. Se va a facturar en la primera quincena de enero y <strong>se cobrar\u00e1 el 10 de febrero\u201d<\/strong> detall\u00f3.<\/p>\n<blockquote>\n<p>En ese punto, el contador inform\u00f3 que \u201cel Consejo de Administraci\u00f3n en la reuni\u00f3n \u00faltima decidi\u00f3 y present\u00f3 al Poder Ejecutivo Municipal una cuota capital equivalente al aumento tarifario, a partir de lo que se facture ahora en noviembre. Esa cuota capital se va a ir reduciendo a partir del a\u00f1o que viene cuando se empiece a cobrar la totalidad de los consumos a los nuevos\u201d.<\/p>\n<\/blockquote>\n<p>\u00bfFue aprobada esta cuota capital pedida?<strong> \u201cEntiendo que el Ejecutivo lo estar\u00eda aprobando\u201d<\/strong> respondi\u00f3.<\/p>\n<p>L\u00f3pez sostuvo que se trata del <strong>mismo mecanismo que ya se aplic\u00f3 a\u00f1os atr\u00e1s<\/strong> ante un escenario similar de necesidad de compensar tarifas: \u201csi vamos un poco a la historia, cuando estaba el intendente Jos\u00e9 Eseverri pas\u00f3 lo mismo. <strong>Hay un dictamen de la Asesor\u00eda Legal del Municipio que lo aprueba. O sea, no estamos haciendo nada nuevo<\/strong>, nada que no se haya aplicado para compensar faltas tarifarias por problemas de aprobaci\u00f3n de actualizaci\u00f3n\u201d.<\/p>\n\n\n<p><\/p>\n","protected":false},"excerpt":{"rendered":"<p>\u201cSuponemos que se tiene que aprobar\u201d la suba en el Concejo Deliberante expres\u00f3 el gerente Oscar L\u00f3pez. El valor ser\u00e1<\/p>\n","protected":false},"author":4,"featured_media":83307,"comment_status":"closed","ping_status":"closed","sticky":false,"template":"","format":"standard","meta":{"_jetpack_memberships_contains_paid_content":false,"footnotes":""},"categories":[5,1],"tags":[],"class_list":["post-129236","post","type-post","status-publish","format-standard","has-post-thumbnail","hentry","category-informacion-general","category-portada"],"jetpack_featured_media_url":"https:\/\/i0.wp.com\/cdnoticias.com\/wp-content\/uploads\/2023\/04\/obras-sanitarias-coopelectric-03.jpg?fit=800%2C445&ssl=1","jetpack_sharing_enabled":true,"_links":{"self":[{"href":"https:\/\/cdnoticias.com\/index.php\/wp-json\/wp\/v2\/posts\/129236","targetHints":{"allow":["GET"]}}],"collection":[{"href":"https:\/\/cdnoticias.com\/index.php\/wp-json\/wp\/v2\/posts"}],"about":[{"href":"https:\/\/cdnoticias.com\/index.php\/wp-json\/wp\/v2\/types\/post"}],"author":[{"embeddable":true,"href":"https:\/\/cdnoticias.com\/index.php\/wp-json\/wp\/v2\/users\/4"}],"replies":[{"embeddable":true,"href":"https:\/\/cdnoticias.com\/index.php\/wp-json\/wp\/v2\/comments?post=129236"}],"version-history":[{"count":0,"href":"https:\/\/cdnoticias.com\/index.php\/wp-json\/wp\/v2\/posts\/129236\/revisions"}],"wp:featuredmedia":[{"embeddable":true,"href":"https:\/\/cdnoticias.com\/index.php\/wp-json\/wp\/v2\/media\/83307"}],"wp:attachment":[{"href":"https:\/\/cdnoticias.com\/index.php\/wp-json\/wp\/v2\/media?parent=129236"}],"wp:term":[{"taxonomy":"category","embeddable":true,"href":"https:\/\/cdnoticias.com\/index.php\/wp-json\/wp\/v2\/categories?post=129236"},{"taxonomy":"post_tag","embeddable":true,"href":"https:\/\/cdnoticias.com\/index.php\/wp-json\/wp\/v2\/tags?post=129236"}],"curies":[{"name":"wp","href":"https:\/\/api.w.org\/{rel}","templated":true}]}}