{"id":129204,"date":"2024-10-31T09:07:36","date_gmt":"2024-10-31T12:07:36","guid":{"rendered":"https:\/\/cdnoticias.com\/?p=129204"},"modified":"2024-10-31T12:23:58","modified_gmt":"2024-10-31T15:23:58","slug":"se-restablecio-la-luz-pero-persiste-el-pedido-de-uso-racional-del-agua","status":"publish","type":"post","link":"https:\/\/cdnoticias.com\/index.php\/2024\/10\/31\/se-restablecio-la-luz-pero-persiste-el-pedido-de-uso-racional-del-agua\/","title":{"rendered":"Se restableci\u00f3 la luz, pero persiste el pedido de uso racional del agua"},"content":{"rendered":"\n<p>La salida de servicio de una l\u00ednea de media tensi\u00f3n afect\u00f3 varios pozos de extracci\u00f3n del servicio de agua.<\/p>\n\n\n\n<hr class=\"wp-block-separator has-alpha-channel-opacity\"\/>\n\n\n\n<p>Este jueves por la ma\u00f1ana se registr\u00f3 la <a href=\"https:\/\/cdnoticias.com\/index.php\/2024\/10\/31\/corte-de-luz-en-varios-sectores-de-olavarria-y-baja-presion-de-agua-en-toda-la-ciudad\/\" data-type=\"link\" data-id=\"https:\/\/cdnoticias.com\/index.php\/2024\/10\/31\/corte-de-luz-en-varios-sectores-de-olavarria-y-baja-presion-de-agua-en-toda-la-ciudad\/\">salida de servicio de la l\u00ednea de media tensi\u00f3n N\u00b0 3. <\/a>Esta situaci\u00f3n afect\u00f3 varios sectores de la ciudad y el sistema rural, incluida la <strong>zona en la que se encuentran varios pozos de extracci\u00f3n del servicio sanitario.<\/strong><\/p>\n\n\n\n<p><\/p>\n\n\n\n<blockquote class=\"wp-block-quote is-layout-flow wp-block-quote-is-layout-flow\">\n<p>Si bien, el servicio el\u00e9ctrico fue repuesto, los niveles de presi\u00f3n del servicio sanitario se ir\u00e1n normalizando de forma paulatina.<\/p>\n<\/blockquote>\n\n\n\n<p><\/p>\n\n\n\n<p>Por tal motivo, desde Coopelectric <strong>solicitaron a los usuarios hacer un uso racional del agua.<\/strong><\/p>\n\n\n\n<p><\/p>\n\n\n\n<figure class=\"wp-block-embed is-type-wp-embed is-provider-central-de-noticias-olavarr-a wp-block-embed-central-de-noticias-olavarr-a\"><div class=\"wp-block-embed__wrapper\">\n<blockquote class=\"wp-embedded-content\" data-secret=\"u6DoRBd1eg\"><a href=\"https:\/\/cdnoticias.com\/index.php\/2024\/10\/31\/corte-de-luz-en-varios-sectores-de-olavarria-y-baja-presion-de-agua-en-toda-la-ciudad\/\">Corte de luz en varios sectores de Olavarr\u00eda y baja presi\u00f3n de agua en toda la ciudad<\/a><\/blockquote><iframe loading=\"lazy\" class=\"wp-embedded-content\" sandbox=\"allow-scripts\" security=\"restricted\" style=\"position: absolute; visibility: hidden;\" title=\"&#8220;Corte de luz en varios sectores de Olavarr\u00eda y baja presi\u00f3n de agua en toda la ciudad&#8221; &#8212; Central de Noticias | Olavarr\u00eda\" src=\"https:\/\/cdnoticias.com\/index.php\/2024\/10\/31\/corte-de-luz-en-varios-sectores-de-olavarria-y-baja-presion-de-agua-en-toda-la-ciudad\/embed\/#?secret=dDnxoT83QE#?secret=u6DoRBd1eg\" data-secret=\"u6DoRBd1eg\" width=\"600\" height=\"338\" frameborder=\"0\" marginwidth=\"0\" marginheight=\"0\" scrolling=\"no\"><\/iframe>\n<\/div><\/figure>\n","protected":false},"excerpt":{"rendered":"<p>La salida de servicio de una l\u00ednea de media tensi\u00f3n afect\u00f3 varios pozos de extracci\u00f3n del servicio de agua. Este<\/p>\n","protected":false},"author":2,"featured_media":129129,"comment_status":"closed","ping_status":"closed","sticky":false,"template":"","format":"standard","meta":{"_jetpack_memberships_contains_paid_content":false,"footnotes":""},"categories":[5,1],"tags":[],"class_list":["post-129204","post","type-post","status-publish","format-standard","has-post-thumbnail","hentry","category-informacion-general","category-portada"],"jetpack_featured_media_url":"https:\/\/i0.wp.com\/cdnoticias.com\/wp-content\/uploads\/2024\/10\/coopelectric-00.jpg?fit=1000%2C556&ssl=1","jetpack_sharing_enabled":true,"_links":{"self":[{"href":"https:\/\/cdnoticias.com\/index.php\/wp-json\/wp\/v2\/posts\/129204","targetHints":{"allow":["GET"]}}],"collection":[{"href":"https:\/\/cdnoticias.com\/index.php\/wp-json\/wp\/v2\/posts"}],"about":[{"href":"https:\/\/cdnoticias.com\/index.php\/wp-json\/wp\/v2\/types\/post"}],"author":[{"embeddable":true,"href":"https:\/\/cdnoticias.com\/index.php\/wp-json\/wp\/v2\/users\/2"}],"replies":[{"embeddable":true,"href":"https:\/\/cdnoticias.com\/index.php\/wp-json\/wp\/v2\/comments?post=129204"}],"version-history":[{"count":0,"href":"https:\/\/cdnoticias.com\/index.php\/wp-json\/wp\/v2\/posts\/129204\/revisions"}],"wp:featuredmedia":[{"embeddable":true,"href":"https:\/\/cdnoticias.com\/index.php\/wp-json\/wp\/v2\/media\/129129"}],"wp:attachment":[{"href":"https:\/\/cdnoticias.com\/index.php\/wp-json\/wp\/v2\/media?parent=129204"}],"wp:term":[{"taxonomy":"category","embeddable":true,"href":"https:\/\/cdnoticias.com\/index.php\/wp-json\/wp\/v2\/categories?post=129204"},{"taxonomy":"post_tag","embeddable":true,"href":"https:\/\/cdnoticias.com\/index.php\/wp-json\/wp\/v2\/tags?post=129204"}],"curies":[{"name":"wp","href":"https:\/\/api.w.org\/{rel}","templated":true}]}}