{"id":129179,"date":"2024-10-31T08:26:22","date_gmt":"2024-10-31T11:26:22","guid":{"rendered":"https:\/\/cdnoticias.com\/?p=129179"},"modified":"2024-10-31T10:53:38","modified_gmt":"2024-10-31T13:53:38","slug":"juicio-por-el-crimen-de-cordero-tramo-final","status":"publish","type":"post","link":"https:\/\/cdnoticias.com\/index.php\/2024\/10\/31\/juicio-por-el-crimen-de-cordero-tramo-final\/","title":{"rendered":"Juicio por el crimen de Cordero: tramo final"},"content":{"rendered":"<p>Esta semana se concretaron dos audiencias con testigos de la Fiscal\u00eda y la segunda fue suspendida. La pr\u00f3xima jornada se program\u00f3 para el 6 de noviembre y se espera que sea la \u00faltima con testimonios de las partes.<!--more--><\/p>\n<hr \/>\n<p><em>Producci\u00f3n: Dar\u00edo Machado | Especial para Central de Noticias<\/em><\/p>\n<p>El <strong>juicio por el homicidio de Carlos Cordero<\/strong>, ocurrido en <strong>junio de 2019 en Olavarr\u00eda<\/strong>, entra en su <strong>tramo final<\/strong>. Esta semana se llevaron adelante <strong>dos audiencias con testigos de la Fiscal\u00eda<\/strong>, en todos los casos peritos. <strong>El 6 de noviembre se desarrollar\u00eda la \u00faltima jornada de testimonios<\/strong>.<\/p>\n<p>El asesinato de Carlos Cordero tiene a dos personas imputadas, <strong>Claudio Ibarra Arrieta (44) y Anabella Landalde (27)<\/strong>. Ambos permanecen <strong>detenidos desde 2019<\/strong> y est\u00e1n imputados como coautores del delito de <strong>\u201chomicidio doblemente agravado por el uso de arma de fuego y por su comisi\u00f3n con alevos\u00eda\u201d<\/strong>.<\/p>\n<p>Cabe se\u00f1alar que, subsidiariamente, <strong>Ibarra Arrieta est\u00e1 siendo juzgado por un hecho de \u201cda\u00f1o agravado\u201d registrado el 17 de mayo de 2019<\/strong> cuando el hombre que hoy tiene 44 a\u00f1os <strong>choc\u00f3 a un patrullero<\/strong> en Jun\u00edn al 800 y se dio a la fuga.<\/p>\n<p>El juicio oral se desarrolla desde el pasado 11 de octubre<strong> en el Tribunal Oral en lo Criminal N\u00ba 2 de Azul<\/strong> a cargo de las <strong>juezas Mar\u00eda Alejandra Raverta, Silvia Torres e In\u00e9s Olmedo<\/strong>. La<strong> Fiscal\u00eda<\/strong> est\u00e1 representada por la fiscal <strong>Mar\u00eda Paula Serrano<\/strong>. Las defensas est\u00e1n a cargo de la <strong>defensora oficial de Olavarr\u00eda, Soledad Kelly, quien representa a Ibarra Arrieta<\/strong>, y por <strong>Adriana Hern\u00e1ndez, defensora oficial de Landalde<\/strong>.<\/p>\n<figure id=\"attachment_127062\" aria-describedby=\"caption-attachment-127062\" style=\"width: 450px\" class=\"wp-caption aligncenter\"><img data-recalc-dims=\"1\" loading=\"lazy\" decoding=\"async\" class=\"wp-image-127062 size-full\" src=\"https:\/\/i0.wp.com\/cdnoticias.com\/wp-content\/uploads\/2024\/10\/caso-cordero-detencion-ibarra-arrieta-05.jpg?resize=450%2C475&#038;ssl=1\" alt=\"\" width=\"450\" height=\"475\" srcset=\"https:\/\/i0.wp.com\/cdnoticias.com\/wp-content\/uploads\/2024\/10\/caso-cordero-detencion-ibarra-arrieta-05.jpg?w=450&amp;ssl=1 450w, https:\/\/i0.wp.com\/cdnoticias.com\/wp-content\/uploads\/2024\/10\/caso-cordero-detencion-ibarra-arrieta-05.jpg?resize=284%2C300&amp;ssl=1 284w\" sizes=\"auto, (max-width: 450px) 100vw, 450px\" \/><figcaption id=\"caption-attachment-127062\" class=\"wp-caption-text\">Ibarra Arrieta, detenido desde 2019: es juzgado como coautor del homicidio de Cordero y tambi\u00e9n por &#8220;da\u00f1o&#8221;.<\/figcaption><\/figure>\n<p><strong>Las \u00faltimas dos audiencias se concretaron esta semana, pero la \u00faltima, del martes, debi\u00f3 suspenderse<\/strong> debido a que una de las juezas tuvo un inconveniente personal. Para lo que resta del proceso oral<strong> se esperan las declaraciones de entre cuatro o cinco testigos<\/strong>, tanto de la parte acusatoria como de la defensa, y en todos los casos se tratar\u00eda de peritos.<\/p>\n<h3>Los testimonios<\/h3>\n<p>En la audiencia del lunes <strong>declar\u00f3 el perito bal\u00edstico Mart\u00edn Garc\u00eda, quien expuso sobre el peritaje a las armas de fuego<\/strong> secuestradas al acusado Ibarra Arrieta. Fueron<strong> tres escopetas, una de ellas calibre 1270<\/strong> que tendr\u00eda las mismas caracter\u00edsticas que una que se <strong>puede relacionar con la escena del crimen<\/strong>.<\/p>\n<p>Se trata del arma que <strong>los investigadores observaron en una fotograf\u00eda que se extrajo del celular de Ibarra Arrieta<\/strong>, en la que <strong>se ven al imputado, la escopeta y el cuerpo de Cordero con un disparo de arma de fuego en su cara<\/strong>. Los peritos establecieron que esa imagen fue tomada el d\u00eda de la desaparici\u00f3n de Cordero en el interior de la vivienda de Pourtal\u00e9 2246, <a href=\"https:\/\/cdnoticias.com\/index.php\/2024\/10\/18\/juicio-por-el-crimen-de-cordero-la-segunda-audiencia-clave-para-la-acusacion\/\" target=\"_blank\" rel=\"noopener\">lo cual se analiz\u00f3 en las primeras audiencias del caso<\/a>.\u00a0<\/p>\n<figure id=\"attachment_127058\" aria-describedby=\"caption-attachment-127058\" style=\"width: 640px\" class=\"wp-caption aligncenter\"><img data-recalc-dims=\"1\" loading=\"lazy\" decoding=\"async\" class=\"wp-image-127058 size-full\" src=\"https:\/\/i0.wp.com\/cdnoticias.com\/wp-content\/uploads\/2024\/10\/caso-cordero-detencion-Landalde-01.jpg?resize=640%2C352&#038;ssl=1\" alt=\"\" width=\"640\" height=\"352\" srcset=\"https:\/\/i0.wp.com\/cdnoticias.com\/wp-content\/uploads\/2024\/10\/caso-cordero-detencion-Landalde-01.jpg?w=640&amp;ssl=1 640w, https:\/\/i0.wp.com\/cdnoticias.com\/wp-content\/uploads\/2024\/10\/caso-cordero-detencion-Landalde-01.jpg?resize=300%2C165&amp;ssl=1 300w\" sizes=\"auto, (max-width: 640px) 100vw, 640px\" \/><figcaption id=\"caption-attachment-127058\" class=\"wp-caption-text\">Anabella Landalde, tambi\u00e9n detenida desde hace cinco a\u00f1os, es juzgada por \u201chomicidio doblemente agravado\u201d.<\/figcaption><\/figure>\n<blockquote>\n<p>En esta ocasi\u00f3n, el perito habl\u00f3 de qu\u00e9 tipo de munici\u00f3n dispara esa arma y de la distancia a la que se habr\u00eda efectuado el disparo a la v\u00edctima, entre 0,50 y 1,70 metros.<\/p>\n<\/blockquote>\n<p>Tambi\u00e9n declar\u00f3 el <strong>instructor inform\u00e1tico de la Fiscal\u00eda, Mart\u00edn Tolosa<\/strong>, quien hizo la <strong>extracci\u00f3n con el sistema forense de la informaci\u00f3n del celular<\/strong> secuestrado a Ibarra Arrieta y a Landalde, quienes compart\u00edan el tel\u00e9fono. Se trata del <strong>dispositivo donde fue hallada la imagen de Cordero fallecido<\/strong>. El testimonio corrobor\u00f3 que <strong>fue tomada en el horario del mediod\u00eda del d\u00eda de la desaparici\u00f3n, el 26 de junio de 2019<\/strong>. Asimismo, explic\u00f3 sobre el hallazgo de chats entre Landalde y Cordero, entre ellos en el acordaron la cita de ese mi\u00e9rcoles por la ma\u00f1ana, de b\u00fasquedas de internet de la noticia de la desaparici\u00f3n y otras de inter\u00e9s.<\/p>\n<p>La tercera testigo fue la<strong> bioqu\u00edmica de la Fiscal\u00eda, Virginia Dom\u00ednguez<\/strong>, quien recibi\u00f3 y analiz\u00f3 los elementos de inter\u00e9s para el relevamiento de rastros, <strong>muestra de sangre y de combustible en las prendas que se encontraron junto con el cuerpo<\/strong> en los terrenos de la zona de ruta 226 y Jun\u00edn el 1 y el 6 de julio de 2019, entre ellos <strong>un sweater azul que pertenecer\u00eda a la v\u00edctima y que estaba embebido en gasoil super<\/strong>. Con estos elementos, <strong>la acusaci\u00f3n sostuvo que de esa forma combustion\u00f3 el cuerpo.<\/strong><\/p>\n<p>Sigui\u00f3 entre los testimonios la <strong>perito de la Asesor\u00eda Pericial de Jun\u00edn que levant\u00f3 las muestras de ADN<\/strong>. Confirm\u00f3 que en<strong> algunas machas hem\u00e1ticas en el interior de la casa de Pourtal\u00e9 al 2246 se hall\u00f3 el perfil conjunto, en la misma mancha, de Landalde y de Cordero<\/strong>, lo cual fue considerado como de suma importancia. Adem\u00e1s, explic\u00f3 sobre la confirmaci\u00f3n de que el ADN de la v\u00edctima coincidi\u00f3 con la muestra tomada a su hija.<\/p>\n<figure id=\"attachment_129181\" aria-describedby=\"caption-attachment-129181\" style=\"width: 800px\" class=\"wp-caption aligncenter\"><img data-recalc-dims=\"1\" loading=\"lazy\" decoding=\"async\" class=\"wp-image-129181 size-large\" src=\"https:\/\/i0.wp.com\/cdnoticias.com\/wp-content\/uploads\/2024\/10\/ibarra-arrieta-detenido-mayo-de-2019-00.jpg?resize=800%2C445&#038;ssl=1\" alt=\"\" width=\"800\" height=\"445\" srcset=\"https:\/\/i0.wp.com\/cdnoticias.com\/wp-content\/uploads\/2024\/10\/ibarra-arrieta-detenido-mayo-de-2019-00.jpg?resize=1024%2C569&amp;ssl=1 1024w, https:\/\/i0.wp.com\/cdnoticias.com\/wp-content\/uploads\/2024\/10\/ibarra-arrieta-detenido-mayo-de-2019-00.jpg?resize=300%2C167&amp;ssl=1 300w, https:\/\/i0.wp.com\/cdnoticias.com\/wp-content\/uploads\/2024\/10\/ibarra-arrieta-detenido-mayo-de-2019-00.jpg?resize=768%2C427&amp;ssl=1 768w, https:\/\/i0.wp.com\/cdnoticias.com\/wp-content\/uploads\/2024\/10\/ibarra-arrieta-detenido-mayo-de-2019-00.jpg?resize=800%2C445&amp;ssl=1 800w, https:\/\/i0.wp.com\/cdnoticias.com\/wp-content\/uploads\/2024\/10\/ibarra-arrieta-detenido-mayo-de-2019-00.jpg?w=1374&amp;ssl=1 1374w\" sizes=\"auto, (max-width: 800px) 100vw, 800px\" \/><figcaption id=\"caption-attachment-129181\" class=\"wp-caption-text\">El 17 de mayo de 2019, Claudio Ibarra Arrieta termin\u00f3 imputado por &#8220;da\u00f1o agravado&#8221; tras chocar a un m\u00f3vil policial y huir de la escena.<\/figcaption><\/figure>\n<blockquote>\n<p>La \u00faltima testimonial de esa jornada correspondi\u00f3 a una profesional psiquiatra de la Asesor\u00eda Pericial quien inform\u00f3 respecto a la capacidad de culpabilidad de Ibarra Arrieta y a su posicionamiento frente a la denuncia. Precisamente, el estado de salud mental del acusado fue un argumento para la <a href=\"https:\/\/cdnoticias.com\/index.php\/2022\/11\/07\/caso-cordero-uno-de-los-acusados-fue-declarado-psicotico-y-no-sera-juzgado\/\" target=\"_blank\" rel=\"noopener\">suspensi\u00f3n del juicio que se iba a realizar en los \u00faltimos meses del a\u00f1o pasado<\/a>.<\/p>\n<\/blockquote>\n<p>En la segunda audiencia de esta semana se presentaron <strong>cuatro testigos relacionados al caso del choque a un patrullero policial<\/strong> registrado en mayo del mismo a\u00f1o. El veh\u00edculo que impact\u00f3 contra el m\u00f3vil era conducido por Ibarra Arrieta quien fue arrestado tras una persecuci\u00f3n y, en esa instancia, se estableci\u00f3 que <strong>el hombre era buscado desde la Justicia de la ciudad de Coronel Su\u00e1rez<\/strong>. Adem\u00e1s, en su poder se hall\u00f3 una sustancia estupefaciente.<\/p>\n<p>Tambi\u00e9n se escucharon<strong> otros dos testimonios<\/strong> de sendas<strong> personas que conoc\u00edan a Landalde y a Ibarra Arrieta,<\/strong> respectivamente.<\/p>\n<p>En ese punto se suspendi\u00f3 la jornada ya que una de las juezas debi\u00f3 retirarse del recinto.<\/p>\n<h3>Lo que sigue<\/h3>\n<p>El Tribunal Oral en lo Criminal N\u00ba 2 fij\u00f3 la <strong>pr\u00f3xima audiencia para el mi\u00e9rcoles 6 de noviembre<\/strong>.<\/p>\n<p>Se esperan los <strong>testimonios de distintos peritos psiqui\u00e1tricos y psic\u00f3logos que entrevistaron a los imputados<\/strong>. Se trata de<strong> citaciones de la Fiscal\u00eda y de las defensas.<\/strong><\/p>\n<p><a href=\"https:\/\/cdnoticias.com\/index.php\/2024\/10\/03\/el-brutal-homicidio-de-carlos-cordero-llega-a-juicio-con-dos-imputados\/\" target=\"_blank\" rel=\"noopener\">Tal como se inform\u00f3<\/a>, <strong>la hip\u00f3tesis de la fiscal\u00eda es que Cordero arrib\u00f3 a Pourtal\u00e9 al 2200 en la ma\u00f1ana del 26 de junio para concretar un cita sexual con Landalde<\/strong>, quien ejerc\u00eda la prostituci\u00f3n.<strong> All\u00ed fue emboscado por la joven e Ibarra Arrieta<\/strong>, quienes<strong> habr\u00edan intentado robarle<\/strong> y <strong>terminaron asesin\u00e1ndolo<\/strong> poco despu\u00e9s de su llegada.<\/p>\n<blockquote>\n<p>En esa vivienda, el hombre de 60 a\u00f1os fue maniatado y, en total estado de indefensi\u00f3n, \u201cIbarra mediante la utilizaci\u00f3n de un arma de fuego tipo escopeta le efectu\u00f3 al menos un disparo a muy corta distancia en la zona del maxilar izquierdo, produci\u00e9ndole de ese modo la muerte\u201d tal como expuso la fiscal\u00eda para detallar adem\u00e1s que el asesino se tom\u00f3 una fotograf\u00eda junto al cuerpo de Cordero.<\/p>\n<\/blockquote>\n<p>Para los investigadores<strong> al d\u00eda siguiente Ibarra Arrieta se deshizo del veh\u00edculo de la v\u00edctima<\/strong> y <strong>se descart\u00f3 de los restos del hombre en la madrugada del d\u00eda 6 de julio de 2019<\/strong> en las cercan\u00edas del santuario al Gauchito Gil.<\/p>\n<p>La primera audiencia del juicio <a href=\"https:\/\/cdnoticias.com\/index.php\/2024\/10\/11\/con-el-testimonio-de-familiares-amigos-y-policias-inicio-el-juicio-oral-por-el-homicidio-de-carlos-cordero\/\" target=\"_blank\" rel=\"noopener\">se llev\u00f3 adelante el d\u00eda 11 de octubre<\/a>.<\/p>\n\n\n<p><\/p>\n","protected":false},"excerpt":{"rendered":"<p>Esta semana se concretaron dos audiencias con testigos de la Fiscal\u00eda y la segunda fue suspendida. La pr\u00f3xima jornada se<\/p>\n","protected":false},"author":4,"featured_media":108248,"comment_status":"closed","ping_status":"closed","sticky":false,"template":"","format":"standard","meta":{"_jetpack_memberships_contains_paid_content":false,"footnotes":""},"categories":[14,1],"tags":[],"class_list":["post-129179","post","type-post","status-publish","format-standard","has-post-thumbnail","hentry","category-policiales","category-portada"],"jetpack_featured_media_url":"https:\/\/i0.wp.com\/cdnoticias.com\/wp-content\/uploads\/2024\/02\/diario-el-tiempo-tribunal-oral-2.jpeg?fit=948%2C533&ssl=1","jetpack_sharing_enabled":true,"_links":{"self":[{"href":"https:\/\/cdnoticias.com\/index.php\/wp-json\/wp\/v2\/posts\/129179","targetHints":{"allow":["GET"]}}],"collection":[{"href":"https:\/\/cdnoticias.com\/index.php\/wp-json\/wp\/v2\/posts"}],"about":[{"href":"https:\/\/cdnoticias.com\/index.php\/wp-json\/wp\/v2\/types\/post"}],"author":[{"embeddable":true,"href":"https:\/\/cdnoticias.com\/index.php\/wp-json\/wp\/v2\/users\/4"}],"replies":[{"embeddable":true,"href":"https:\/\/cdnoticias.com\/index.php\/wp-json\/wp\/v2\/comments?post=129179"}],"version-history":[{"count":0,"href":"https:\/\/cdnoticias.com\/index.php\/wp-json\/wp\/v2\/posts\/129179\/revisions"}],"wp:featuredmedia":[{"embeddable":true,"href":"https:\/\/cdnoticias.com\/index.php\/wp-json\/wp\/v2\/media\/108248"}],"wp:attachment":[{"href":"https:\/\/cdnoticias.com\/index.php\/wp-json\/wp\/v2\/media?parent=129179"}],"wp:term":[{"taxonomy":"category","embeddable":true,"href":"https:\/\/cdnoticias.com\/index.php\/wp-json\/wp\/v2\/categories?post=129179"},{"taxonomy":"post_tag","embeddable":true,"href":"https:\/\/cdnoticias.com\/index.php\/wp-json\/wp\/v2\/tags?post=129179"}],"curies":[{"name":"wp","href":"https:\/\/api.w.org\/{rel}","templated":true}]}}