{"id":129146,"date":"2024-10-30T18:05:14","date_gmt":"2024-10-30T21:05:14","guid":{"rendered":"https:\/\/cdnoticias.com\/?p=129146"},"modified":"2024-10-30T18:05:16","modified_gmt":"2024-10-30T21:05:16","slug":"mondino-afuera-milei-echo-a-la-ministra-de-relaciones-exteriores","status":"publish","type":"post","link":"https:\/\/cdnoticias.com\/index.php\/2024\/10\/30\/mondino-afuera-milei-echo-a-la-ministra-de-relaciones-exteriores\/","title":{"rendered":"Mondino, \u00a1afuera!: Milei ech\u00f3 a la ministra de Relaciones Exteriores"},"content":{"rendered":"\n<p>Fue por una controversial votaci\u00f3n a favor de Cuba en la ONU. Ser\u00e1 reemplazada por Gerardo Werthein, embajador en Estados Unidos.<\/p>\n\n\n\n<hr class=\"wp-block-separator aligncenter has-alpha-channel-opacity\"\/>\n\n\n\n<p>El presidente<strong> Javier Milei solicit\u00f3 la renuncia de la ministra de Relaciones Exteriores, Diana Mondino,<\/strong> en medio de una serie de bajas recientes dentro de la Canciller\u00eda tras una controversial votaci\u00f3n a favor de Cuba.<\/p>\n\n\n\n<p>La decisi\u00f3n expone un trasfondo de tensiones que ven\u00edan afectando a Mondino, quien <strong>en los \u00faltimos meses se hab\u00eda visto marginada de las actividades internacionales clave en la agenda presidencial. Mientras tanto, la Canciller\u00eda fue ocup\u00e1ndose de figuras m\u00e1s alineadas con Karina Milei,<\/strong> secretaria general de la Presidencia y hermana del mandatario.<\/p>\n\n\n\n<p>A pesar de la evidente debilidad que atravesaba Mondino, <strong>Milei hab\u00eda expresado elogios hacia la funcionaria hace tan solo diez d\u00edas, mediante una carta dirigida a los miembros del Servicio Exterior. Sin embargo, esto no impidi\u00f3 el abrupto desenlace.<\/strong><\/p>\n\n\n\n<p>La vocer\u00eda presidencial, a cargo de <strong>Manuel Adorni, confirm\u00f3 que Gerardo Werthein, actual embajador en Estados Unidos y persona de confianza en el c\u00edrculo de los hermanos Milei, asumir\u00e1 como nuevo canciller.<\/strong><\/p>\n","protected":false},"excerpt":{"rendered":"<p>Fue por una controversial votaci\u00f3n a favor de Cuba en la ONU. Ser\u00e1 reemplazada por Gerardo Werthein, embajador en Estados<\/p>\n","protected":false},"author":2,"featured_media":129147,"comment_status":"closed","ping_status":"closed","sticky":false,"template":"","format":"standard","meta":{"_jetpack_memberships_contains_paid_content":false,"footnotes":""},"categories":[6],"tags":[],"class_list":["post-129146","post","type-post","status-publish","format-standard","has-post-thumbnail","hentry","category-nacionales"],"jetpack_featured_media_url":"https:\/\/i0.wp.com\/cdnoticias.com\/wp-content\/uploads\/2024\/10\/milei-mondino.jpg?fit=2048%2C1421&ssl=1","jetpack_sharing_enabled":true,"_links":{"self":[{"href":"https:\/\/cdnoticias.com\/index.php\/wp-json\/wp\/v2\/posts\/129146","targetHints":{"allow":["GET"]}}],"collection":[{"href":"https:\/\/cdnoticias.com\/index.php\/wp-json\/wp\/v2\/posts"}],"about":[{"href":"https:\/\/cdnoticias.com\/index.php\/wp-json\/wp\/v2\/types\/post"}],"author":[{"embeddable":true,"href":"https:\/\/cdnoticias.com\/index.php\/wp-json\/wp\/v2\/users\/2"}],"replies":[{"embeddable":true,"href":"https:\/\/cdnoticias.com\/index.php\/wp-json\/wp\/v2\/comments?post=129146"}],"version-history":[{"count":0,"href":"https:\/\/cdnoticias.com\/index.php\/wp-json\/wp\/v2\/posts\/129146\/revisions"}],"wp:featuredmedia":[{"embeddable":true,"href":"https:\/\/cdnoticias.com\/index.php\/wp-json\/wp\/v2\/media\/129147"}],"wp:attachment":[{"href":"https:\/\/cdnoticias.com\/index.php\/wp-json\/wp\/v2\/media?parent=129146"}],"wp:term":[{"taxonomy":"category","embeddable":true,"href":"https:\/\/cdnoticias.com\/index.php\/wp-json\/wp\/v2\/categories?post=129146"},{"taxonomy":"post_tag","embeddable":true,"href":"https:\/\/cdnoticias.com\/index.php\/wp-json\/wp\/v2\/tags?post=129146"}],"curies":[{"name":"wp","href":"https:\/\/api.w.org\/{rel}","templated":true}]}}