{"id":129133,"date":"2024-10-30T17:14:19","date_gmt":"2024-10-30T20:14:19","guid":{"rendered":"https:\/\/cdnoticias.com\/?p=129133"},"modified":"2024-10-30T17:16:35","modified_gmt":"2024-10-30T20:16:35","slug":"por-el-conflicto-con-ioma-femeba-ira-nuevamente-al-paro-sera-el-8-de-noviembre","status":"publish","type":"post","link":"https:\/\/cdnoticias.com\/index.php\/2024\/10\/30\/por-el-conflicto-con-ioma-femeba-ira-nuevamente-al-paro-sera-el-8-de-noviembre\/","title":{"rendered":"Por el conflicto con IOMA, Femeba ir\u00e1 nuevamente al paro: ser\u00e1 el 8 de noviembre"},"content":{"rendered":"\n<p>Ser\u00e1 para los lugares que mantiene convenio con la obra social. Se asistir\u00e1n a los beneficiarios del Instituto como particulares durante 24 horas.<\/p>\n\n\n\n<hr class=\"wp-block-separator aligncenter has-alpha-channel-opacity\"\/>\n\n\n\n<p>El Consejo Directivo de la Federaci\u00f3n M\u00e9dica de la provincia de Buenos Aires <strong>(FEMEBA), resolvi\u00f3 en su reuni\u00f3n del \u00faltimo martes la realizaci\u00f3n de un \u201ccese de actividades de 24 horas\u201d al Instituto de Obra M\u00e9dico Asistencial (IOMA), para el viernes 8 de noviembre.<\/strong><\/p>\n\n\n\n<p>Las caracter\u00edsticas de la medida ser\u00e1n <em><strong>\u201csimilares a las anteriores, debiendo asistirse a los beneficiarios del Instituto como pacientes particulares, pudiendo prescribir libremente medicamentos, estudios y otros tratamientos\u201d<\/strong><\/em> explicaron en un comunicado.<\/p>\n\n\n\n<p>La medida pretende continuar visibilizando<em> \u201cla problem\u00e1tica suscitada a partir de la denuncia unilateral del convenio por parte de IOMA, en 20 partidos del \u00e1mbito provincial y desenmascarar las mentiras, la ineficiencia y la falta de transparencia, de la actual gesti\u00f3n de IOMA\u201d<\/em> denunciaron.<\/p>\n\n\n\n<p><strong>Vale decir que el paro tendr\u00e1 poca incidencia en la ciudad, dado que Olavarr\u00eda es uno de los 20 distritos donde se cort\u00f3 la relaci\u00f3n entre Femeba y IOMA. <\/strong>Por estas horas, incluso, el C\u00edrculo M\u00e9dico analizaba los pasos a seguir, entre ellos si continuaba atendiendo a pacientes de IOMA desde CoCeBA.<\/p>\n","protected":false},"excerpt":{"rendered":"<p>Ser\u00e1 para los lugares que mantiene convenio con la obra social. Se asistir\u00e1n a los beneficiarios del Instituto como particulares<\/p>\n","protected":false},"author":2,"featured_media":129134,"comment_status":"closed","ping_status":"closed","sticky":false,"template":"","format":"standard","meta":{"_jetpack_memberships_contains_paid_content":false,"footnotes":""},"categories":[6,1],"tags":[],"class_list":["post-129133","post","type-post","status-publish","format-standard","has-post-thumbnail","hentry","category-nacionales","category-portada"],"jetpack_featured_media_url":"https:\/\/i0.wp.com\/cdnoticias.com\/wp-content\/uploads\/2024\/10\/WhatsApp-Image-2024-10-30-at-14.32.02.jpeg?fit=1468%2C1066&ssl=1","jetpack_sharing_enabled":true,"_links":{"self":[{"href":"https:\/\/cdnoticias.com\/index.php\/wp-json\/wp\/v2\/posts\/129133","targetHints":{"allow":["GET"]}}],"collection":[{"href":"https:\/\/cdnoticias.com\/index.php\/wp-json\/wp\/v2\/posts"}],"about":[{"href":"https:\/\/cdnoticias.com\/index.php\/wp-json\/wp\/v2\/types\/post"}],"author":[{"embeddable":true,"href":"https:\/\/cdnoticias.com\/index.php\/wp-json\/wp\/v2\/users\/2"}],"replies":[{"embeddable":true,"href":"https:\/\/cdnoticias.com\/index.php\/wp-json\/wp\/v2\/comments?post=129133"}],"version-history":[{"count":0,"href":"https:\/\/cdnoticias.com\/index.php\/wp-json\/wp\/v2\/posts\/129133\/revisions"}],"wp:featuredmedia":[{"embeddable":true,"href":"https:\/\/cdnoticias.com\/index.php\/wp-json\/wp\/v2\/media\/129134"}],"wp:attachment":[{"href":"https:\/\/cdnoticias.com\/index.php\/wp-json\/wp\/v2\/media?parent=129133"}],"wp:term":[{"taxonomy":"category","embeddable":true,"href":"https:\/\/cdnoticias.com\/index.php\/wp-json\/wp\/v2\/categories?post=129133"},{"taxonomy":"post_tag","embeddable":true,"href":"https:\/\/cdnoticias.com\/index.php\/wp-json\/wp\/v2\/tags?post=129133"}],"curies":[{"name":"wp","href":"https:\/\/api.w.org\/{rel}","templated":true}]}}