{"id":129122,"date":"2024-10-31T10:53:19","date_gmt":"2024-10-31T13:53:19","guid":{"rendered":"https:\/\/cdnoticias.com\/?p=129122"},"modified":"2024-10-31T15:53:38","modified_gmt":"2024-10-31T18:53:38","slug":"alerta-amarilla-por-tormentas-para-olavarria","status":"publish","type":"post","link":"https:\/\/cdnoticias.com\/index.php\/2024\/10\/31\/alerta-amarilla-por-tormentas-para-olavarria\/","title":{"rendered":"Alerta amarilla por tormentas para Olavarr\u00eda"},"content":{"rendered":"\n<p>El Servicio Meteorol\u00f3gico Nacional lanz\u00f3 la advertencia para el viernes por la noche. Rige para Olavarr\u00eda, Laprida y La Madrid.<\/p>\n\n\n\n<hr class=\"wp-block-separator has-alpha-channel-opacity\"\/>\n\n\n\n<p>El Servicio Meteorol\u00f3gico Nacional (SMN) anticip\u00f3 que <strong>el viernes se registrar\u00e1n fuertes tormentas en m\u00e1s de la mitad de la provincia de Buenos Aires, incluida Olavarr\u00eda.<\/strong><\/p>\n\n\n\n<p><\/p>\n\n\n\n<p>Asimismo, se mantienen para este mi\u00e9rcoles alertas de nivel \u201camarillo\u201d por temperaturas extremas de calor y tormentas para ocho distritos del sur bonaerense. <strong>Si bien nuestra ciudad no est\u00e1 bajo estas advertencias, el calor se hace sentir con una temperatura m\u00e1xima prevista de 33\u00b0.<\/strong><\/p>\n\n\n\n<p><\/p>\n\n\n\n<p>En tanto para e<strong>l viernes por la noche<\/strong>, hay alerta por tormentas para Olavarr\u00eda, Laprida y La Madrid. <\/p>\n\n\n\n<p><\/p>\n\n\n\n<figure class=\"wp-block-image size-full\"><img data-recalc-dims=\"1\" loading=\"lazy\" decoding=\"async\" width=\"717\" height=\"308\" src=\"https:\/\/i0.wp.com\/cdnoticias.com\/wp-content\/uploads\/2024\/10\/WhatsApp-Image-2024-10-30-at-12.33.51-PM.jpeg?resize=717%2C308&#038;ssl=1\" alt=\"\" class=\"wp-image-129123\" srcset=\"https:\/\/i0.wp.com\/cdnoticias.com\/wp-content\/uploads\/2024\/10\/WhatsApp-Image-2024-10-30-at-12.33.51-PM.jpeg?w=717&amp;ssl=1 717w, https:\/\/i0.wp.com\/cdnoticias.com\/wp-content\/uploads\/2024\/10\/WhatsApp-Image-2024-10-30-at-12.33.51-PM.jpeg?resize=300%2C129&amp;ssl=1 300w\" sizes=\"auto, (max-width: 717px) 100vw, 717px\" \/><\/figure>\n\n\n\n<p><\/p>\n\n\n\n<blockquote class=\"wp-block-quote is-layout-flow wp-block-quote-is-layout-flow\">\n<p>Seg\u00fan el SMN, el \u00e1rea ser\u00e1 afectada por tormentas de variada intensidad, algunas localmente fuertes. Se espera que las mismas est\u00e9n acompa\u00f1adas por actividad el\u00e9ctrica intensa, ca\u00edda de granizo ocasional, r\u00e1fagas fuertes y abundante ca\u00edda de agua en cortos per\u00edodos.<\/p>\n<\/blockquote>\n\n\n\n<p><\/p>\n\n\n\n<p>Se estiman<strong> valores de precipitaci\u00f3n acumulada entre 30 y 60 mm<\/strong>, pudiendo ser superados en forma local.<\/p>\n","protected":false},"excerpt":{"rendered":"<p>El Servicio Meteorol\u00f3gico Nacional lanz\u00f3 la advertencia para el viernes por la noche. Rige para Olavarr\u00eda, Laprida y La Madrid.<\/p>\n","protected":false},"author":2,"featured_media":107830,"comment_status":"closed","ping_status":"closed","sticky":false,"template":"","format":"standard","meta":{"_jetpack_memberships_contains_paid_content":false,"footnotes":""},"categories":[5,1],"tags":[],"class_list":["post-129122","post","type-post","status-publish","format-standard","has-post-thumbnail","hentry","category-informacion-general","category-portada"],"jetpack_featured_media_url":"https:\/\/i0.wp.com\/cdnoticias.com\/wp-content\/uploads\/2024\/01\/alerta-calor-amarillo-tormenta-scaled.jpg?fit=2560%2C1424&ssl=1","jetpack_sharing_enabled":true,"_links":{"self":[{"href":"https:\/\/cdnoticias.com\/index.php\/wp-json\/wp\/v2\/posts\/129122","targetHints":{"allow":["GET"]}}],"collection":[{"href":"https:\/\/cdnoticias.com\/index.php\/wp-json\/wp\/v2\/posts"}],"about":[{"href":"https:\/\/cdnoticias.com\/index.php\/wp-json\/wp\/v2\/types\/post"}],"author":[{"embeddable":true,"href":"https:\/\/cdnoticias.com\/index.php\/wp-json\/wp\/v2\/users\/2"}],"replies":[{"embeddable":true,"href":"https:\/\/cdnoticias.com\/index.php\/wp-json\/wp\/v2\/comments?post=129122"}],"version-history":[{"count":0,"href":"https:\/\/cdnoticias.com\/index.php\/wp-json\/wp\/v2\/posts\/129122\/revisions"}],"wp:featuredmedia":[{"embeddable":true,"href":"https:\/\/cdnoticias.com\/index.php\/wp-json\/wp\/v2\/media\/107830"}],"wp:attachment":[{"href":"https:\/\/cdnoticias.com\/index.php\/wp-json\/wp\/v2\/media?parent=129122"}],"wp:term":[{"taxonomy":"category","embeddable":true,"href":"https:\/\/cdnoticias.com\/index.php\/wp-json\/wp\/v2\/categories?post=129122"},{"taxonomy":"post_tag","embeddable":true,"href":"https:\/\/cdnoticias.com\/index.php\/wp-json\/wp\/v2\/tags?post=129122"}],"curies":[{"name":"wp","href":"https:\/\/api.w.org\/{rel}","templated":true}]}}