{"id":129109,"date":"2024-10-31T17:07:53","date_gmt":"2024-10-31T20:07:53","guid":{"rendered":"https:\/\/cdnoticias.com\/?p=129109"},"modified":"2024-10-31T17:07:55","modified_gmt":"2024-10-31T20:07:55","slug":"reunion-del-consejo-directivo-junto-a-organizaciones-sin-fines-de-lucro","status":"publish","type":"post","link":"https:\/\/cdnoticias.com\/index.php\/2024\/10\/31\/reunion-del-consejo-directivo-junto-a-organizaciones-sin-fines-de-lucro\/","title":{"rendered":"Reuni\u00f3n del Consejo Directivo junto a organizaciones sin fines de lucro"},"content":{"rendered":"<p>El Consejo Directivo y la Subcomisi\u00f3n de Damas se reunieron con representantes del Tejet\u00f3n Solidario y Bici Tours Olavarr\u00eda para hacer un balance de las actividades realizadas y proyectar nuevos objetivos.<!--more--><\/p>\n<hr \/>\n<p>En la noche del lunes se llev\u00f3 a cabo como es habitual la <strong>reuni\u00f3n del Consejo Directivo, Subcomisi\u00f3n de Damas y Jefatura<\/strong> en las instalaciones de<strong> Bomberos Olavarr\u00eda<\/strong>, para hacer un balance de las <strong>actividades realizadas y proyectar nuevos objetivos<\/strong> para este final de 2024 y posterior 2025.<\/p>\n<p>Luego de la reuni\u00f3n, el Consejo y la Subcomisi\u00f3n compartieron un encuentro y cena junto a <strong>representantes del Tejet\u00f3n Solidario y Bici Tours Olavarr\u00eda<\/strong>. Ambas organizaciones trabajan ya hace varios a\u00f1os junto a Bomberos en <strong>cruzadas solidarias para recolectar fondos y donarlos a instituciones locales<\/strong>.<\/p>\n<p>En este sentido la <strong>referente de la Subcomisi\u00f3n, Marisa J\u00e1uregui<\/strong>, agradeci\u00f3 a los presentes por aceptar el trabajo conjunto. <em>&#8220;Este fue un a\u00f1o de muchos deseos proyectados y muchos objetivos logrados, y vamos a seguir as\u00ed&#8221;<\/em> expres\u00f3.<\/p>\n<p>Por su parte el <strong>Comandante General y Jefe del Cuerpo Ra\u00fal Ferreira<\/strong> tom\u00f3 la palabra para agradecer no s\u00f3lo al Consejo Directivo y sus esfuerzos por mejorar d\u00eda a d\u00eda las condiciones de trabajo de las y los bomberos, sino tambi\u00e9n a la Subcomisi\u00f3n de Damas la cual catalog\u00f3 como<em> &#8220;un excelente acierto, que nos ayuda d\u00eda a d\u00eda a proyectar a Bomberos desde una perspectiva social y colaborativa&#8221;<\/em>.<\/p>\n<p>El <strong>Presidente del Consejo Directivo Hugo Fayan\u00e1s<\/strong> agradeci\u00f3 tambi\u00e9n a su equipo de trabajo, y a las organizaciones presentes. <em>&#8220;El trabajo colectivo que se viene haciendo es clave. Todo lo que hacemos es en funci\u00f3n de que las y los bomberos vuelvan sanos y salvos de cada salida. Y si adem\u00e1s podemos trabajar para colaborar con la comunidad m\u00e1s all\u00e1 de bomberos, mejor a\u00fan&#8221;<\/em>.<\/p>\n<p>Por \u00faltimo, <strong>Nora y Mariel del Tejet\u00f3n Solidario<\/strong> agradecieron a Bomberos por su apoyo. <em>&#8220;Las agradecidas somos nosotras. Hemos conseguido gracias al apoyo de Bomberos mucho m\u00e1s material para trabajar y confeccionar nuevas mantas que ser\u00e1n donadas&#8221;<\/em>. Mientras que <strong>Bachi de Bici Tours<\/strong> hizo lo suyo al remarcar que <em>&#8220;las cruzadas solidarias que se han organizado son fundamentales para llegar a m\u00e1s personas y lograr los objetivos en com\u00fan&#8221;<\/em>.<\/p>\n","protected":false},"excerpt":{"rendered":"<p>El Consejo Directivo y la Subcomisi\u00f3n de Damas se reunieron con representantes del Tejet\u00f3n Solidario y Bici Tours Olavarr\u00eda para<\/p>\n","protected":false},"author":4,"featured_media":129110,"comment_status":"closed","ping_status":"closed","sticky":false,"template":"","format":"standard","meta":{"_jetpack_memberships_contains_paid_content":false,"footnotes":""},"categories":[5,1],"tags":[],"class_list":["post-129109","post","type-post","status-publish","format-standard","has-post-thumbnail","hentry","category-informacion-general","category-portada"],"jetpack_featured_media_url":"https:\/\/i0.wp.com\/cdnoticias.com\/wp-content\/uploads\/2024\/10\/bomberos-tejeton-bici-tours.jpg?fit=1000%2C557&ssl=1","jetpack_sharing_enabled":true,"_links":{"self":[{"href":"https:\/\/cdnoticias.com\/index.php\/wp-json\/wp\/v2\/posts\/129109","targetHints":{"allow":["GET"]}}],"collection":[{"href":"https:\/\/cdnoticias.com\/index.php\/wp-json\/wp\/v2\/posts"}],"about":[{"href":"https:\/\/cdnoticias.com\/index.php\/wp-json\/wp\/v2\/types\/post"}],"author":[{"embeddable":true,"href":"https:\/\/cdnoticias.com\/index.php\/wp-json\/wp\/v2\/users\/4"}],"replies":[{"embeddable":true,"href":"https:\/\/cdnoticias.com\/index.php\/wp-json\/wp\/v2\/comments?post=129109"}],"version-history":[{"count":0,"href":"https:\/\/cdnoticias.com\/index.php\/wp-json\/wp\/v2\/posts\/129109\/revisions"}],"wp:featuredmedia":[{"embeddable":true,"href":"https:\/\/cdnoticias.com\/index.php\/wp-json\/wp\/v2\/media\/129110"}],"wp:attachment":[{"href":"https:\/\/cdnoticias.com\/index.php\/wp-json\/wp\/v2\/media?parent=129109"}],"wp:term":[{"taxonomy":"category","embeddable":true,"href":"https:\/\/cdnoticias.com\/index.php\/wp-json\/wp\/v2\/categories?post=129109"},{"taxonomy":"post_tag","embeddable":true,"href":"https:\/\/cdnoticias.com\/index.php\/wp-json\/wp\/v2\/tags?post=129109"}],"curies":[{"name":"wp","href":"https:\/\/api.w.org\/{rel}","templated":true}]}}