{"id":129071,"date":"2024-10-29T19:02:41","date_gmt":"2024-10-29T22:02:41","guid":{"rendered":"https:\/\/cdnoticias.com\/?p=129071"},"modified":"2024-10-30T07:59:09","modified_gmt":"2024-10-30T10:59:09","slug":"paro-de-transporte-como-funcionara-la-recoleccion-de-residuos","status":"publish","type":"post","link":"https:\/\/cdnoticias.com\/index.php\/2024\/10\/29\/paro-de-transporte-como-funcionara-la-recoleccion-de-residuos\/","title":{"rendered":"Paro de Transporte: c\u00f3mo funcionar\u00e1 la recolecci\u00f3n de residuos\u00a0"},"content":{"rendered":"\n<p>Desde la empresa Transportes Malvinas se inform\u00f3 que se adhieren al paro del mi\u00e9rcoles 30 de octubre por lo que habr\u00e1 modificaciones en la recolecci\u00f3n.&nbsp;&nbsp;<\/p>\n\n\n\n<hr class=\"wp-block-separator aligncenter has-alpha-channel-opacity\"\/>\n\n\n\n<p>Desde la empresa <strong>Transportes Malvinas <\/strong>se inform\u00f3 <strong>c\u00f3mo funcionar\u00e1 el servicio de recolecci\u00f3n de residuos, <\/strong>con motivo del <strong>paro general de transporte convocado para este mi\u00e9rcoles 30 de octubre.<\/strong><\/p>\n\n\n\n<p><\/p>\n\n\n\n<blockquote class=\"wp-block-quote is-layout-flow wp-block-quote-is-layout-flow\">\n<p>Se detall\u00f3 que este martes 29 no habr\u00e1 recolecci\u00f3n nocturna ni tampoco barrido mec\u00e1nico. En tanto que el mi\u00e9rcoles 30 no habr\u00e1 recolecci\u00f3n diurna ni barrido manual.<\/p>\n<\/blockquote>\n\n\n\n<p><\/p>\n\n\n\n<p>Por \u00faltimo, se indic\u00f3 que <strong>los servicios se normalizar\u00e1n a partir de las 21 horas del mi\u00e9rcoles 30 de octubre.<\/strong><\/p>\n\n\n\n<p><\/p>\n","protected":false},"excerpt":{"rendered":"<p>Desde la empresa Transportes Malvinas se inform\u00f3 que se adhieren al paro del mi\u00e9rcoles 30 de octubre por lo que<\/p>\n","protected":false},"author":6,"featured_media":9507,"comment_status":"closed","ping_status":"closed","sticky":false,"template":"","format":"standard","meta":{"_jetpack_memberships_contains_paid_content":false,"footnotes":""},"categories":[5,1],"tags":[],"class_list":["post-129071","post","type-post","status-publish","format-standard","has-post-thumbnail","hentry","category-informacion-general","category-portada"],"jetpack_featured_media_url":"https:\/\/i0.wp.com\/cdnoticias.com\/wp-content\/uploads\/2020\/12\/transportes-malvinas-qs.jpg?fit=571%2C342&ssl=1","jetpack_sharing_enabled":true,"_links":{"self":[{"href":"https:\/\/cdnoticias.com\/index.php\/wp-json\/wp\/v2\/posts\/129071","targetHints":{"allow":["GET"]}}],"collection":[{"href":"https:\/\/cdnoticias.com\/index.php\/wp-json\/wp\/v2\/posts"}],"about":[{"href":"https:\/\/cdnoticias.com\/index.php\/wp-json\/wp\/v2\/types\/post"}],"author":[{"embeddable":true,"href":"https:\/\/cdnoticias.com\/index.php\/wp-json\/wp\/v2\/users\/6"}],"replies":[{"embeddable":true,"href":"https:\/\/cdnoticias.com\/index.php\/wp-json\/wp\/v2\/comments?post=129071"}],"version-history":[{"count":0,"href":"https:\/\/cdnoticias.com\/index.php\/wp-json\/wp\/v2\/posts\/129071\/revisions"}],"wp:featuredmedia":[{"embeddable":true,"href":"https:\/\/cdnoticias.com\/index.php\/wp-json\/wp\/v2\/media\/9507"}],"wp:attachment":[{"href":"https:\/\/cdnoticias.com\/index.php\/wp-json\/wp\/v2\/media?parent=129071"}],"wp:term":[{"taxonomy":"category","embeddable":true,"href":"https:\/\/cdnoticias.com\/index.php\/wp-json\/wp\/v2\/categories?post=129071"},{"taxonomy":"post_tag","embeddable":true,"href":"https:\/\/cdnoticias.com\/index.php\/wp-json\/wp\/v2\/tags?post=129071"}],"curies":[{"name":"wp","href":"https:\/\/api.w.org\/{rel}","templated":true}]}}