{"id":12907,"date":"2021-02-03T19:12:49","date_gmt":"2021-02-03T22:12:49","guid":{"rendered":"http:\/\/www.centraldenoticias.com.ar\/?p=12907"},"modified":"2021-02-03T20:18:45","modified_gmt":"2021-02-03T23:18:45","slug":"nuevo-robo-de-cables-a-coopelectric-la-perdida-ronda-los-500-mil-pesos","status":"publish","type":"post","link":"https:\/\/cdnoticias.com\/index.php\/2021\/02\/03\/nuevo-robo-de-cables-a-coopelectric-la-perdida-ronda-los-500-mil-pesos\/","title":{"rendered":"Nuevo robo de cables a Coopelectric: la p\u00e9rdida ronda los 500 mil pesos"},"content":{"rendered":"<p>Se trata de 100 metros de cable subterr\u00e1neo en el predio del Parque Industrial \u201cLos Fresnos\u201d. La denuncia ser\u00e1 radicada durante la jornada del jueves.<!--more--><\/p>\n<hr \/>\n<p>Durante este mi\u00e9rcoles Coopelectric tom\u00f3 conocimiento del robo de <strong>100 metros de cable subterr\u00e1neo.<\/strong> El nuevo hecho delictivo afect\u00f3 las instalaciones el\u00e9ctricas de una obra que se encuentra en desarrollo en el predio del <strong>Parque Industrial \u201cLos Fresnos\u201d.<\/strong><\/p>\n<p>&nbsp;<\/p>\n<p>El cable vinculaba la Subestaci\u00f3n Transformadora ubicada en el sector con un tablero que pr\u00f3ximamente entrar\u00eda en servicio para la distribuci\u00f3n el\u00e9ctrica en Baja Tensi\u00f3n.<\/p>\n<p>&nbsp;<\/p>\n<p>Seg\u00fan indicaron desde la cooperativa, <strong>este hecho representa un perjuicio material de alrededor de 500 mil pesos<\/strong>, por lo que durante la jornada del jueves Coopelectric radicar\u00e1 la denuncia pertinente.<\/p>\n<p>&nbsp;<\/p>\n<p>Asimismo, se\u00f1alaron que en los \u00faltimos meses se registr\u00f3 un crecimiento de esta actividad delictiva, que evidentemente se lleva a cabo de modo organizado con el objetivo de <strong>sustraer cobre.<\/strong><\/p>\n<p>&nbsp;<\/p>\n<p>Por \u00faltimo, solicitaron que en caso de que los usuarios observen a personas ajenas a Coopelectric manipulando instalaciones, <strong>den aviso inmediato al 911.<\/strong><\/p>\n","protected":false},"excerpt":{"rendered":"<p>Se trata de 100 metros de cable subterr\u00e1neo en el predio del Parque Industrial \u201cLos Fresnos\u201d. La denuncia ser\u00e1 radicada<\/p>\n","protected":false},"author":5,"featured_media":6841,"comment_status":"closed","ping_status":"closed","sticky":false,"template":"","format":"standard","meta":{"_jetpack_memberships_contains_paid_content":false,"footnotes":""},"categories":[14,1],"tags":[],"class_list":["post-12907","post","type-post","status-publish","format-standard","has-post-thumbnail","hentry","category-policiales","category-portada"],"jetpack_featured_media_url":"https:\/\/i0.wp.com\/cdnoticias.com\/wp-content\/uploads\/2020\/11\/01-Tareas-Alimentador-N%C2%B0-1.jpg?fit=1365%2C768&ssl=1","jetpack_sharing_enabled":true,"_links":{"self":[{"href":"https:\/\/cdnoticias.com\/index.php\/wp-json\/wp\/v2\/posts\/12907","targetHints":{"allow":["GET"]}}],"collection":[{"href":"https:\/\/cdnoticias.com\/index.php\/wp-json\/wp\/v2\/posts"}],"about":[{"href":"https:\/\/cdnoticias.com\/index.php\/wp-json\/wp\/v2\/types\/post"}],"author":[{"embeddable":true,"href":"https:\/\/cdnoticias.com\/index.php\/wp-json\/wp\/v2\/users\/5"}],"replies":[{"embeddable":true,"href":"https:\/\/cdnoticias.com\/index.php\/wp-json\/wp\/v2\/comments?post=12907"}],"version-history":[{"count":0,"href":"https:\/\/cdnoticias.com\/index.php\/wp-json\/wp\/v2\/posts\/12907\/revisions"}],"wp:featuredmedia":[{"embeddable":true,"href":"https:\/\/cdnoticias.com\/index.php\/wp-json\/wp\/v2\/media\/6841"}],"wp:attachment":[{"href":"https:\/\/cdnoticias.com\/index.php\/wp-json\/wp\/v2\/media?parent=12907"}],"wp:term":[{"taxonomy":"category","embeddable":true,"href":"https:\/\/cdnoticias.com\/index.php\/wp-json\/wp\/v2\/categories?post=12907"},{"taxonomy":"post_tag","embeddable":true,"href":"https:\/\/cdnoticias.com\/index.php\/wp-json\/wp\/v2\/tags?post=12907"}],"curies":[{"name":"wp","href":"https:\/\/api.w.org\/{rel}","templated":true}]}}