{"id":129042,"date":"2024-10-29T12:08:41","date_gmt":"2024-10-29T15:08:41","guid":{"rendered":"https:\/\/cdnoticias.com\/?p=129042"},"modified":"2024-10-29T21:19:47","modified_gmt":"2024-10-30T00:19:47","slug":"agustin-mestralet-sobre-ioma-lo-que-mas-nos-interesa-es-tener-una-respuesta-local","status":"publish","type":"post","link":"https:\/\/cdnoticias.com\/index.php\/2024\/10\/29\/agustin-mestralet-sobre-ioma-lo-que-mas-nos-interesa-es-tener-una-respuesta-local\/","title":{"rendered":"Agust\u00edn Mestralet sobre IOMA: \u201cLo que m\u00e1s nos interesa es tener una respuesta local\u201d"},"content":{"rendered":"<p>Los afiliados autoconvocados se reunieron este martes con el C\u00edrculo M\u00e9dico. Buscan dialogar con el intendente Maximiliano Wesner. Entregaron el petitorio a IOMA en Olavarr\u00eda y a la delegaci\u00f3n de Kicillof en Mar del Plata.<!--more--><\/p>\n<hr \/>\n<p>Los <strong>afiliados autoconvocados de IOMA siguen con sus actividades<\/strong> en el contexto del <strong>corte de prestaciones m\u00e9dicas en Olavarr\u00eda<\/strong> y mientras se <a href=\"https:\/\/cdnoticias.com\/index.php\/2024\/10\/28\/el-circulo-medico-convoco-a-asamblea-extraordinaria-para-definir-la-relacion-con-ioma\/\" target=\"_blank\" rel=\"noopener\">espera la definici\u00f3n del C\u00edrculo M\u00e9dico local en su pr\u00f3xima asamblea extraordinaria<\/a> convocada para el jueves.<\/p>\n<p>\u00a0<\/p>\n<p>En ese sentido, se confirm\u00f3 que <strong>este martes por la ma\u00f1ana un grupo de los autoconvocados estuvo en la sede local del C\u00edrculo M\u00e9dico<\/strong> donde se reuni\u00f3 con autoridades de la instituci\u00f3n. No trascendieron detalles de lo hablado en ese encuentro, aunque<strong> el grupo de afiliados ratific\u00f3 su intenci\u00f3n de que las prestaciones de IOMA se concreten en Olavarr\u00eda de forma \u201cdirecta\u201d<\/strong>, <a href=\"https:\/\/cdnoticias.com\/index.php\/2024\/10\/25\/afiliados-a-ioma-piden-que-se-realice-un-convenio-directo-con-el-circulo-medico\/\" target=\"_blank\" rel=\"noopener\">es decir sin la intermediaci\u00f3n de COCEBA, tal como expresaron en la primera manifestaci\u00f3n del viernes pasado<\/a>.<\/p>\n<p>\u00a0<\/p>\n<p>Respecto del <strong>petitorio que se dio a conocer el domingo<\/strong> <a href=\"https:\/\/cdnoticias.com\/index.php\/2024\/10\/27\/unos-60-afiliados-de-ioma-volvieron-a-manifestarse-en-el-paseo-jesus-mendia\/\" target=\"_blank\" rel=\"noopener\">en la manifestaci\u00f3n del Paseo Jes\u00fas Mend\u00eda<\/a>, <strong>Agust\u00edn Mestralet, de Tribuna Docente<\/strong> y uno de los impulsores de la movida, inform\u00f3 a <strong>Central de Noticias<\/strong> que <strong>pudieron hacer llegar la postura a la Gobernaci\u00f3n<\/strong>.<\/p>\n<p>\u00a0<\/p>\n<p>Fueron <strong>autoconvocados de Mar del Plata<\/strong> quienes <strong>se acercaron durante este lunes a la delegaci\u00f3n que con Axel Kicillof lleg\u00f3 a la ciudad<\/strong> para inaugurar una obra en la Escuela Secundaria N\u00b0 38 y la apertura de las instancias finales de los Juegos Bonaerenses 2024. <strong>\u201cNo hablaron directamente a Kicillof, pero s\u00ed a funcionarios intermedios\u201d<\/strong> aclar\u00f3 el dirigente local quien se\u00f1al\u00f3 que <strong>\u201cestamos a la espera de una respuesta de Gobernaci\u00f3n\u201d<\/strong>.<\/p>\n<p>\u00a0<\/p>\n<p><img data-recalc-dims=\"1\" loading=\"lazy\" decoding=\"async\" class=\"size-full wp-image-128777 aligncenter\" src=\"https:\/\/i0.wp.com\/cdnoticias.com\/wp-content\/uploads\/2024\/10\/IOMA-manifestacion-04.jpg?resize=800%2C445&#038;ssl=1\" alt=\"\" width=\"800\" height=\"445\" srcset=\"https:\/\/i0.wp.com\/cdnoticias.com\/wp-content\/uploads\/2024\/10\/IOMA-manifestacion-04.jpg?w=800&amp;ssl=1 800w, https:\/\/i0.wp.com\/cdnoticias.com\/wp-content\/uploads\/2024\/10\/IOMA-manifestacion-04.jpg?resize=300%2C167&amp;ssl=1 300w, https:\/\/i0.wp.com\/cdnoticias.com\/wp-content\/uploads\/2024\/10\/IOMA-manifestacion-04.jpg?resize=768%2C427&amp;ssl=1 768w\" sizes=\"auto, (max-width: 800px) 100vw, 800px\" \/><\/p>\n<p>\u00a0<\/p>\n<p>En tanto, tambi\u00e9n<strong> este lunes estuvieron en la Delegaci\u00f3n de IOMA Olavarr\u00eda<\/strong>, en el barrio Pueblo Nuevo, donde<strong> entregaron el mismo petitorio.<\/strong> Es la nota dirigida al titular de la obra social, Homero Giles.<\/p>\n<p>\u00a0<\/p>\n<p>Finalmente, Mestralet subray\u00f3 que<strong> \u201cal intendente Maximiliano Wesner tambi\u00e9n le hicimos una presentaci\u00f3n<\/strong> y esperamos una respuesta para<strong> que nos reciba el jueves<\/strong>, cuando tengamos las firmas para entregar del petitorio\u201d.<\/p>\n<p>\u00a0<\/p>\n<blockquote>\n<p>\u201cLo que m\u00e1s nos interesa es tener una respuesta local\u201d enfatiz\u00f3 el referente de Tribuna Docente para se\u00f1alar que esa respuesta \u201cdepende de las voluntades pol\u00edticas\u201d.<\/p>\n<\/blockquote>\n<p>\u00a0<\/p>\n<p><strong>Contin\u00faa la reuni\u00f3n de firmas para el petitorio<\/strong>. El grupo autoconvocado inform\u00f3 que <em>\u201cpara agilizar su circulaci\u00f3n, m\u00e1s afiliados pueden sumar su firma al petitorio por IOMA <a href=\"https:\/\/forms.gle\/cLpgJyPcmwnx1vD98\" target=\"_blank\" rel=\"noopener\">en este enlace<\/a>\u201d.<\/em><\/p>\n<p>\u00a0<\/p>\n<p>Asimismo, se indic\u00f3<strong> que lo hicieron circular por \u201clos lugares de trabajo\u201d para reunir m\u00e1s apoyos y que<\/strong> este martes y el mi\u00e9rcoles referentes estar\u00e1n <strong>en el Paseo Mend\u00eda de 12 a 14<\/strong> para quienes quieren acercarse a firmar de forma personal.<\/p>\n\n\n<p><\/p>\n","protected":false},"excerpt":{"rendered":"<p>Los afiliados autoconvocados se reunieron este martes con el C\u00edrculo M\u00e9dico. Buscan dialogar con el intendente Maximiliano Wesner. Entregaron el<\/p>\n","protected":false},"author":4,"featured_media":128914,"comment_status":"closed","ping_status":"closed","sticky":false,"template":"","format":"standard","meta":{"_jetpack_memberships_contains_paid_content":false,"footnotes":""},"categories":[4,1],"tags":[],"class_list":["post-129042","post","type-post","status-publish","format-standard","has-post-thumbnail","hentry","category-politica","category-portada"],"jetpack_featured_media_url":"https:\/\/i0.wp.com\/cdnoticias.com\/wp-content\/uploads\/2024\/10\/reclamo-ioma3.jpg?fit=1500%2C834&ssl=1","jetpack_sharing_enabled":true,"_links":{"self":[{"href":"https:\/\/cdnoticias.com\/index.php\/wp-json\/wp\/v2\/posts\/129042","targetHints":{"allow":["GET"]}}],"collection":[{"href":"https:\/\/cdnoticias.com\/index.php\/wp-json\/wp\/v2\/posts"}],"about":[{"href":"https:\/\/cdnoticias.com\/index.php\/wp-json\/wp\/v2\/types\/post"}],"author":[{"embeddable":true,"href":"https:\/\/cdnoticias.com\/index.php\/wp-json\/wp\/v2\/users\/4"}],"replies":[{"embeddable":true,"href":"https:\/\/cdnoticias.com\/index.php\/wp-json\/wp\/v2\/comments?post=129042"}],"version-history":[{"count":0,"href":"https:\/\/cdnoticias.com\/index.php\/wp-json\/wp\/v2\/posts\/129042\/revisions"}],"wp:featuredmedia":[{"embeddable":true,"href":"https:\/\/cdnoticias.com\/index.php\/wp-json\/wp\/v2\/media\/128914"}],"wp:attachment":[{"href":"https:\/\/cdnoticias.com\/index.php\/wp-json\/wp\/v2\/media?parent=129042"}],"wp:term":[{"taxonomy":"category","embeddable":true,"href":"https:\/\/cdnoticias.com\/index.php\/wp-json\/wp\/v2\/categories?post=129042"},{"taxonomy":"post_tag","embeddable":true,"href":"https:\/\/cdnoticias.com\/index.php\/wp-json\/wp\/v2\/tags?post=129042"}],"curies":[{"name":"wp","href":"https:\/\/api.w.org\/{rel}","templated":true}]}}