{"id":129021,"date":"2024-11-04T10:14:33","date_gmt":"2024-11-04T13:14:33","guid":{"rendered":"https:\/\/cdnoticias.com\/?p=129021"},"modified":"2024-11-04T11:57:42","modified_gmt":"2024-11-04T14:57:42","slug":"mercados-bonaerenses-en-noviembre-llega-al-parque-helios-eseverri","status":"publish","type":"post","link":"https:\/\/cdnoticias.com\/index.php\/2024\/11\/04\/mercados-bonaerenses-en-noviembre-llega-al-parque-helios-eseverri\/","title":{"rendered":"Mercados Bonaerenses en noviembre llega al Parque Helios Eseverri"},"content":{"rendered":"\n<p>Una nueva edici\u00f3n se desarrollar\u00e1 este martes de 10 a 16. Contar\u00e1 con la participaci\u00f3n de productores locales y dos camiones del Ministerio de Desarrollo Agrario bonaerense.<\/p>\n\n\n\n<hr class=\"wp-block-separator has-alpha-channel-opacity\"\/>\n\n\n\n<p>El <strong>Programa \u201cMercados Bonaerenses\u201d<\/strong> ofrece una nueva edici\u00f3n este <strong>martes 5 de noviembre en el Parque Helios Eseverri <\/strong>(avenida de los Trabajadores y Alsina); <strong>de 10 a 16 horas<\/strong>, con la intenci\u00f3n de que todos los vecinos y vecinas de la ciudad puedan acceder a los alimentos.<\/p>\n\n\n\n<p><\/p>\n\n\n\n<p>Desde la Secretar\u00eda de Desarrollo Econ\u00f3mico y Productivo del Municipio de Olavarr\u00eda, a trav\u00e9s de la Coordinaci\u00f3n de Econom\u00eda Popular, se informa que la Feria contar\u00e1 con la participaci\u00f3n de <strong>productores locales <\/strong>entre los cuales se podr\u00e1n encontrar elaboraciones como: <strong>panificados dulces y salados, bebidas, plantas y plantines, miel, productos sin TACC, frutas y verduras, alfajores.<\/strong><\/p>\n\n\n\n<p><\/p>\n\n\n\n<blockquote class=\"wp-block-quote is-layout-flow wp-block-quote-is-layout-flow\">\n<p>Adem\u00e1s, participar\u00e1n de la feria dos camiones del Ministerio de Desarrollo Agrario bonaerense, que dispondr\u00e1n productos l\u00e1cteos, pastas y pescados: estos \u00faltimos dos rubros 40% de descuento con Cuenta DNI (tope de reintegro $4000).<\/p>\n<\/blockquote>\n\n\n\n<p><\/p>\n\n\n\n<p>El Programa \u201cMercados Bonaerenses\u201d es impulsado desde el <strong>Ministerio de Desarrollo Agrario de la Provincia de Buenos Aires, <\/strong>promociona la producci\u00f3n y el consumo de Alimentos Bonaerenses acercando a productores, productoras, consumidores y consumidoras a trav\u00e9s de una red de ferias y mercados en toda la provincia de Buenos Aires.<\/p>\n\n\n\n<p><\/p>\n\n\n\n<p>Asimismo, tiene por objetivo <strong>fortalecer y asistir experiencias de producci\u00f3n, comercializaci\u00f3n y abastecimiento local de agroalimentos<\/strong>, que se desarrollen en el \u00e1mbito de la provincia de Buenos Aires; fomentar la producci\u00f3n y el consumo de \u201cAlimentos Bonaerenses\u201d a trav\u00e9s de la asistencia, formalizaci\u00f3n y capacitaci\u00f3n a productores, comercializadores y municipios, para crear, ampliar y fortalecer mercados y ferias de alimentos fijas o itinerantes.<\/p>\n\n\n\n<p><\/p>\n\n\n\n<p>Por \u00faltimo, se solicit\u00f3 a la comunidad<strong> llevar bolsa.<\/strong><\/p>\n","protected":false},"excerpt":{"rendered":"<p>Una nueva edici\u00f3n se desarrollar\u00e1 este martes de 10 a 16. Contar\u00e1 con la participaci\u00f3n de productores locales y dos<\/p>\n","protected":false},"author":2,"featured_media":109471,"comment_status":"closed","ping_status":"closed","sticky":false,"template":"","format":"standard","meta":{"_jetpack_memberships_contains_paid_content":false,"footnotes":""},"categories":[5,1],"tags":[],"class_list":["post-129021","post","type-post","status-publish","format-standard","has-post-thumbnail","hentry","category-informacion-general","category-portada"],"jetpack_featured_media_url":"https:\/\/i0.wp.com\/cdnoticias.com\/wp-content\/uploads\/2024\/02\/mercados-bonaerenses-1-edic.png?fit=989%2C549&ssl=1","jetpack_sharing_enabled":true,"_links":{"self":[{"href":"https:\/\/cdnoticias.com\/index.php\/wp-json\/wp\/v2\/posts\/129021","targetHints":{"allow":["GET"]}}],"collection":[{"href":"https:\/\/cdnoticias.com\/index.php\/wp-json\/wp\/v2\/posts"}],"about":[{"href":"https:\/\/cdnoticias.com\/index.php\/wp-json\/wp\/v2\/types\/post"}],"author":[{"embeddable":true,"href":"https:\/\/cdnoticias.com\/index.php\/wp-json\/wp\/v2\/users\/2"}],"replies":[{"embeddable":true,"href":"https:\/\/cdnoticias.com\/index.php\/wp-json\/wp\/v2\/comments?post=129021"}],"version-history":[{"count":0,"href":"https:\/\/cdnoticias.com\/index.php\/wp-json\/wp\/v2\/posts\/129021\/revisions"}],"wp:featuredmedia":[{"embeddable":true,"href":"https:\/\/cdnoticias.com\/index.php\/wp-json\/wp\/v2\/media\/109471"}],"wp:attachment":[{"href":"https:\/\/cdnoticias.com\/index.php\/wp-json\/wp\/v2\/media?parent=129021"}],"wp:term":[{"taxonomy":"category","embeddable":true,"href":"https:\/\/cdnoticias.com\/index.php\/wp-json\/wp\/v2\/categories?post=129021"},{"taxonomy":"post_tag","embeddable":true,"href":"https:\/\/cdnoticias.com\/index.php\/wp-json\/wp\/v2\/tags?post=129021"}],"curies":[{"name":"wp","href":"https:\/\/api.w.org\/{rel}","templated":true}]}}