{"id":128999,"date":"2024-10-29T20:01:54","date_gmt":"2024-10-29T23:01:54","guid":{"rendered":"https:\/\/cdnoticias.com\/?p=128999"},"modified":"2024-10-29T20:01:56","modified_gmt":"2024-10-29T23:01:56","slug":"charla-sobre-las-calles-de-olavarria-con-gran-marco-de-publico","status":"publish","type":"post","link":"https:\/\/cdnoticias.com\/index.php\/2024\/10\/29\/charla-sobre-las-calles-de-olavarria-con-gran-marco-de-publico\/","title":{"rendered":"Charla sobre las calles de Olavarr\u00eda con gran marco de p\u00fablico"},"content":{"rendered":"\n<p>La charla estuvo a cargo de Marcos Rodr\u00edguez, T\u00e9cnico en Gesti\u00f3n Universitaria y Director de Despacho de la Facultad de Ciencias Sociales de la UNICEN.<\/p>\n\n\n\n<hr class=\"wp-block-separator aligncenter has-alpha-channel-opacity\"\/>\n\n\n\n<p>Un<strong> gran marco de p\u00fablico <\/strong>particip\u00f3 de la charla <strong>\u201cCalles con historia: Olavarr\u00eda a trav\u00e9s de los nombres de sus calles\u201d,<\/strong> que se ofreci\u00f3 el pasado mi\u00e9rcoles por la tarde en la sede del Banco Credicoop de Olavarr\u00eda.\u00a0<\/p>\n\n\n\n<p><\/p>\n\n\n\n<p>La propuesta se enmarca en el ciclo \u201c<strong>Ciencia, Cultura y Patrimonio\u201d<\/strong>, que organiz\u00f3 a lo largo del a\u00f1o la Facultad de Ciencias Sociales junto a la entidad bancaria y la Comisi\u00f3n de Asociados de Banco Credicoop.<\/p>\n\n\n\n<p><\/p>\n\n\n\n<p>La apertura la llev\u00f3 adelante la vicedecana de FACSO, Doctora Mar\u00eda Luz Endere, la Doctora Mar\u00eda Teresa Sans\u00e8au y el Ingeniero&nbsp; Marcelo Galb\u00e1n, integrantes de la Comisi\u00f3n de Asociados del Banco Credicoop Sucursal Olavarr\u00eda.<\/p>\n\n\n\n<p><\/p>\n\n\n\n<p>La charla estuvo a cargo de <strong>Marcos Rodr\u00edguez, T\u00e9cnico en Gesti\u00f3n Universitaria y Director de Despacho de la Facultad de Ciencias Sociales de la UNICEN.<\/strong> Adem\u00e1s, integra el Observatorio de Patrimonio Cultural de la FACSO y la C\u00e1tedra UNESCO de Patrimonio Arqueol\u00f3gico de la UNICEN.<\/p>\n\n\n\n<p><\/p>\n\n\n\n<figure class=\"wp-block-image aligncenter size-full\"><img data-recalc-dims=\"1\" loading=\"lazy\" decoding=\"async\" width=\"800\" height=\"422\" src=\"https:\/\/i0.wp.com\/cdnoticias.com\/wp-content\/uploads\/2024\/10\/marcos-rodriguez-calles-olavarria1.png?resize=800%2C422&#038;ssl=1\" alt=\"\" class=\"wp-image-129002\" srcset=\"https:\/\/i0.wp.com\/cdnoticias.com\/wp-content\/uploads\/2024\/10\/marcos-rodriguez-calles-olavarria1.png?w=900&amp;ssl=1 900w, https:\/\/i0.wp.com\/cdnoticias.com\/wp-content\/uploads\/2024\/10\/marcos-rodriguez-calles-olavarria1.png?resize=300%2C158&amp;ssl=1 300w, https:\/\/i0.wp.com\/cdnoticias.com\/wp-content\/uploads\/2024\/10\/marcos-rodriguez-calles-olavarria1.png?resize=768%2C405&amp;ssl=1 768w, https:\/\/i0.wp.com\/cdnoticias.com\/wp-content\/uploads\/2024\/10\/marcos-rodriguez-calles-olavarria1.png?resize=390%2C205&amp;ssl=1 390w\" sizes=\"auto, (max-width: 800px) 100vw, 800px\" \/><\/figure>\n\n\n\n<p><\/p>\n\n\n\n<blockquote class=\"wp-block-quote is-layout-flow wp-block-quote-is-layout-flow\">\n<p>De manera inicial, hizo un an\u00e1lisis de los tiempos fundacionales de la ciudad de Olavarr\u00eda, y las primeras ordenanzas en la que se impusieron nombres de calles a fines del siglo XIX.\u00a0<\/p>\n<\/blockquote>\n\n\n\n<p><\/p>\n\n\n\n<p>Asimismo, describi\u00f3 los cambios realizados en las <strong>nomenclaturas y las diversas modificaciones<\/strong> que tuvieron las denominaciones de las calles ubicadas entre las <strong>avenidas Alberdi, Pellegrini, Avellaneda y De los Trabajadores.<\/strong><\/p>\n\n\n\n<p><\/p>\n\n\n\n<p>A los nombres de figuras de la historia nacional, se sumaron a lo largo de las d\u00e9cadas los de<strong> vecinos que cumplieron un rol protag\u00f3nico en la ciudad y la provincia<\/strong>, a trav\u00e9s de distintas instituciones y espacios pol\u00edticos, sociales, culturales y empresariales; e incluso quienes integraron la <strong>primera Corporaci\u00f3n Municipal de Olavarr\u00eda.<\/strong> Entre ellos se encuentran los de <strong>Manuel Leal, Emilio Cort\u00e9s o Juan Manuel Moya.<\/strong><\/p>\n\n\n\n<p><\/p>\n\n\n\n<p>A lo largo de la charla, Rodr\u00edguez detall\u00f3 c\u00f3mo se fueron dando los nombramientos de las calles a trav\u00e9s de las ordenanzas municipales y otros archivos que ha investigado a lo largo de los \u00faltimos a\u00f1os.<\/p>\n\n\n\n<p><\/p>\n\n\n\n<figure class=\"wp-block-image aligncenter size-full\"><img data-recalc-dims=\"1\" loading=\"lazy\" decoding=\"async\" width=\"800\" height=\"383\" src=\"https:\/\/i0.wp.com\/cdnoticias.com\/wp-content\/uploads\/2024\/10\/marcos-rodriguez-calles-olavarria2.png?resize=800%2C383&#038;ssl=1\" alt=\"\" class=\"wp-image-129003\" srcset=\"https:\/\/i0.wp.com\/cdnoticias.com\/wp-content\/uploads\/2024\/10\/marcos-rodriguez-calles-olavarria2.png?w=900&amp;ssl=1 900w, https:\/\/i0.wp.com\/cdnoticias.com\/wp-content\/uploads\/2024\/10\/marcos-rodriguez-calles-olavarria2.png?resize=300%2C144&amp;ssl=1 300w, https:\/\/i0.wp.com\/cdnoticias.com\/wp-content\/uploads\/2024\/10\/marcos-rodriguez-calles-olavarria2.png?resize=768%2C368&amp;ssl=1 768w\" sizes=\"auto, (max-width: 800px) 100vw, 800px\" \/><\/figure>\n\n\n\n<p><\/p>\n\n\n\n<p>Entre otros datos, revel\u00f3 que hasta mediados del siglo pasado, muchas calles de la ciudad contaban con distintas denominaciones en diferentes sectores, y luego de 1958 se expandieron los nombres de las calles del centro hacia los barrios aleda\u00f1os, como <strong>San Vicente, Luj\u00e1n, Mariano Moreno y Pueblo Nuevo.<\/strong><\/p>\n\n\n\n<p><\/p>\n\n\n\n<p class=\"has-medium-font-size\"><strong>Sobre el presentador<\/strong><\/p>\n\n\n\n<p>Marcos Rodr\u00edguez se dedica desde hace muchos a\u00f1os a la <strong>investigaci\u00f3n y divulgaci\u00f3n de la historia de Olavarr\u00eda.<\/strong> Es gestor, productor y desarrollador del blog https:\/\/callesdeolavarria.blogspot.com\/ y la cuenta de Instagram @olavarr\u00eda_del_ayer.<\/p>\n\n\n\n<p><\/p>\n\n\n\n<p>Ha realizado tareas de colaboraci\u00f3n en la organizaci\u00f3n y digitalizaci\u00f3n de archivos institucionales: C\u00e1mara Empresaria de Olavarr\u00eda, Sociedad Libanesa de Socorros Mutuos, Sociedad Espa\u00f1ola de Socorros Mutuos, Sociedad Francesa de Socorros Mutuos y Aeroclub Olavarr\u00eda.<\/p>\n\n\n\n<p><\/p>\n\n\n\n<p>En 2022 realiz\u00f3, en el Museo Municipal D\u00e1maso Arce, la muestra \u201c<strong>Olavarr\u00eda en la Postal\u201d, la cual fue declarada de Inter\u00e9s Legislativo Municipal<\/strong> por Resoluci\u00f3n N\u00b0 127\/22 y donde expuso su colecci\u00f3n de m\u00e1s de 300 postales de Olavarr\u00eda y localidades del partido.\u00a0<\/p>\n\n\n\n<p><\/p>\n\n\n\n<p>Su trabajo publicado en torno a la <strong>historia de los nombres de las calles de Olavarr\u00eda<\/strong> fue <strong>declarado de Inter\u00e9s Legislativo Municipal <\/strong>por Resoluci\u00f3n 100\/16.<\/p>\n\n\n\n<p><\/p>\n","protected":false},"excerpt":{"rendered":"<p>La charla estuvo a cargo de Marcos Rodr\u00edguez, T\u00e9cnico en Gesti\u00f3n Universitaria y Director de Despacho de la Facultad de<\/p>\n","protected":false},"author":6,"featured_media":129001,"comment_status":"closed","ping_status":"closed","sticky":false,"template":"","format":"standard","meta":{"_jetpack_memberships_contains_paid_content":false,"footnotes":""},"categories":[5,1],"tags":[],"class_list":["post-128999","post","type-post","status-publish","format-standard","has-post-thumbnail","hentry","category-informacion-general","category-portada"],"jetpack_featured_media_url":"https:\/\/i0.wp.com\/cdnoticias.com\/wp-content\/uploads\/2024\/10\/marcos-rodriguez-calles-olavarria.png?fit=900%2C514&ssl=1","jetpack_sharing_enabled":true,"_links":{"self":[{"href":"https:\/\/cdnoticias.com\/index.php\/wp-json\/wp\/v2\/posts\/128999","targetHints":{"allow":["GET"]}}],"collection":[{"href":"https:\/\/cdnoticias.com\/index.php\/wp-json\/wp\/v2\/posts"}],"about":[{"href":"https:\/\/cdnoticias.com\/index.php\/wp-json\/wp\/v2\/types\/post"}],"author":[{"embeddable":true,"href":"https:\/\/cdnoticias.com\/index.php\/wp-json\/wp\/v2\/users\/6"}],"replies":[{"embeddable":true,"href":"https:\/\/cdnoticias.com\/index.php\/wp-json\/wp\/v2\/comments?post=128999"}],"version-history":[{"count":0,"href":"https:\/\/cdnoticias.com\/index.php\/wp-json\/wp\/v2\/posts\/128999\/revisions"}],"wp:featuredmedia":[{"embeddable":true,"href":"https:\/\/cdnoticias.com\/index.php\/wp-json\/wp\/v2\/media\/129001"}],"wp:attachment":[{"href":"https:\/\/cdnoticias.com\/index.php\/wp-json\/wp\/v2\/media?parent=128999"}],"wp:term":[{"taxonomy":"category","embeddable":true,"href":"https:\/\/cdnoticias.com\/index.php\/wp-json\/wp\/v2\/categories?post=128999"},{"taxonomy":"post_tag","embeddable":true,"href":"https:\/\/cdnoticias.com\/index.php\/wp-json\/wp\/v2\/tags?post=128999"}],"curies":[{"name":"wp","href":"https:\/\/api.w.org\/{rel}","templated":true}]}}