{"id":128984,"date":"2024-10-28T17:24:40","date_gmt":"2024-10-28T20:24:40","guid":{"rendered":"https:\/\/cdnoticias.com\/?p=128984"},"modified":"2024-10-29T08:22:27","modified_gmt":"2024-10-29T11:22:27","slug":"otra-semana-de-conflicto-para-milei-paro-de-transporte-universitarios-y-estatales","status":"publish","type":"post","link":"https:\/\/cdnoticias.com\/index.php\/2024\/10\/28\/otra-semana-de-conflicto-para-milei-paro-de-transporte-universitarios-y-estatales\/","title":{"rendered":"Otra semana de conflicto para Milei: paro de transporte, universitarios y estatales"},"content":{"rendered":"\n<p>La medida de fuerza ser\u00e1 este mi\u00e9rcoles 30 e involucra a diversos sectores aunque no al transporte de la UTA. Sindicatos y movimientos sociales tambi\u00e9n se plegaron.<\/p>\n\n\n\n<hr class=\"wp-block-separator aligncenter has-alpha-channel-opacity\"\/>\n\n\n\n<p>El Gobierno de Javier Milei<strong> enfrentar\u00e1 este mi\u00e9rcoles un paro general<\/strong>, cuando el ala dura de la <strong>Confederaci\u00f3n General del Trabajo (CGT)<\/strong> y los <strong>gremios de transporte, acompa\u00f1ados por movimientos sociales, estatales y universitarios<\/strong>, llevar\u00e1n adelante un<strong> cese de actividades por 24 horas.<\/strong><\/p>\n\n\n\n<p><\/p>\n\n\n\n<p>La <strong>Mesa Nacional del Transporte<\/strong>, integrada por los gremios del sector, encabezar\u00e1 la medida del <strong>mi\u00e9rcoles 30 de octubre <\/strong>contra la gesti\u00f3n libertaria, al que <strong>se plegar\u00e1n los estatales de ATE,<\/strong> lo que<strong> impactar\u00e1 en la administraci\u00f3n p\u00fablica y en algunas escuelas<\/strong>.<\/p>\n\n\n\n<p><\/p>\n\n\n\n<p>Durante la \u00faltima semana, en un encuentro encabezado por el secretario general de la CGT y adjunto de Camioneros, Pablo Moyano,y el secretario general de Camioneros, Hugo Moyano, los sindicalistas <strong>ratificaron la medida de fuerza en rechazo <em>\u201cal ajuste, el aumento de los boletos tras la quita de subsidios, el intento de privatizaci\u00f3n de Aerol\u00edneas Argentinas, el ataque a los jubilados y el aumento de la pobreza\u201d<\/em>.<\/strong><\/p>\n\n\n\n<p><\/p>\n\n\n\n<blockquote class=\"wp-block-quote is-layout-flow wp-block-quote-is-layout-flow\">\n<p>Sin embargo, quien no adhiere al paro es la Uni\u00f3n Tranviario Automotor (UTA), por lo que el Gobierno espera que el impacto sea mucho menor. Aunque la medida afectar\u00e1 tanto a los servicios de carga, como camiones, ferrocarriles y barcos, y tambi\u00e9n a algunos de pasajeros, incluyendo los trenes, el subte y los aviones.<\/p>\n<\/blockquote>\n\n\n\n<p><\/p>\n\n\n\n<p>Asimismo, <strong>se sumaron sindicatos de maestros,<\/strong> como la Federaci\u00f3n de Docentes de las Universidades (FEDUN); la Asociaci\u00f3n de Trabajadores del Estado (ATE) y la Uni\u00f3n de Trabajadores y Trabajadoras de la Econom\u00eda Popular (UTEP), que integran varios movimientos sociales.<\/p>\n\n\n\n<p><\/p>\n\n\n\n<p>En el caso de ATE, seg\u00fan explic\u00f3 su titular <strong>Rodolfo Aguiar<\/strong>, la medida de fuerza <strong>empezar\u00e1 el 29 al mediod\u00eda y a partir de las 12 horas se concentrar\u00e1n en el Obelisco. <\/strong>Entre las demandas que impulsan la movilizaci\u00f3n, <strong>Aguiar mencion\u00f3 la reapertura de paritarias.<\/strong><\/p>\n\n\n\n<p><\/p>\n\n\n\n<blockquote class=\"wp-block-quote is-layout-flow wp-block-quote-is-layout-flow\">\n<p>Quienes tambi\u00e9n piden mejores salarios por la fuerte p\u00e9rdida del poder adquisitivo en los \u00faltimos meses, son los docentes universitarios que tambi\u00e9n har\u00e1n una jornada de paro el mi\u00e9rcoles.&nbsp;<\/p>\n<\/blockquote>\n\n\n\n<p><\/p>\n\n\n\n<p>En medio del conflicto entre el Gobierno y la UBA por las auditor\u00edas impulsadas por el Ejecutivo, desde la Federaci\u00f3n Nacional de Docentes Universitarios (CONADU) se\u00f1alaron: \u201c<strong><em>Con una p\u00e9rdida salarial que supera el 30% en t\u00e9rminos reales y un atraso de m\u00e1s de 60 puntos respecto a la inflaci\u00f3n desde la asunci\u00f3n de Javier Milei, la docencia universitaria no ha recibido respuesta en el \u00e1mbito paritario\u201d.<\/em><\/strong><\/p>\n\n\n\n<p><\/p>\n\n\n\n<p>Por \u00faltimo,<strong> los alumnos acordaron convocar a la Tercera Marcha Federal Educativa para el 12 de noviembre,<\/strong> para ratificar el reclamo de un aumento salarial para el personal docente y no docente de las casas de altos estudios.<\/p>\n\n\n\n<p><\/p>\n\n\n\n<p><em>Fuente: DIB&nbsp;<\/em><\/p>\n","protected":false},"excerpt":{"rendered":"<p>La medida de fuerza ser\u00e1 este mi\u00e9rcoles 30 e involucra a diversos sectores aunque no al transporte de la UTA.<\/p>\n","protected":false},"author":6,"featured_media":114419,"comment_status":"closed","ping_status":"closed","sticky":false,"template":"","format":"standard","meta":{"_jetpack_memberships_contains_paid_content":false,"footnotes":""},"categories":[6,1],"tags":[],"class_list":["post-128984","post","type-post","status-publish","format-standard","has-post-thumbnail","hentry","category-nacionales","category-portada"],"jetpack_featured_media_url":"https:\/\/i0.wp.com\/cdnoticias.com\/wp-content\/uploads\/2024\/04\/MarchaUniversidadOlavarria-37.jpg?fit=1024%2C680&ssl=1","jetpack_sharing_enabled":true,"_links":{"self":[{"href":"https:\/\/cdnoticias.com\/index.php\/wp-json\/wp\/v2\/posts\/128984","targetHints":{"allow":["GET"]}}],"collection":[{"href":"https:\/\/cdnoticias.com\/index.php\/wp-json\/wp\/v2\/posts"}],"about":[{"href":"https:\/\/cdnoticias.com\/index.php\/wp-json\/wp\/v2\/types\/post"}],"author":[{"embeddable":true,"href":"https:\/\/cdnoticias.com\/index.php\/wp-json\/wp\/v2\/users\/6"}],"replies":[{"embeddable":true,"href":"https:\/\/cdnoticias.com\/index.php\/wp-json\/wp\/v2\/comments?post=128984"}],"version-history":[{"count":0,"href":"https:\/\/cdnoticias.com\/index.php\/wp-json\/wp\/v2\/posts\/128984\/revisions"}],"wp:featuredmedia":[{"embeddable":true,"href":"https:\/\/cdnoticias.com\/index.php\/wp-json\/wp\/v2\/media\/114419"}],"wp:attachment":[{"href":"https:\/\/cdnoticias.com\/index.php\/wp-json\/wp\/v2\/media?parent=128984"}],"wp:term":[{"taxonomy":"category","embeddable":true,"href":"https:\/\/cdnoticias.com\/index.php\/wp-json\/wp\/v2\/categories?post=128984"},{"taxonomy":"post_tag","embeddable":true,"href":"https:\/\/cdnoticias.com\/index.php\/wp-json\/wp\/v2\/tags?post=128984"}],"curies":[{"name":"wp","href":"https:\/\/api.w.org\/{rel}","templated":true}]}}