{"id":128963,"date":"2024-10-28T11:59:23","date_gmt":"2024-10-28T14:59:23","guid":{"rendered":"https:\/\/cdnoticias.com\/?p=128963"},"modified":"2024-10-28T12:06:13","modified_gmt":"2024-10-28T15:06:13","slug":"quiero-agradecer-el-acompanamiento-despues-de-mucho-tiempo-de-soledad","status":"publish","type":"post","link":"https:\/\/cdnoticias.com\/index.php\/2024\/10\/28\/quiero-agradecer-el-acompanamiento-despues-de-mucho-tiempo-de-soledad\/","title":{"rendered":"\u201cQuiero agradecer el acompa\u00f1amiento despu\u00e9s de mucho tiempo de soledad\u201d"},"content":{"rendered":"\n<p>Graciela Alderete valor\u00f3 la decisi\u00f3n de instalar un espacio de la memoria en el lugar. \u201cEs necesario que haya memoria para que no ocurra m\u00e1s\u201d dijo Carlos Rodr\u00edguez.<\/p>\n\n\n\n<hr class=\"wp-block-separator aligncenter has-alpha-channel-opacity\"\/>\n\n\n\n<p>En el marco del <strong>acto en memoria de Germ\u00e1n Esteban Mara Navarro a 20 a\u00f1os de la \u00faltima vez que fue vista con vida, la mam\u00e1 de la joven trans, Graciela Alderete, agradeci\u00f3 el gesto \u201cdespu\u00e9s de mucho tiempo de soledad\u201d.<\/strong><\/p>\n\n\n\n<figure class=\"wp-block-embed is-type-wp-embed is-provider-central-de-noticias-olavarr-a wp-block-embed-central-de-noticias-olavarr-a\"><div class=\"wp-block-embed__wrapper\">\n<blockquote class=\"wp-embedded-content\" data-secret=\"awniNw5QLl\"><a href=\"https:\/\/cdnoticias.com\/index.php\/2024\/10\/28\/se-realizo-un-acto-en-memoria-de-german-esteban-mara-navarro\/\">Se realiz\u00f3 un acto en memoria de Germ\u00e1n Esteban Mara Navarro<\/a><\/blockquote><iframe loading=\"lazy\" class=\"wp-embedded-content\" sandbox=\"allow-scripts\" security=\"restricted\" style=\"position: absolute; visibility: hidden;\" title=\"&#8220;Se realiz\u00f3 un acto en memoria de Germ\u00e1n Esteban Mara Navarro&#8221; &#8212; Central de Noticias | Olavarr\u00eda\" src=\"https:\/\/cdnoticias.com\/index.php\/2024\/10\/28\/se-realizo-un-acto-en-memoria-de-german-esteban-mara-navarro\/embed\/#?secret=sXTamlk8QV#?secret=awniNw5QLl\" data-secret=\"awniNw5QLl\" width=\"600\" height=\"338\" frameborder=\"0\" marginwidth=\"0\" marginheight=\"0\" scrolling=\"no\"><\/iframe>\n<\/div><\/figure>\n\n\n\n<p>El acto, cabe se\u00f1alar, fue convocado por el Honorable Concejo Deliberante.<\/p>\n\n\n\n<p><em><strong>\u201cQuiero agradecer el acompa\u00f1amiento despu\u00e9s de mucho tiempo de soledad\u201d,<\/strong><\/em> asegur\u00f3 Alderete y record\u00f3 que <strong>el crimen de Mara todav\u00eda sigue caratulado en la causa judicial como &#8220;averiguaci\u00f3n de causales de muerte&#8221;.<\/strong><\/p>\n\n\n\n<p>La concejal Hosanna Cazola, una de las oradoras del acto, destac\u00f3 que se trata de<em> \u201cuna jornada muy especial porque un d\u00eda como hoy, pero hace 20 a\u00f1os, se vio con vida por \u00faltima vez a Germ\u00e1n Mara. <strong>Graciela nos viene diciendo hace tiempo que si no hay justicia debe haber memoria\u201d<\/strong>.<\/em><\/p>\n\n\n\n<figure class=\"wp-block-image size-full\"><img data-recalc-dims=\"1\" loading=\"lazy\" decoding=\"async\" width=\"800\" height=\"532\" src=\"https:\/\/i0.wp.com\/cdnoticias.com\/wp-content\/uploads\/2024\/10\/Mara-5-1024x681-1.jpg?resize=800%2C532&#038;ssl=1\" alt=\"\" class=\"wp-image-128964\" srcset=\"https:\/\/i0.wp.com\/cdnoticias.com\/wp-content\/uploads\/2024\/10\/Mara-5-1024x681-1.jpg?w=1024&amp;ssl=1 1024w, https:\/\/i0.wp.com\/cdnoticias.com\/wp-content\/uploads\/2024\/10\/Mara-5-1024x681-1.jpg?resize=300%2C200&amp;ssl=1 300w, https:\/\/i0.wp.com\/cdnoticias.com\/wp-content\/uploads\/2024\/10\/Mara-5-1024x681-1.jpg?resize=768%2C511&amp;ssl=1 768w, https:\/\/i0.wp.com\/cdnoticias.com\/wp-content\/uploads\/2024\/10\/Mara-5-1024x681-1.jpg?resize=272%2C182&amp;ssl=1 272w\" sizes=\"auto, (max-width: 800px) 100vw, 800px\" \/><\/figure>\n\n\n\n<p>Durante el acto <strong>se anunci\u00f3 la decisi\u00f3n del gobierno municipal de instaurar en la esquina de Espa\u00f1a y Lisandro de la Torre, donde aparecieron los restos de Mara, un &#8220;Espacio de Memoria&#8221;<\/strong> compuesto por un jard\u00edn polinizador y un descanso con banco de hormig\u00f3n.<\/p>\n\n\n\n<blockquote class=\"wp-block-quote is-layout-flow wp-block-quote-is-layout-flow\">\n<p>&#8220;Se establecer\u00e1 un lugar donde recordar a Mara y seguir reclamando justicia. Hace 20 a\u00f1os, el estado municipal borraba est\u00e1 escena del crimen, ahora buscamos conformar un espacio de memoria y reparar en parte este terrible acto de impunidad&#8221;, remarc\u00f3 Cazola.<\/p>\n<\/blockquote>\n\n\n\n<p>Por su parte, el referente del colectivo LGBTI+, Carlos Rodr\u00edguez, asegur\u00f3:<em><strong> \u201cGraciela nos convoc\u00f3 para dejar un registro y una memoria de lo sucedido. Ac\u00e1 se encontraron parte de los restos de Mara\u201d<\/strong><\/em>, y apunt\u00f3:<em> \u201cEs necesario que haya memoria para que no ocurra m\u00e1s. Los organismos de Derechos Humanos nos ense\u00f1aron que si no hay justicia debe haber memoria\u201d.<\/em><\/p>\n","protected":false},"excerpt":{"rendered":"<p>Graciela Alderete valor\u00f3 la decisi\u00f3n de instalar un espacio de la memoria en el lugar. \u201cEs necesario que haya memoria<\/p>\n","protected":false},"author":2,"featured_media":128965,"comment_status":"closed","ping_status":"closed","sticky":false,"template":"","format":"standard","meta":{"_jetpack_memberships_contains_paid_content":false,"footnotes":""},"categories":[3,1],"tags":[],"class_list":["post-128963","post","type-post","status-publish","format-standard","has-post-thumbnail","hentry","category-genero","category-portada"],"jetpack_featured_media_url":"https:\/\/i0.wp.com\/cdnoticias.com\/wp-content\/uploads\/2024\/10\/Mara-13-2048x1362-1.jpg?fit=2048%2C1362&ssl=1","jetpack_sharing_enabled":true,"_links":{"self":[{"href":"https:\/\/cdnoticias.com\/index.php\/wp-json\/wp\/v2\/posts\/128963","targetHints":{"allow":["GET"]}}],"collection":[{"href":"https:\/\/cdnoticias.com\/index.php\/wp-json\/wp\/v2\/posts"}],"about":[{"href":"https:\/\/cdnoticias.com\/index.php\/wp-json\/wp\/v2\/types\/post"}],"author":[{"embeddable":true,"href":"https:\/\/cdnoticias.com\/index.php\/wp-json\/wp\/v2\/users\/2"}],"replies":[{"embeddable":true,"href":"https:\/\/cdnoticias.com\/index.php\/wp-json\/wp\/v2\/comments?post=128963"}],"version-history":[{"count":0,"href":"https:\/\/cdnoticias.com\/index.php\/wp-json\/wp\/v2\/posts\/128963\/revisions"}],"wp:featuredmedia":[{"embeddable":true,"href":"https:\/\/cdnoticias.com\/index.php\/wp-json\/wp\/v2\/media\/128965"}],"wp:attachment":[{"href":"https:\/\/cdnoticias.com\/index.php\/wp-json\/wp\/v2\/media?parent=128963"}],"wp:term":[{"taxonomy":"category","embeddable":true,"href":"https:\/\/cdnoticias.com\/index.php\/wp-json\/wp\/v2\/categories?post=128963"},{"taxonomy":"post_tag","embeddable":true,"href":"https:\/\/cdnoticias.com\/index.php\/wp-json\/wp\/v2\/tags?post=128963"}],"curies":[{"name":"wp","href":"https:\/\/api.w.org\/{rel}","templated":true}]}}