{"id":128957,"date":"2024-10-28T11:24:12","date_gmt":"2024-10-28T14:24:12","guid":{"rendered":"https:\/\/cdnoticias.com\/?p=128957"},"modified":"2024-10-28T20:25:07","modified_gmt":"2024-10-28T23:25:07","slug":"se-realizo-un-acto-en-memoria-de-german-esteban-mara-navarro","status":"publish","type":"post","link":"https:\/\/cdnoticias.com\/index.php\/2024\/10\/28\/se-realizo-un-acto-en-memoria-de-german-esteban-mara-navarro\/","title":{"rendered":"Se realiz\u00f3 un acto en memoria de Germ\u00e1n Esteban Mara Navarro"},"content":{"rendered":"\n<p>Fue en la ma\u00f1ana de este lunes, a 20 a\u00f1os de la \u00faltima vez que se lo vio con vida. Se plant\u00f3 un primer \u00e1rbol de lo que ser\u00e1 un jard\u00edn polinizador que llevar\u00e1 el nombre de Mara.<\/p>\n\n\n\n<hr class=\"wp-block-separator aligncenter has-alpha-channel-opacity\"\/>\n\n\n\n<p>En la ma\u00f1ana de este lunes, <strong>se realiz\u00f3 un acto en memoria de Germ\u00e1n Esteban Mara Navarro, al cumplirse 20 a\u00f1os de su desaparici\u00f3n f\u00edsica. Fue en el lugar donde se lo vio por \u00faltima vez, en Espa\u00f1a y Lisandro De la Torre.<\/strong><\/p>\n\n\n\n<p><strong>El acto fue encabezado por Graciela Alderete; acompa\u00f1ada por familiares y amigos. Cont\u00f3 con la participaci\u00f3n del Intendente Wesner <\/strong>y funcionarios del gabinete municipal, concejales de los distintos bloques, autoridades de la Facultad de Ciencias Sociales de UNICEN y referentes del colectivo LGTBIQ+.<\/p>\n\n\n\n<figure class=\"wp-block-image size-large\"><img data-recalc-dims=\"1\" loading=\"lazy\" decoding=\"async\" width=\"800\" height=\"532\" src=\"https:\/\/i0.wp.com\/cdnoticias.com\/wp-content\/uploads\/2024\/10\/Mara-1-scaled-1.jpg?resize=800%2C532&#038;ssl=1\" alt=\"\" class=\"wp-image-128958\" srcset=\"https:\/\/i0.wp.com\/cdnoticias.com\/wp-content\/uploads\/2024\/10\/Mara-1-scaled-1.jpg?resize=1024%2C681&amp;ssl=1 1024w, https:\/\/i0.wp.com\/cdnoticias.com\/wp-content\/uploads\/2024\/10\/Mara-1-scaled-1.jpg?resize=300%2C200&amp;ssl=1 300w, https:\/\/i0.wp.com\/cdnoticias.com\/wp-content\/uploads\/2024\/10\/Mara-1-scaled-1.jpg?resize=768%2C511&amp;ssl=1 768w, https:\/\/i0.wp.com\/cdnoticias.com\/wp-content\/uploads\/2024\/10\/Mara-1-scaled-1.jpg?resize=1536%2C1022&amp;ssl=1 1536w, https:\/\/i0.wp.com\/cdnoticias.com\/wp-content\/uploads\/2024\/10\/Mara-1-scaled-1.jpg?resize=2048%2C1362&amp;ssl=1 2048w, https:\/\/i0.wp.com\/cdnoticias.com\/wp-content\/uploads\/2024\/10\/Mara-1-scaled-1.jpg?resize=272%2C182&amp;ssl=1 272w, https:\/\/i0.wp.com\/cdnoticias.com\/wp-content\/uploads\/2024\/10\/Mara-1-scaled-1.jpg?w=1600&amp;ssl=1 1600w, https:\/\/i0.wp.com\/cdnoticias.com\/wp-content\/uploads\/2024\/10\/Mara-1-scaled-1.jpg?w=2400&amp;ssl=1 2400w\" sizes=\"auto, (max-width: 800px) 100vw, 800px\" \/><\/figure>\n\n\n\n<p><strong>La iniciativa se encuadra en el acompa\u00f1amiento a Graciela Alderete en su incansable pedido de justicia,<\/strong> mediante un proyecto de comunicaci\u00f3n aprobado por unanimidad por el Honorable Concejo Deliberante, el cual resalta la importancia de mantener viva la memoria.<\/p>\n\n\n\n<p><strong>El acto incluy\u00f3 la plantaci\u00f3n simb\u00f3lica del primer \u00e1rbol<\/strong>; junto a las palabras alusivas por parte de la mam\u00e1 de Mara y la concejala Hosanna Cazola, edil que present\u00f3 el proyecto de comunicaci\u00f3n en la \u00faltima sesi\u00f3n ordinaria del HCD.<\/p>\n\n\n\n<figure class=\"wp-block-image size-large\"><img data-recalc-dims=\"1\" loading=\"lazy\" decoding=\"async\" width=\"800\" height=\"532\" src=\"https:\/\/i0.wp.com\/cdnoticias.com\/wp-content\/uploads\/2024\/10\/Mara-7-scaled-1.jpg?resize=800%2C532&#038;ssl=1\" alt=\"\" class=\"wp-image-128959\" srcset=\"https:\/\/i0.wp.com\/cdnoticias.com\/wp-content\/uploads\/2024\/10\/Mara-7-scaled-1.jpg?resize=1024%2C681&amp;ssl=1 1024w, https:\/\/i0.wp.com\/cdnoticias.com\/wp-content\/uploads\/2024\/10\/Mara-7-scaled-1.jpg?resize=300%2C200&amp;ssl=1 300w, https:\/\/i0.wp.com\/cdnoticias.com\/wp-content\/uploads\/2024\/10\/Mara-7-scaled-1.jpg?resize=768%2C511&amp;ssl=1 768w, https:\/\/i0.wp.com\/cdnoticias.com\/wp-content\/uploads\/2024\/10\/Mara-7-scaled-1.jpg?resize=1536%2C1022&amp;ssl=1 1536w, https:\/\/i0.wp.com\/cdnoticias.com\/wp-content\/uploads\/2024\/10\/Mara-7-scaled-1.jpg?resize=2048%2C1362&amp;ssl=1 2048w, https:\/\/i0.wp.com\/cdnoticias.com\/wp-content\/uploads\/2024\/10\/Mara-7-scaled-1.jpg?resize=272%2C182&amp;ssl=1 272w, https:\/\/i0.wp.com\/cdnoticias.com\/wp-content\/uploads\/2024\/10\/Mara-7-scaled-1.jpg?w=1600&amp;ssl=1 1600w, https:\/\/i0.wp.com\/cdnoticias.com\/wp-content\/uploads\/2024\/10\/Mara-7-scaled-1.jpg?w=2400&amp;ssl=1 2400w\" sizes=\"auto, (max-width: 800px) 100vw, 800px\" \/><\/figure>\n\n\n\n<p><strong>Tambi\u00e9n se anunci\u00f3 que se dispondr\u00e1 un \u201cjard\u00edn polinizador\u201d que llevar\u00e1 el nombre de Mara, como s\u00edmbolo de la consigna \u201cSi no hay justicia habr\u00e1 memoria\u201d<\/strong>, el proyecto fue presentado p\u00fablicamente esta ma\u00f1ana.<\/p>\n\n\n<blockquote class=\"wp-embedded-content\" data-secret=\"MMZfzSvkcQ\"><a href=\"https:\/\/cdnoticias.com\/index.php\/2024\/10\/24\/el-hcd-recordo-a-mara-german-esteban-navarro-a-20-anos-de-su-muerte\/\">El HCD record\u00f3 a Mara (Germ\u00e1n Esteban) Navarro a 20 a\u00f1os de su muerte<\/a><\/blockquote><iframe loading=\"lazy\" class=\"wp-embedded-content\" sandbox=\"allow-scripts\" security=\"restricted\" style=\"position: absolute; visibility: hidden;\" title=\"&#8220;El HCD record\u00f3 a Mara (Germ\u00e1n Esteban) Navarro a 20 a\u00f1os de su muerte&#8221; &#8212; Central de Noticias | Olavarr\u00eda\" src=\"https:\/\/cdnoticias.com\/index.php\/2024\/10\/24\/el-hcd-recordo-a-mara-german-esteban-navarro-a-20-anos-de-su-muerte\/embed\/#?secret=cVb6mcZgue#?secret=MMZfzSvkcQ\" data-secret=\"MMZfzSvkcQ\" width=\"600\" height=\"338\" frameborder=\"0\" marginwidth=\"0\" marginheight=\"0\" scrolling=\"no\"><\/iframe>\n","protected":false},"excerpt":{"rendered":"<p>Fue en la ma\u00f1ana de este lunes, a 20 a\u00f1os de la \u00faltima vez que se lo vio con vida.<\/p>\n","protected":false},"author":2,"featured_media":128960,"comment_status":"closed","ping_status":"closed","sticky":false,"template":"","format":"standard","meta":{"_jetpack_memberships_contains_paid_content":false,"footnotes":""},"categories":[3,1],"tags":[],"class_list":["post-128957","post","type-post","status-publish","format-standard","has-post-thumbnail","hentry","category-genero","category-portada"],"jetpack_featured_media_url":"https:\/\/i0.wp.com\/cdnoticias.com\/wp-content\/uploads\/2024\/10\/Mara-10-scaled-1.jpg?fit=2560%2C1703&ssl=1","jetpack_sharing_enabled":true,"_links":{"self":[{"href":"https:\/\/cdnoticias.com\/index.php\/wp-json\/wp\/v2\/posts\/128957","targetHints":{"allow":["GET"]}}],"collection":[{"href":"https:\/\/cdnoticias.com\/index.php\/wp-json\/wp\/v2\/posts"}],"about":[{"href":"https:\/\/cdnoticias.com\/index.php\/wp-json\/wp\/v2\/types\/post"}],"author":[{"embeddable":true,"href":"https:\/\/cdnoticias.com\/index.php\/wp-json\/wp\/v2\/users\/2"}],"replies":[{"embeddable":true,"href":"https:\/\/cdnoticias.com\/index.php\/wp-json\/wp\/v2\/comments?post=128957"}],"version-history":[{"count":0,"href":"https:\/\/cdnoticias.com\/index.php\/wp-json\/wp\/v2\/posts\/128957\/revisions"}],"wp:featuredmedia":[{"embeddable":true,"href":"https:\/\/cdnoticias.com\/index.php\/wp-json\/wp\/v2\/media\/128960"}],"wp:attachment":[{"href":"https:\/\/cdnoticias.com\/index.php\/wp-json\/wp\/v2\/media?parent=128957"}],"wp:term":[{"taxonomy":"category","embeddable":true,"href":"https:\/\/cdnoticias.com\/index.php\/wp-json\/wp\/v2\/categories?post=128957"},{"taxonomy":"post_tag","embeddable":true,"href":"https:\/\/cdnoticias.com\/index.php\/wp-json\/wp\/v2\/tags?post=128957"}],"curies":[{"name":"wp","href":"https:\/\/api.w.org\/{rel}","templated":true}]}}