{"id":128898,"date":"2024-10-27T16:46:18","date_gmt":"2024-10-27T19:46:18","guid":{"rendered":"https:\/\/cdnoticias.com\/?p=128898"},"modified":"2024-10-27T19:24:52","modified_gmt":"2024-10-27T22:24:52","slug":"comienza-un-nuevo-encuentro-distrital-de-educacion-fisica-de-jardines-de-infantes","status":"publish","type":"post","link":"https:\/\/cdnoticias.com\/index.php\/2024\/10\/27\/comienza-un-nuevo-encuentro-distrital-de-educacion-fisica-de-jardines-de-infantes\/","title":{"rendered":"Comienza un nuevo Encuentro Distrital de Educaci\u00f3n F\u00edsica de Jardines de Infantes"},"content":{"rendered":"\n<p>Se desarrollar\u00e1 el 28, 29 y 30 de octubre en el Parque Helios Eseverri.<\/p>\n\n\n\n<hr class=\"wp-block-separator has-alpha-channel-opacity\"\/>\n\n\n\n<p>Los d\u00edas <strong>28, 29 y 30 de octubre en el Parque Helios Eseverri <\/strong>se llevar\u00e1 a cabo el 13er. Encuentro Distrital de Educaci\u00f3n F\u00edsica de Jardines de Infantes destinado a los y las estudiantes que cursan la tercera secci\u00f3n del nivel inicial de jardines de infantes de gesti\u00f3n p\u00fablica y privada del distrito.<\/p>\n\n\n\n<p><\/p>\n\n\n\n<p>La actividad es organizada por los profesores de Educaci\u00f3n F\u00edsica del nivel inicial, estudiantes del Campo de la Pr\u00e1ctica del Instituto Superior de Formaci\u00f3n Docente N\u00b047 y el Instituto Ntra. Sra. del Rosario; Inspecci\u00f3n de Educaci\u00f3n F\u00edsica y de Inicial y con la colaboraci\u00f3n del Municipio de Olavarr\u00eda.<\/p>\n\n\n\n<p><\/p>\n\n\n\n<p>En esta edici\u00f3n se contin\u00faa con el desaf\u00edo de generar actividades que promuevan<strong> encuentros l\u00fadicos masivos destinados a las comunidades educativas<\/strong> de todos los establecimientos  del nivel inicial del distrito.<\/p>\n\n\n\n<p><\/p>\n\n\n\n<p><strong>Participar\u00e1n m\u00e1s de 1600 ni\u00f1os pertenecientes a 73 salas de tercera sesi\u00f3n (5 a\u00f1os) de Jardines de Infantes del distrito, gesti\u00f3n p\u00fablica y gesti\u00f3n privada <\/strong>durante tres jornadas:<\/p>\n\n\n\n<p><\/p>\n\n\n\n<p><strong>Lunes 28\/10 <\/strong>Turno Tarde 14 a 16hs (230 ni\u00f1os).<\/p>\n\n\n\n<p><strong>Martes 29\/10 <\/strong>Turno Ma\u00f1ana: 9 a 11hs (314 ni\u00f1os) y Turno Tarde 14 a 16hs (495 ni\u00f1os).<\/p>\n\n\n\n<p><strong>Mi\u00e9rcoles 30\/10<\/strong> Turno Ma\u00f1ana 9 a 11hs. (199 ni\u00f1os) y Turno Tarde 14 a 16hs (366 ni\u00f1os).<\/p>\n","protected":false},"excerpt":{"rendered":"<p>Se desarrollar\u00e1 el 28, 29 y 30 de octubre en el Parque Helios Eseverri. Los d\u00edas 28, 29 y 30<\/p>\n","protected":false},"author":2,"featured_media":128899,"comment_status":"closed","ping_status":"closed","sticky":false,"template":"","format":"standard","meta":{"_jetpack_memberships_contains_paid_content":false,"footnotes":""},"categories":[5,1],"tags":[],"class_list":["post-128898","post","type-post","status-publish","format-standard","has-post-thumbnail","hentry","category-informacion-general","category-portada"],"jetpack_featured_media_url":"https:\/\/i0.wp.com\/cdnoticias.com\/wp-content\/uploads\/2024\/10\/13er.-ENCUENTRO-DISTRITAL-EDUCACION-FISICA-NIVEL-INICIAL.jpg?fit=800%2C445&ssl=1","jetpack_sharing_enabled":true,"_links":{"self":[{"href":"https:\/\/cdnoticias.com\/index.php\/wp-json\/wp\/v2\/posts\/128898","targetHints":{"allow":["GET"]}}],"collection":[{"href":"https:\/\/cdnoticias.com\/index.php\/wp-json\/wp\/v2\/posts"}],"about":[{"href":"https:\/\/cdnoticias.com\/index.php\/wp-json\/wp\/v2\/types\/post"}],"author":[{"embeddable":true,"href":"https:\/\/cdnoticias.com\/index.php\/wp-json\/wp\/v2\/users\/2"}],"replies":[{"embeddable":true,"href":"https:\/\/cdnoticias.com\/index.php\/wp-json\/wp\/v2\/comments?post=128898"}],"version-history":[{"count":0,"href":"https:\/\/cdnoticias.com\/index.php\/wp-json\/wp\/v2\/posts\/128898\/revisions"}],"wp:featuredmedia":[{"embeddable":true,"href":"https:\/\/cdnoticias.com\/index.php\/wp-json\/wp\/v2\/media\/128899"}],"wp:attachment":[{"href":"https:\/\/cdnoticias.com\/index.php\/wp-json\/wp\/v2\/media?parent=128898"}],"wp:term":[{"taxonomy":"category","embeddable":true,"href":"https:\/\/cdnoticias.com\/index.php\/wp-json\/wp\/v2\/categories?post=128898"},{"taxonomy":"post_tag","embeddable":true,"href":"https:\/\/cdnoticias.com\/index.php\/wp-json\/wp\/v2\/tags?post=128898"}],"curies":[{"name":"wp","href":"https:\/\/api.w.org\/{rel}","templated":true}]}}