{"id":128846,"date":"2024-10-25T21:58:17","date_gmt":"2024-10-26T00:58:17","guid":{"rendered":"https:\/\/cdnoticias.com\/?p=128846"},"modified":"2024-10-25T21:59:22","modified_gmt":"2024-10-26T00:59:22","slug":"wesner-ratifico-la-continuidad-del-profesorado-de-filosofia-a-sus-directivos","status":"publish","type":"post","link":"https:\/\/cdnoticias.com\/index.php\/2024\/10\/25\/wesner-ratifico-la-continuidad-del-profesorado-de-filosofia-a-sus-directivos\/","title":{"rendered":"Wesner ratific\u00f3 la continuidad del Profesorado de Filosof\u00eda a sus directivos"},"content":{"rendered":"\n<p>Fue en la previa del anuncio de la comunidad educativa en San Antonio. Wesner traslad\u00f3 la preocupaci\u00f3n a la Direcci\u00f3n General de Cultura y Educaci\u00f3n de la Provincia de Buenos Aires, y confirm\u00f3 la continuidad.<\/p>\n\n\n\n<hr class=\"wp-block-separator aligncenter has-alpha-channel-opacity\"\/>\n\n\n\n<p>Esta tarde en la sala de reuniones del palacio Municipal San Mart\u00edn<strong>, el intendente M\u00e1ximiliano Wesner encabez\u00f3 una reuni\u00f3n con directivos y representantes del centro de estudiantes del Instituto de Formaci\u00f3n Docente N\u00ba 22, a quienes les confirm\u00f3 la continuidad del Profesorado de Filosof\u00eda.<\/strong><\/p>\n\n\n\n<p>D\u00edas atr\u00e1s representantes del Ejecutivo Municipal hab\u00edan concretado una primera reuni\u00f3n con representantes del Instituto para conocer de primera mano la situaci\u00f3n.<strong> Durante el encuentro desde el Municipio se comprometieron a realizar las gestiones necesarias para que siguiera funcionando normalmente la carrera.<\/strong><\/p>\n\n\n\n<figure class=\"wp-block-embed is-type-wp-embed is-provider-central-de-noticias-olavarr-a wp-block-embed-central-de-noticias-olavarr-a\"><div class=\"wp-block-embed__wrapper\">\n<blockquote class=\"wp-embedded-content\" data-secret=\"GKDAhKY4Ce\"><a href=\"https:\/\/cdnoticias.com\/index.php\/2024\/10\/25\/filosofia-no-se-cierra-la-comunidad-educativa-de-la-carrera-confirmo-la-noticia\/\">Filosof\u00eda no se cierra: la comunidad educativa de la carrera confirm\u00f3 la noticia<\/a><\/blockquote><iframe loading=\"lazy\" class=\"wp-embedded-content\" sandbox=\"allow-scripts\" security=\"restricted\" style=\"position: absolute; visibility: hidden;\" title=\"&#8220;Filosof\u00eda no se cierra: la comunidad educativa de la carrera confirm\u00f3 la noticia&#8221; &#8212; Central de Noticias | Olavarr\u00eda\" src=\"https:\/\/cdnoticias.com\/index.php\/2024\/10\/25\/filosofia-no-se-cierra-la-comunidad-educativa-de-la-carrera-confirmo-la-noticia\/embed\/#?secret=SMybfFQDYH#?secret=GKDAhKY4Ce\" data-secret=\"GKDAhKY4Ce\" width=\"600\" height=\"338\" frameborder=\"0\" marginwidth=\"0\" marginheight=\"0\" scrolling=\"no\"><\/iframe>\n<\/div><\/figure>\n\n\n\n<blockquote class=\"wp-block-quote is-layout-flow wp-block-quote-is-layout-flow\">\n<p>En ese sentido, <strong>el Intendente Wesner se comunic\u00f3 durante las \u00faltimas horas con diversos funcionarios del \u00e1rea para solicitar la continuidad de Filosof\u00eda, atendiendo la demanda y por la importancia que la carrera tiene en la regi\u00f3n.<\/strong><\/p>\n<\/blockquote>\n\n\n\n<p>El municipio de Olavarr\u00eda <em>\u201cdestaca la predisposici\u00f3n total de la Direcci\u00f3n General de Cultura y Educaci\u00f3n de la Provincia de Buenos Aires, ante la preocupaci\u00f3n de la comunidad educativa y del Ejecutivo Municipal y reafirma el compromiso con la educaci\u00f3n p\u00fablica\u201d<\/em> indicaron oficialmente.<\/p>\n","protected":false},"excerpt":{"rendered":"<p>Fue en la previa del anuncio de la comunidad educativa en San Antonio. Wesner traslad\u00f3 la preocupaci\u00f3n a la Direcci\u00f3n<\/p>\n","protected":false},"author":2,"featured_media":128847,"comment_status":"closed","ping_status":"closed","sticky":false,"template":"","format":"standard","meta":{"_jetpack_memberships_contains_paid_content":false,"footnotes":""},"categories":[5,1],"tags":[],"class_list":["post-128846","post","type-post","status-publish","format-standard","has-post-thumbnail","hentry","category-informacion-general","category-portada"],"jetpack_featured_media_url":"https:\/\/i0.wp.com\/cdnoticias.com\/wp-content\/uploads\/2024\/10\/WhatsApp-Image-2024-10-25-at-20.24.50.jpeg?fit=1400%2C931&ssl=1","jetpack_sharing_enabled":true,"_links":{"self":[{"href":"https:\/\/cdnoticias.com\/index.php\/wp-json\/wp\/v2\/posts\/128846","targetHints":{"allow":["GET"]}}],"collection":[{"href":"https:\/\/cdnoticias.com\/index.php\/wp-json\/wp\/v2\/posts"}],"about":[{"href":"https:\/\/cdnoticias.com\/index.php\/wp-json\/wp\/v2\/types\/post"}],"author":[{"embeddable":true,"href":"https:\/\/cdnoticias.com\/index.php\/wp-json\/wp\/v2\/users\/2"}],"replies":[{"embeddable":true,"href":"https:\/\/cdnoticias.com\/index.php\/wp-json\/wp\/v2\/comments?post=128846"}],"version-history":[{"count":0,"href":"https:\/\/cdnoticias.com\/index.php\/wp-json\/wp\/v2\/posts\/128846\/revisions"}],"wp:featuredmedia":[{"embeddable":true,"href":"https:\/\/cdnoticias.com\/index.php\/wp-json\/wp\/v2\/media\/128847"}],"wp:attachment":[{"href":"https:\/\/cdnoticias.com\/index.php\/wp-json\/wp\/v2\/media?parent=128846"}],"wp:term":[{"taxonomy":"category","embeddable":true,"href":"https:\/\/cdnoticias.com\/index.php\/wp-json\/wp\/v2\/categories?post=128846"},{"taxonomy":"post_tag","embeddable":true,"href":"https:\/\/cdnoticias.com\/index.php\/wp-json\/wp\/v2\/tags?post=128846"}],"curies":[{"name":"wp","href":"https:\/\/api.w.org\/{rel}","templated":true}]}}