{"id":128842,"date":"2024-10-25T21:48:41","date_gmt":"2024-10-26T00:48:41","guid":{"rendered":"https:\/\/cdnoticias.com\/?p=128842"},"modified":"2024-10-26T11:01:56","modified_gmt":"2024-10-26T14:01:56","slug":"filosofia-no-se-cierra-la-comunidad-educativa-de-la-carrera-confirmo-la-noticia","status":"publish","type":"post","link":"https:\/\/cdnoticias.com\/index.php\/2024\/10\/25\/filosofia-no-se-cierra-la-comunidad-educativa-de-la-carrera-confirmo-la-noticia\/","title":{"rendered":"Filosof\u00eda no se cierra: la comunidad educativa de la carrera confirm\u00f3 la noticia"},"content":{"rendered":"\n<p>Fue tras una reuni\u00f3n con el intendente Wesner, donde se inform\u00f3 la novedad: \u201ctenemos una gran alegr\u00eda y una profunda emoci\u00f3n\u201d indicaron desde el Centro de Estudiantes. Redoblar\u00e1n los esfuerzos para \u201chabitar el profesorado\u201d.<\/p>\n\n\n\n<hr class=\"wp-block-separator aligncenter has-alpha-channel-opacity\"\/>\n\n\n\n<p>Tras un llamado a conferencia de prensa sorpresivo y con la particularidad de un importante corte de luz en la zona de Pueblo Nuevo y <strong>en la sede del Instituto Superior de Formaci\u00f3n Docente (ISFD) N\u00b022, la comunidad acad\u00e9mica de la carrera de Filosof\u00eda inform\u00f3 que estar\u00e1 incluida en la oferta de 2025 y no se cerrar\u00e1.<\/strong><\/p>\n\n\n\n<p>La conferencia fue integrada por el Centro de Estudiantes \u201cPaulo Freire\u201d, profesores y estudiantes. Tambi\u00e9n participaron integrantes de la gesti\u00f3n de la carrera, como Bel\u00e9n Fern\u00e1ndez.<\/p>\n\n\n\n<figure class=\"wp-block-image size-large\"><img data-recalc-dims=\"1\" loading=\"lazy\" decoding=\"async\" width=\"800\" height=\"445\" src=\"https:\/\/i0.wp.com\/cdnoticias.com\/wp-content\/uploads\/2024\/10\/filosofia-no-cierra-olavarria3.jpg?resize=800%2C445&#038;ssl=1\" alt=\"\" class=\"wp-image-128836\" srcset=\"https:\/\/i0.wp.com\/cdnoticias.com\/wp-content\/uploads\/2024\/10\/filosofia-no-cierra-olavarria3.jpg?resize=1024%2C569&amp;ssl=1 1024w, https:\/\/i0.wp.com\/cdnoticias.com\/wp-content\/uploads\/2024\/10\/filosofia-no-cierra-olavarria3.jpg?resize=300%2C167&amp;ssl=1 300w, https:\/\/i0.wp.com\/cdnoticias.com\/wp-content\/uploads\/2024\/10\/filosofia-no-cierra-olavarria3.jpg?resize=768%2C427&amp;ssl=1 768w, https:\/\/i0.wp.com\/cdnoticias.com\/wp-content\/uploads\/2024\/10\/filosofia-no-cierra-olavarria3.jpg?resize=800%2C445&amp;ssl=1 800w, https:\/\/i0.wp.com\/cdnoticias.com\/wp-content\/uploads\/2024\/10\/filosofia-no-cierra-olavarria3.jpg?w=1072&amp;ssl=1 1072w\" sizes=\"auto, (max-width: 800px) 100vw, 800px\" \/><\/figure>\n\n\n\n<p><strong>La presidenta del Centro de Estudiantes, Roc\u00edo Roca,<\/strong> fue la encargada de hacer un racconto de lo sucedido en los \u00faltimos d\u00edas y de transmitir la novedad:<em> \u201chace varios d\u00edas estamos intentando dar soluci\u00f3n a esta situaci\u00f3n abrupta que se nos anotici\u00f3 sobre el posible cierre del profesorado de Filosof\u00eda, con distintas actividades y reuniones\u201d.<\/em><\/p>\n\n\n\n<p>El pasado mi\u00e9rcoles<em> \u201cestuvimos en Tandil, pudimos hacer llegar esta situaci\u00f3n a quienes son parte del \u00e1rea de educaci\u00f3n de Provincia\u201d. <\/em>Horas antes, en una reuni\u00f3n en el Municipio, desde el Ejecutivo explicaron que<em> \u201cno era un plan estrat\u00e9gico municipal, nos dieron los fundamentos\u201d <\/em>y hoy <em>\u201cnos llamaron de bastante urgencia del Municipio. Nos reunimos con el equipo de gesti\u00f3n, con (el intendente) Maxi Wesner y con Luc\u00eda Palacios, encargada de Comunicaci\u00f3n. Nos dieron la noticia que hab\u00edan intervenido, y nos daban la tranquilidad de que para el ciclo 2025 est\u00e1 la decisi\u00f3n de mantener la oferta acad\u00e9mica con sus nueve profesorados\u201d.<\/em><\/p>\n\n\n\n<figure class=\"wp-block-image size-large\"><img data-recalc-dims=\"1\" loading=\"lazy\" decoding=\"async\" width=\"800\" height=\"445\" src=\"https:\/\/i0.wp.com\/cdnoticias.com\/wp-content\/uploads\/2024\/10\/filosofia-no-cierra-olavarria6.jpg?resize=800%2C445&#038;ssl=1\" alt=\"\" class=\"wp-image-128839\" srcset=\"https:\/\/i0.wp.com\/cdnoticias.com\/wp-content\/uploads\/2024\/10\/filosofia-no-cierra-olavarria6.jpg?resize=1024%2C570&amp;ssl=1 1024w, https:\/\/i0.wp.com\/cdnoticias.com\/wp-content\/uploads\/2024\/10\/filosofia-no-cierra-olavarria6.jpg?resize=300%2C167&amp;ssl=1 300w, https:\/\/i0.wp.com\/cdnoticias.com\/wp-content\/uploads\/2024\/10\/filosofia-no-cierra-olavarria6.jpg?resize=768%2C428&amp;ssl=1 768w, https:\/\/i0.wp.com\/cdnoticias.com\/wp-content\/uploads\/2024\/10\/filosofia-no-cierra-olavarria6.jpg?resize=800%2C445&amp;ssl=1 800w, https:\/\/i0.wp.com\/cdnoticias.com\/wp-content\/uploads\/2024\/10\/filosofia-no-cierra-olavarria6.jpg?w=1072&amp;ssl=1 1072w\" sizes=\"auto, (max-width: 800px) 100vw, 800px\" \/><\/figure>\n\n\n\n<blockquote class=\"wp-block-quote is-layout-flow wp-block-quote-is-layout-flow\">\n<p>Y los repas\u00f3: \u201ccontinuar\u00e1n los profesorados de Matem\u00e1tica, Biolog\u00eda, F\u00edsica, Literatura, Historia, Geograf\u00eda, Educaci\u00f3n Primaria, Ingl\u00e9s, y\u2026Filosof\u00eda\u201d dijo Roca, entre aplausos y c\u00e1nticos de \u201cFilo no se cierra\u201d. La emoci\u00f3n predomin\u00f3 el momento.<\/p>\n<\/blockquote>\n\n\n\n<p>De hecho, la dirigente estudiantil mostr\u00f3 <em><strong>\u201cuna gran alegr\u00eda y una profunda emoci\u00f3n\u201d<\/strong><\/em> y agradeci\u00f3 en primera instancia<em><strong> \u201cal equipo de conducci\u00f3n por mantener todo el tiempo el canal de comunicaci\u00f3n abierto, siempre al di\u00e1logo con sinceridad y honestidad, respetando las acciones del movimiento estudiantil\u201d.<\/strong><\/em><\/p>\n\n\n\n<figure class=\"wp-block-embed is-type-wp-embed is-provider-central-de-noticias-olavarr-a wp-block-embed-central-de-noticias-olavarr-a\"><div class=\"wp-block-embed__wrapper\">\n<blockquote class=\"wp-embedded-content\" data-secret=\"fuJf1NYCmo\"><a href=\"https:\/\/cdnoticias.com\/index.php\/2024\/10\/25\/wesner-ratifico-la-continuidad-del-profesorado-de-filosofia-a-sus-directivos\/\">Wesner ratific\u00f3 la continuidad del Profesorado de Filosof\u00eda a sus directivos<\/a><\/blockquote><iframe loading=\"lazy\" class=\"wp-embedded-content\" sandbox=\"allow-scripts\" security=\"restricted\" style=\"position: absolute; visibility: hidden;\" title=\"&#8220;Wesner ratific\u00f3 la continuidad del Profesorado de Filosof\u00eda a sus directivos&#8221; &#8212; Central de Noticias | Olavarr\u00eda\" src=\"https:\/\/cdnoticias.com\/index.php\/2024\/10\/25\/wesner-ratifico-la-continuidad-del-profesorado-de-filosofia-a-sus-directivos\/embed\/#?secret=k1lJO3oZPI#?secret=fuJf1NYCmo\" data-secret=\"fuJf1NYCmo\" width=\"600\" height=\"338\" frameborder=\"0\" marginwidth=\"0\" marginheight=\"0\" scrolling=\"no\"><\/iframe>\n<\/div><\/figure>\n\n\n\n<p>Tambi\u00e9n agradeci\u00f3 a los estudiantes que participaron del proceso:<em> \u201cfueron dos semanas de cuatro meses, agotadoras. La salida es colectiva y desde estos espacios que se gestan. Saldremos a combatir m\u00e1s cosas, nos toc\u00f3 a nosotros y nosotras y creemos que qued\u00f3 claro que defendemos la Educaci\u00f3n P\u00fablica\u201d.<\/em><\/p>\n\n\n\n<p>Tambi\u00e9n agradeci\u00f3 al Municipio <em><strong>\u201cpor ser lo m\u00e1s claros posible. Nos ofrecieron a acompa\u00f1ar la discusi\u00f3n de carreras\u201d. Insistieron en que \u201cno hay plan estrat\u00e9gico municipal ni que son parte de decisiones que incumben a la educaci\u00f3n\u201d.<\/strong><\/em><\/p>\n\n\n\n<figure class=\"wp-block-image size-large\"><img data-recalc-dims=\"1\" loading=\"lazy\" decoding=\"async\" width=\"800\" height=\"445\" src=\"https:\/\/i0.wp.com\/cdnoticias.com\/wp-content\/uploads\/2024\/10\/filosofia-no-cierra-olavarria.jpg?resize=800%2C445&#038;ssl=1\" alt=\"\" class=\"wp-image-128833\" srcset=\"https:\/\/i0.wp.com\/cdnoticias.com\/wp-content\/uploads\/2024\/10\/filosofia-no-cierra-olavarria.jpg?resize=1024%2C569&amp;ssl=1 1024w, https:\/\/i0.wp.com\/cdnoticias.com\/wp-content\/uploads\/2024\/10\/filosofia-no-cierra-olavarria.jpg?resize=300%2C167&amp;ssl=1 300w, https:\/\/i0.wp.com\/cdnoticias.com\/wp-content\/uploads\/2024\/10\/filosofia-no-cierra-olavarria.jpg?resize=768%2C427&amp;ssl=1 768w, https:\/\/i0.wp.com\/cdnoticias.com\/wp-content\/uploads\/2024\/10\/filosofia-no-cierra-olavarria.jpg?resize=800%2C445&amp;ssl=1 800w, https:\/\/i0.wp.com\/cdnoticias.com\/wp-content\/uploads\/2024\/10\/filosofia-no-cierra-olavarria.jpg?w=1072&amp;ssl=1 1072w\" sizes=\"auto, (max-width: 800px) 100vw, 800px\" \/><\/figure>\n\n\n\n<p class=\"has-large-font-size\">\u201cEspacios de di\u00e1logo hostiles, con chicanas y ninguneos\u201d<\/p>\n\n\n\n<p>De todas maneras, Roc\u00edo Roca explic\u00f3 que tras \u201canticiparle a Maxi\u201d <strong>el movimiento estudiantil quer\u00eda transmitir que <em>\u201csi bien nos vamos con esta gran noticia\u201d <\/em>se\u00f1al\u00f3 que pasaron dos semanas <em>\u201ccon dos referentes que son quienes toman las decisiones m\u00e1ximas a nivel regional y distrital en Educaci\u00f3n, quienes no han recibido en distintos espacios de di\u00e1logo de manera hostil, con chicanas, con ninguneos, falt\u00e1ndonos el respeto, incluso d\u00e1ndose el permiso de tratar a las y los estudiantes como no pensantes, lo cual creemos que s\u00ed queremos que se sepa\u201d.<\/em><\/strong><\/p>\n\n\n\n<blockquote class=\"wp-block-quote is-layout-flow wp-block-quote-is-layout-flow\">\n<p>\u201cNos ha tra\u00eddo un costo de repreguntarnos por qu\u00e9 esas pr\u00e1cticas si en realidad lo que est\u00e1n pidiendo y haciendo \u00e9nfasis es que esas pr\u00e1cticas no existan en la formaci\u00f3n docente. Con distintas formas de expresarse que tuvieron que nos dejaron conmocionados y angustiados\u201d.<\/p>\n<\/blockquote>\n\n\n\n<p>De hecho admiti\u00f3 que <em><strong>\u201cnos han provocado enojo y hemos respondido de la misma forma que recibimos esas comunicaciones porque nos han ofendido\u201d.<\/strong><\/em> A continuaci\u00f3n, decidi\u00f3 nombrarlas:<em> \u201cesas personas tienen nombre, son Julio Ben\u00edtez y Marta Casanella. Ellos s\u00ed hubiesen sido responsables de esta decisi\u00f3n porque era arbitraria, la tomaron ellos, nos lo dejaron en claro en esa primera reuni\u00f3n\u201d.<\/em><\/p>\n\n\n\n<p class=\"has-large-font-size\">\u201cSe har\u00e1 un trabajo profundo\u201d<\/p>\n\n\n\n<figure class=\"wp-block-image size-large\"><img data-recalc-dims=\"1\" loading=\"lazy\" decoding=\"async\" width=\"800\" height=\"445\" src=\"https:\/\/i0.wp.com\/cdnoticias.com\/wp-content\/uploads\/2024\/10\/filosofia-no-cierra-olavarria4.jpg?resize=800%2C445&#038;ssl=1\" alt=\"\" class=\"wp-image-128837\" srcset=\"https:\/\/i0.wp.com\/cdnoticias.com\/wp-content\/uploads\/2024\/10\/filosofia-no-cierra-olavarria4.jpg?resize=1024%2C569&amp;ssl=1 1024w, https:\/\/i0.wp.com\/cdnoticias.com\/wp-content\/uploads\/2024\/10\/filosofia-no-cierra-olavarria4.jpg?resize=300%2C167&amp;ssl=1 300w, https:\/\/i0.wp.com\/cdnoticias.com\/wp-content\/uploads\/2024\/10\/filosofia-no-cierra-olavarria4.jpg?resize=768%2C427&amp;ssl=1 768w, https:\/\/i0.wp.com\/cdnoticias.com\/wp-content\/uploads\/2024\/10\/filosofia-no-cierra-olavarria4.jpg?resize=800%2C445&amp;ssl=1 800w, https:\/\/i0.wp.com\/cdnoticias.com\/wp-content\/uploads\/2024\/10\/filosofia-no-cierra-olavarria4.jpg?w=1072&amp;ssl=1 1072w\" sizes=\"auto, (max-width: 800px) 100vw, 800px\" \/><\/figure>\n\n\n\n<p>La dirigente anticip\u00f3 que uno de los avisos es que en 2025 <em><strong>\u201cse har\u00e1 un trabajo profundo, respetando las distintas circulares del territorio\u201d <\/strong><\/em>y se manifest\u00f3 de acuerdo <em><strong>\u201cporque siempre estuvimos abiertos y predispuestos a ofrecer otras carreras, pero no en la forma que se dio, que no es la correcta. Por eso tanto desde el Municipio como la Provincia entienden que Filosof\u00eda para el ciclo 2025 tiene que estar\u201d.<\/strong><\/em><\/p>\n\n\n\n<p>A partir de ahora<em> \u201cles pedimos la solidaridad de ser compa\u00f1eros y estudiantes, y habitar este profesorado. Que ayudemos a la difusi\u00f3n de carreras, para aumentar la matr\u00edcula si es el objetivo, pero para poder ofrecer el ingreso a este Instituto de Formaci\u00f3n Docente que hace un tiempo viene demostrando que es un lindo espacio para formarnos y habitar como pensadores cr\u00edticos\u201d.<\/em><\/p>\n\n\n\n<p>Natalia Vivas admiti\u00f3, a continuaci\u00f3n que <em><strong>\u201cla lucha nos gener\u00f3 mucha emoci\u00f3n\u201d. <\/strong>\u201cFilo no se cierra, y tenemos docentes hermosos que salen a transformar este mundo, para seguir siendo m\u00e1s emp\u00e1ticos, y somos Filosof\u00eda, que pensamos y argumentamos para sostener esta carrera, pero todas las que sean revisadas\u201d<\/em> a su vez que asumi\u00f3 el compromiso de trabajar por todos los profesorados.<\/p>\n\n\n\n<figure class=\"wp-block-image size-large\"><img data-recalc-dims=\"1\" loading=\"lazy\" decoding=\"async\" width=\"800\" height=\"445\" src=\"https:\/\/i0.wp.com\/cdnoticias.com\/wp-content\/uploads\/2024\/10\/filosofia-no-cierra-olavarria2.jpg?resize=800%2C445&#038;ssl=1\" alt=\"\" class=\"wp-image-128835\" srcset=\"https:\/\/i0.wp.com\/cdnoticias.com\/wp-content\/uploads\/2024\/10\/filosofia-no-cierra-olavarria2.jpg?resize=1024%2C570&amp;ssl=1 1024w, https:\/\/i0.wp.com\/cdnoticias.com\/wp-content\/uploads\/2024\/10\/filosofia-no-cierra-olavarria2.jpg?resize=300%2C167&amp;ssl=1 300w, https:\/\/i0.wp.com\/cdnoticias.com\/wp-content\/uploads\/2024\/10\/filosofia-no-cierra-olavarria2.jpg?resize=768%2C428&amp;ssl=1 768w, https:\/\/i0.wp.com\/cdnoticias.com\/wp-content\/uploads\/2024\/10\/filosofia-no-cierra-olavarria2.jpg?resize=800%2C445&amp;ssl=1 800w, https:\/\/i0.wp.com\/cdnoticias.com\/wp-content\/uploads\/2024\/10\/filosofia-no-cierra-olavarria2.jpg?w=1072&amp;ssl=1 1072w\" sizes=\"auto, (max-width: 800px) 100vw, 800px\" \/><\/figure>\n\n\n\n<p>Finalmente, Bel\u00e9n Fern\u00e1ndez, integrante del equipo de gesti\u00f3n, valor\u00f3 el trabajo educativo <em><strong>\u201cen la defensa de nuestras propias din\u00e1micas institucionales y defender en estos contextos tan adversos la educaci\u00f3n p\u00fablica como derecho\u201d.<\/strong><\/em><\/p>\n\n\n\n<figure class=\"wp-block-image size-large\"><img data-recalc-dims=\"1\" loading=\"lazy\" decoding=\"async\" width=\"800\" height=\"445\" src=\"https:\/\/i0.wp.com\/cdnoticias.com\/wp-content\/uploads\/2024\/10\/filosofia-no-cierra-olavarria8.jpg?resize=800%2C445&#038;ssl=1\" alt=\"\" class=\"wp-image-128841\" srcset=\"https:\/\/i0.wp.com\/cdnoticias.com\/wp-content\/uploads\/2024\/10\/filosofia-no-cierra-olavarria8.jpg?resize=1024%2C570&amp;ssl=1 1024w, https:\/\/i0.wp.com\/cdnoticias.com\/wp-content\/uploads\/2024\/10\/filosofia-no-cierra-olavarria8.jpg?resize=300%2C167&amp;ssl=1 300w, https:\/\/i0.wp.com\/cdnoticias.com\/wp-content\/uploads\/2024\/10\/filosofia-no-cierra-olavarria8.jpg?resize=768%2C428&amp;ssl=1 768w, https:\/\/i0.wp.com\/cdnoticias.com\/wp-content\/uploads\/2024\/10\/filosofia-no-cierra-olavarria8.jpg?resize=800%2C445&amp;ssl=1 800w, https:\/\/i0.wp.com\/cdnoticias.com\/wp-content\/uploads\/2024\/10\/filosofia-no-cierra-olavarria8.jpg?w=1072&amp;ssl=1 1072w\" sizes=\"auto, (max-width: 800px) 100vw, 800px\" \/><\/figure>\n\n\n\n<p>Tambi\u00e9n valor\u00f3 <em><strong>\u201cuna formaci\u00f3n docente cr\u00edtica y que no se deja avasallar en sus derechos. Y por supuesto agradecer la intervenci\u00f3n del Municipio que de primera mano nos dijeron que no hab\u00eda un plan estrat\u00e9gico municipal, que de alguna manera era un criterio de las jefaturas, y tambi\u00e9n agradecer a las autoridades provinciales que nos confirmaron el mi\u00e9rcoles que respaldaban la oferta de carreras del Instituto 22\u201d.<\/strong><\/em><\/p>\n\n\n\n<p>Para cerrar, se comprometi\u00f3 como gesti\u00f3n<em> \u201cretomar el di\u00e1logo con las Jefaturas, Distrital y Regional, con los que tenemos el compromiso y la apertura para responder a las demandas territoriales y a las condiciones institucionales que respondan a las demandas de manera consensuada, en conjunta y democr\u00e1tica\u201d.<\/em><\/p>\n","protected":false},"excerpt":{"rendered":"<p>Fue tras una reuni\u00f3n con el intendente Wesner, donde se inform\u00f3 la novedad: \u201ctenemos una gran alegr\u00eda y una profunda<\/p>\n","protected":false},"author":2,"featured_media":128840,"comment_status":"closed","ping_status":"closed","sticky":false,"template":"","format":"standard","meta":{"_jetpack_memberships_contains_paid_content":false,"footnotes":""},"categories":[5,1],"tags":[],"class_list":["post-128842","post","type-post","status-publish","format-standard","has-post-thumbnail","hentry","category-informacion-general","category-portada"],"jetpack_featured_media_url":"https:\/\/i0.wp.com\/cdnoticias.com\/wp-content\/uploads\/2024\/10\/filosofia-no-cierra-olavarria7.jpg?fit=1015%2C565&ssl=1","jetpack_sharing_enabled":true,"_links":{"self":[{"href":"https:\/\/cdnoticias.com\/index.php\/wp-json\/wp\/v2\/posts\/128842","targetHints":{"allow":["GET"]}}],"collection":[{"href":"https:\/\/cdnoticias.com\/index.php\/wp-json\/wp\/v2\/posts"}],"about":[{"href":"https:\/\/cdnoticias.com\/index.php\/wp-json\/wp\/v2\/types\/post"}],"author":[{"embeddable":true,"href":"https:\/\/cdnoticias.com\/index.php\/wp-json\/wp\/v2\/users\/2"}],"replies":[{"embeddable":true,"href":"https:\/\/cdnoticias.com\/index.php\/wp-json\/wp\/v2\/comments?post=128842"}],"version-history":[{"count":0,"href":"https:\/\/cdnoticias.com\/index.php\/wp-json\/wp\/v2\/posts\/128842\/revisions"}],"wp:featuredmedia":[{"embeddable":true,"href":"https:\/\/cdnoticias.com\/index.php\/wp-json\/wp\/v2\/media\/128840"}],"wp:attachment":[{"href":"https:\/\/cdnoticias.com\/index.php\/wp-json\/wp\/v2\/media?parent=128842"}],"wp:term":[{"taxonomy":"category","embeddable":true,"href":"https:\/\/cdnoticias.com\/index.php\/wp-json\/wp\/v2\/categories?post=128842"},{"taxonomy":"post_tag","embeddable":true,"href":"https:\/\/cdnoticias.com\/index.php\/wp-json\/wp\/v2\/tags?post=128842"}],"curies":[{"name":"wp","href":"https:\/\/api.w.org\/{rel}","templated":true}]}}