{"id":128826,"date":"2024-10-25T19:50:16","date_gmt":"2024-10-25T22:50:16","guid":{"rendered":"https:\/\/cdnoticias.com\/?p=128826"},"modified":"2024-10-25T19:50:18","modified_gmt":"2024-10-25T22:50:18","slug":"tareas-de-prevencion-vial-en-distintos-puntos-de-la-ciudad","status":"publish","type":"post","link":"https:\/\/cdnoticias.com\/index.php\/2024\/10\/25\/tareas-de-prevencion-vial-en-distintos-puntos-de-la-ciudad\/","title":{"rendered":"Tareas de prevenci\u00f3n vial en distintos puntos de la ciudad"},"content":{"rendered":"\n<p>Las tareas se realizaron luego de un relevamiento a partir de las consultas y pedidos presentados por vecinos, vecinas e instituciones.<\/p>\n\n\n\n<hr class=\"wp-block-separator aligncenter has-alpha-channel-opacity\"\/>\n\n\n\n<p>Desde la Subsecretar\u00eda de Protecci\u00f3n Ciudadana, a trav\u00e9s de la Direcci\u00f3n de Control Urbano, se lleva delante de manera permanente diversas labores de prevenci\u00f3n en <strong>materia de seguridad vial. <\/strong>A la par de los controles en sitios estrat\u00e9gicos del Partido, tambi\u00e9n se despliegan trabajos en <strong>materia de obras y mantenimiento.<\/strong><\/p>\n\n\n\n<p><\/p>\n\n\n\n<p>En ese sentido, en el transcurso de la corriente semana pudieron verse tareas que se enmarcan dentro de un Programa Integral de Abordaje Territorial que surge no s\u00f3lo del estudio y seguimiento que se realiza desde el \u00e1rea, sino tambi\u00e9n de un <strong>relevamiento a partir de las consultas y pedidos presentados por vecinos, vecinas e instituciones<\/strong>. Se trat\u00f3, por un lado de la reparaci\u00f3n, reemplazo pero tambi\u00e9n colocaci\u00f3n en nuevos sectores de reductores de velocidad.<\/p>\n\n\n\n<p><\/p>\n\n\n\n<figure class=\"wp-block-image aligncenter size-full\"><img data-recalc-dims=\"1\" loading=\"lazy\" decoding=\"async\" width=\"800\" height=\"408\" src=\"https:\/\/i0.wp.com\/cdnoticias.com\/wp-content\/uploads\/2024\/10\/tareas-viales3.jpg?resize=800%2C408&#038;ssl=1\" alt=\"\" class=\"wp-image-128828\" srcset=\"https:\/\/i0.wp.com\/cdnoticias.com\/wp-content\/uploads\/2024\/10\/tareas-viales3.jpg?w=900&amp;ssl=1 900w, https:\/\/i0.wp.com\/cdnoticias.com\/wp-content\/uploads\/2024\/10\/tareas-viales3.jpg?resize=300%2C153&amp;ssl=1 300w, https:\/\/i0.wp.com\/cdnoticias.com\/wp-content\/uploads\/2024\/10\/tareas-viales3.jpg?resize=768%2C392&amp;ssl=1 768w\" sizes=\"auto, (max-width: 800px) 100vw, 800px\" \/><\/figure>\n\n\n\n<p><\/p>\n\n\n\n<p>Fue as\u00ed que pudieron verse trabajos de esta \u00edndole sobre el cruce de<strong> Saavedra y Jos\u00e9 Luis Torres, sobre avenida Alberdi<\/strong> en las inmediaciones del acceso al predio recreativo de Luz y Fuerza, y dos sobre <strong>avenida Ituzaing\u00f3, <\/strong>uno sobre el cruce con <strong>Presidente Per\u00f3n (al 800) <\/strong>y el restante a la altura del ingreso al <strong>predio ferial de la Sociedad Rural.<\/strong><\/p>\n\n\n\n<p><\/p>\n\n\n\n<p>Por \u00faltimo, se llev\u00f3 a cabo la <strong>colocaci\u00f3n de carteler\u00eda y se\u00f1al\u00e9tica correspondiente, pintado de cordones, demarcaci\u00f3n de conos de visibilidad y delimitaci\u00f3n de sectores de estacionamiento exclusivo, <\/strong>entre otros.<\/p>\n\n\n\n<p><\/p>\n","protected":false},"excerpt":{"rendered":"<p>Las tareas se realizaron luego de un relevamiento a partir de las consultas y pedidos presentados por vecinos, vecinas e<\/p>\n","protected":false},"author":6,"featured_media":128828,"comment_status":"closed","ping_status":"closed","sticky":false,"template":"","format":"standard","meta":{"_jetpack_memberships_contains_paid_content":false,"footnotes":""},"categories":[5,1],"tags":[],"class_list":["post-128826","post","type-post","status-publish","format-standard","has-post-thumbnail","hentry","category-informacion-general","category-portada"],"jetpack_featured_media_url":"https:\/\/i0.wp.com\/cdnoticias.com\/wp-content\/uploads\/2024\/10\/tareas-viales3.jpg?fit=900%2C459&ssl=1","jetpack_sharing_enabled":true,"_links":{"self":[{"href":"https:\/\/cdnoticias.com\/index.php\/wp-json\/wp\/v2\/posts\/128826","targetHints":{"allow":["GET"]}}],"collection":[{"href":"https:\/\/cdnoticias.com\/index.php\/wp-json\/wp\/v2\/posts"}],"about":[{"href":"https:\/\/cdnoticias.com\/index.php\/wp-json\/wp\/v2\/types\/post"}],"author":[{"embeddable":true,"href":"https:\/\/cdnoticias.com\/index.php\/wp-json\/wp\/v2\/users\/6"}],"replies":[{"embeddable":true,"href":"https:\/\/cdnoticias.com\/index.php\/wp-json\/wp\/v2\/comments?post=128826"}],"version-history":[{"count":0,"href":"https:\/\/cdnoticias.com\/index.php\/wp-json\/wp\/v2\/posts\/128826\/revisions"}],"wp:featuredmedia":[{"embeddable":true,"href":"https:\/\/cdnoticias.com\/index.php\/wp-json\/wp\/v2\/media\/128828"}],"wp:attachment":[{"href":"https:\/\/cdnoticias.com\/index.php\/wp-json\/wp\/v2\/media?parent=128826"}],"wp:term":[{"taxonomy":"category","embeddable":true,"href":"https:\/\/cdnoticias.com\/index.php\/wp-json\/wp\/v2\/categories?post=128826"},{"taxonomy":"post_tag","embeddable":true,"href":"https:\/\/cdnoticias.com\/index.php\/wp-json\/wp\/v2\/tags?post=128826"}],"curies":[{"name":"wp","href":"https:\/\/api.w.org\/{rel}","templated":true}]}}