{"id":128823,"date":"2024-10-25T19:34:24","date_gmt":"2024-10-25T22:34:24","guid":{"rendered":"https:\/\/cdnoticias.com\/?p=128823"},"modified":"2024-10-25T21:48:58","modified_gmt":"2024-10-26T00:48:58","slug":"dieron-a-conocer-el-acuerdo-firmado-entre-ioma-y-coceba","status":"publish","type":"post","link":"https:\/\/cdnoticias.com\/index.php\/2024\/10\/25\/dieron-a-conocer-el-acuerdo-firmado-entre-ioma-y-coceba\/","title":{"rendered":"Dieron a conocer el acuerdo firmado entre IOMA y CoCeBA"},"content":{"rendered":"\n<p>El convenio permite que cl\u00ednicas, sanatorios, c\u00edrculos m\u00e9dicos y profesionales \u201cbrinden atenci\u00f3n m\u00e9dica integral\u201d para prestaciones de nivel ambulatorio, internaci\u00f3n, diagn\u00f3stico por imagen y anestesia para siete localidades, entre ellas Olavarr\u00eda.<\/p>\n\n\n\n<hr class=\"wp-block-separator aligncenter has-alpha-channel-opacity\"\/>\n\n\n\n<p>Este viernes, <strong>desde CoCeBA dieron a conocer el acuerdo firmado entre el consorcio y la obra social IOMA<\/strong>, que permitir\u00e1 el acceso de afiliados a diversas prestaciones en Olavarr\u00eda y otras siete localidades de la zona.<\/p>\n\n\n\n<p>Seg\u00fan se indic\u00f3 desde la entidad<strong>, la suscripci\u00f3n del convenio permitir\u00e1 que <em>\u201ccl\u00ednicas, sanatorios, c\u00edrculos m\u00e9dicos y profesionales brinden atenci\u00f3n m\u00e9dica integral para prestaciones de nivel ambulatorio, internaci\u00f3n, diagn\u00f3stico por imagen y anestesia\u201d<\/em>, a favor de las personas afiliadas a IOMA en los partidos de Olavarr\u00eda, Azul, Daireaux, General La Madrid, Laprida, Tapalqu\u00e9 y General Alvear.<\/strong><\/p>\n\n\n\n<p><strong>Fue firmado por la Directora Provincial de Prestaciones, la doctora Nadia Daciuk y la gerente administrativa de CoCeBA, la contadora Daiana Di Baja.<\/strong> Entrar\u00e1 en vigencia desde el 1\u00b0 de noviembre. <\/p>\n\n\n\n<blockquote class=\"wp-block-quote is-layout-flow wp-block-quote-is-layout-flow\">\n<p>Se\u00f1alaron que teniendo en cuenta que la regi\u00f3n es \u201cde gran dispersi\u00f3n geogr\u00e1fica\u201d y \u201cpocos efectores privados\u201d este acuerdo \u201ces una herramienta para asegurar el acceso a las prestaciones\u201d.<\/p>\n<\/blockquote>\n\n\n\n<p>Por este convenio, ahora, se espera desde CoCeBA que<em><strong> \u201cas\u00ed como vienen brindando prestaciones la Cl\u00ednica Mar\u00eda Auxiliadora y ya han firmado los sanatorios Cemeda y el Instituto M\u00e9dico de Olavarr\u00eda, lo hagan los c\u00edrculos m\u00e9dicos&#8221;.<\/strong><\/em><\/p>\n\n\n\n<p>La novedad llega horas despu\u00e9s de una <strong>protesta de docentes y afiliados de IOMA en las puertas del organismo, en reclamo por acuerdos \u201cdirectos\u201d entre el C\u00edrculo M\u00e9dico y la obra social. Adem\u00e1s, tambi\u00e9n en medio de una pol\u00e9mica entre el C\u00edrculo M\u00e9dico y CoCeBA por propuestas y contrapropuestas para sumarse al servicio<\/strong>, ya sin Femeba como intermediario. <\/p>\n\n\n\n<p><\/p>\n","protected":false},"excerpt":{"rendered":"<p>El convenio permite que cl\u00ednicas, sanatorios, c\u00edrculos m\u00e9dicos y profesionales \u201cbrinden atenci\u00f3n m\u00e9dica integral\u201d para prestaciones de nivel ambulatorio, internaci\u00f3n,<\/p>\n","protected":false},"author":2,"featured_media":128824,"comment_status":"closed","ping_status":"closed","sticky":false,"template":"","format":"standard","meta":{"_jetpack_memberships_contains_paid_content":false,"footnotes":""},"categories":[5,1],"tags":[],"class_list":["post-128823","post","type-post","status-publish","format-standard","has-post-thumbnail","hentry","category-informacion-general","category-portada"],"jetpack_featured_media_url":"https:\/\/i0.wp.com\/cdnoticias.com\/wp-content\/uploads\/2024\/10\/IMG-20241025-WA0084.jpg?fit=987%2C441&ssl=1","jetpack_sharing_enabled":true,"_links":{"self":[{"href":"https:\/\/cdnoticias.com\/index.php\/wp-json\/wp\/v2\/posts\/128823","targetHints":{"allow":["GET"]}}],"collection":[{"href":"https:\/\/cdnoticias.com\/index.php\/wp-json\/wp\/v2\/posts"}],"about":[{"href":"https:\/\/cdnoticias.com\/index.php\/wp-json\/wp\/v2\/types\/post"}],"author":[{"embeddable":true,"href":"https:\/\/cdnoticias.com\/index.php\/wp-json\/wp\/v2\/users\/2"}],"replies":[{"embeddable":true,"href":"https:\/\/cdnoticias.com\/index.php\/wp-json\/wp\/v2\/comments?post=128823"}],"version-history":[{"count":0,"href":"https:\/\/cdnoticias.com\/index.php\/wp-json\/wp\/v2\/posts\/128823\/revisions"}],"wp:featuredmedia":[{"embeddable":true,"href":"https:\/\/cdnoticias.com\/index.php\/wp-json\/wp\/v2\/media\/128824"}],"wp:attachment":[{"href":"https:\/\/cdnoticias.com\/index.php\/wp-json\/wp\/v2\/media?parent=128823"}],"wp:term":[{"taxonomy":"category","embeddable":true,"href":"https:\/\/cdnoticias.com\/index.php\/wp-json\/wp\/v2\/categories?post=128823"},{"taxonomy":"post_tag","embeddable":true,"href":"https:\/\/cdnoticias.com\/index.php\/wp-json\/wp\/v2\/tags?post=128823"}],"curies":[{"name":"wp","href":"https:\/\/api.w.org\/{rel}","templated":true}]}}