{"id":128820,"date":"2024-10-26T10:54:53","date_gmt":"2024-10-26T13:54:53","guid":{"rendered":"https:\/\/cdnoticias.com\/?p=128820"},"modified":"2024-10-26T16:44:13","modified_gmt":"2024-10-26T19:44:13","slug":"llega-la-39a-edicion-de-la-fiesta-un-aplauso-al-asador","status":"publish","type":"post","link":"https:\/\/cdnoticias.com\/index.php\/2024\/10\/26\/llega-la-39a-edicion-de-la-fiesta-un-aplauso-al-asador\/","title":{"rendered":"Llega la 39\u00aa edici\u00f3n de la Fiesta \u201cUn Aplauso al Asador\u201d"},"content":{"rendered":"\n<p>Se realizar\u00e1 el domingo 10 de noviembre en el parque Helios Eseverri. Habr\u00e1 comidas t\u00edpicas, m\u00fasica y se llevar\u00e1 a cabo el tradicional acto protocolar.<\/p>\n\n\n\n<hr class=\"wp-block-separator aligncenter has-alpha-channel-opacity\"\/>\n\n\n\n<p>Llega una <strong>nueva edici\u00f3n de \u201cUn aplauso al Asador\u201d,<\/strong> la fiesta que re\u00fane la tradici\u00f3n y costumbre criolla. Como todos los a\u00f1os, este evento tiene como eje principal el trabajo conjunto con las instituciones y este a\u00f1o<strong> ser\u00e1n m\u00e1s de 40 las que participar\u00e1n con la preparaci\u00f3n y venta de comidas t\u00edpicas criollas.<\/strong><\/p>\n\n\n\n<p><\/p>\n\n\n\n<p>El evento se realizar\u00e1 el <strong>domingo 10 de noviembre en el parque Helios Eseverri.<\/strong> Comenzar\u00e1 al mediod\u00eda luego del <strong>acto protocolar de apertura, anunciado a las 11 horas.<\/strong> Dicho acto tendr\u00e1 la participaci\u00f3n del <strong>Ballet Folkl\u00f3rico Municipal<\/strong> y del m\u00fasico local <strong>Jos\u00e9 Lucero Pedraz<\/strong> quien interpretar\u00e1 el Triunfo.<\/p>\n\n\n\n<p><\/p>\n\n\n\n<blockquote class=\"wp-block-quote is-layout-flow wp-block-quote-is-layout-flow\">\n<p>Asimismo, la fiesta contar\u00e1 con un escenario dedicado al folklore, conformado por m\u00fasicos y bailarines locales, cuyas presentaciones dar\u00e1n inicio finalizado el acto protocolar.<\/p>\n<\/blockquote>\n\n\n\n<p><\/p>\n\n\n\n<p>La apertura ser\u00e1 con el Ballet Folkl\u00f3rico Municipal con los m\u00fasicos: Diego Espinoza y Dar\u00edo Galzadet. Jos\u00e9 Lucero Pedraz, Nicol\u00e1s Centineo y Los del Sol, J\u00e9sica Mentegu\u00eda, Grupo de danza a cargo de la profesora Ana Mar\u00eda Palladini, Los del Riel, Las Chinas, Grupo de danza a cargo del profesor Juan Jos\u00e9 Rivas, Esteban Muia, La Bestia Folk, Cuarteto Popular Municipal y Pablo Pinochi.<\/p>\n","protected":false},"excerpt":{"rendered":"<p>Se realizar\u00e1 el domingo 10 de noviembre en el parque Helios Eseverri. Habr\u00e1 comidas t\u00edpicas, m\u00fasica y se llevar\u00e1 a<\/p>\n","protected":false},"author":6,"featured_media":37981,"comment_status":"closed","ping_status":"closed","sticky":false,"template":"","format":"standard","meta":{"_jetpack_memberships_contains_paid_content":false,"footnotes":""},"categories":[9,1],"tags":[],"class_list":["post-128820","post","type-post","status-publish","format-standard","has-post-thumbnail","hentry","category-cultura","category-portada"],"jetpack_featured_media_url":"https:\/\/i0.wp.com\/cdnoticias.com\/wp-content\/uploads\/2021\/11\/Cultura-36-Aplauso-al-Asador-1-scaled.jpg?fit=2560%2C1711&ssl=1","jetpack_sharing_enabled":true,"_links":{"self":[{"href":"https:\/\/cdnoticias.com\/index.php\/wp-json\/wp\/v2\/posts\/128820","targetHints":{"allow":["GET"]}}],"collection":[{"href":"https:\/\/cdnoticias.com\/index.php\/wp-json\/wp\/v2\/posts"}],"about":[{"href":"https:\/\/cdnoticias.com\/index.php\/wp-json\/wp\/v2\/types\/post"}],"author":[{"embeddable":true,"href":"https:\/\/cdnoticias.com\/index.php\/wp-json\/wp\/v2\/users\/6"}],"replies":[{"embeddable":true,"href":"https:\/\/cdnoticias.com\/index.php\/wp-json\/wp\/v2\/comments?post=128820"}],"version-history":[{"count":0,"href":"https:\/\/cdnoticias.com\/index.php\/wp-json\/wp\/v2\/posts\/128820\/revisions"}],"wp:featuredmedia":[{"embeddable":true,"href":"https:\/\/cdnoticias.com\/index.php\/wp-json\/wp\/v2\/media\/37981"}],"wp:attachment":[{"href":"https:\/\/cdnoticias.com\/index.php\/wp-json\/wp\/v2\/media?parent=128820"}],"wp:term":[{"taxonomy":"category","embeddable":true,"href":"https:\/\/cdnoticias.com\/index.php\/wp-json\/wp\/v2\/categories?post=128820"},{"taxonomy":"post_tag","embeddable":true,"href":"https:\/\/cdnoticias.com\/index.php\/wp-json\/wp\/v2\/tags?post=128820"}],"curies":[{"name":"wp","href":"https:\/\/api.w.org\/{rel}","templated":true}]}}