{"id":128816,"date":"2024-11-09T16:24:12","date_gmt":"2024-11-09T19:24:12","guid":{"rendered":"https:\/\/cdnoticias.com\/?p=128816"},"modified":"2024-11-09T16:24:13","modified_gmt":"2024-11-09T19:24:13","slug":"se-viene-una-nueva-temporada-de-verano-dorado-2","status":"publish","type":"post","link":"https:\/\/cdnoticias.com\/index.php\/2024\/11\/09\/se-viene-una-nueva-temporada-de-verano-dorado-2\/","title":{"rendered":"Se viene una nueva temporada de Verano Dorado"},"content":{"rendered":"\n<p>La inscripci\u00f3n ser\u00e1 a partir del 11 de noviembre en las oficinas de la Direcci\u00f3n de Deporte Social, ubicadas en avenida Del Valle 3549.<\/p>\n\n\n\n<hr class=\"wp-block-separator aligncenter has-alpha-channel-opacity\"\/>\n\n\n\n<p>Desde la Subsecretar\u00eda de Deportes se inform\u00f3 que<strong> el pr\u00f3ximo lunes 11 de noviembre abrir\u00e1 la inscripci\u00f3n para una nueva temporada de Verano Dorado,<\/strong> el tradicional programa recreativo y social <strong>destinado a personas mayores de 60 a\u00f1os <\/strong>y que durante todo el receso estival se lleva a cabo en el predio de la Quinta Bonino.<\/p>\n\n\n\n<p><\/p>\n\n\n\n<blockquote class=\"wp-block-quote is-layout-flow wp-block-quote-is-layout-flow\">\n<p>A partir de esa fecha las personas interesadas podr\u00e1n acercarse a las oficinas de la Direcci\u00f3n de Deporte Social, ubicadas en avenida Del Valle 3549 (Casa del Deporte), en el horario de 9 a 12 horas.<\/p>\n<\/blockquote>\n\n\n\n<p><\/p>\n\n\n\n<p>En el lugar podr\u00e1n <strong>solicitar la ficha de inscripci\u00f3n y documentaci\u00f3n<\/strong> que deber\u00e1n completar y entregar para formalizar la inscripci\u00f3n. Desde el \u00e1rea se detall\u00f3 que <strong>tendr\u00e1n tiempo de anotarse hasta el 27 de noviembre.<\/strong><\/p>\n\n\n\n<p><\/p>\n\n\n\n<p>El Programa Municipal Verano Dorado ofrece a personas mayores la posibilidad de disfrutar de diversas propuestas, como por ejemplo ense\u00f1anza de nataci\u00f3n, clases de gimnasia, caminatas y la pr\u00e1ctica y competencias de tejo, sapo y newcom.<\/p>\n\n\n\n<p><\/p>\n\n\n\n<p>Por consultas o informes pueden comunicarse, en los mismos d\u00edas y horarios, a los n\u00fameros telef\u00f3nicos 444127 o 417212.<\/p>\n","protected":false},"excerpt":{"rendered":"<p>La inscripci\u00f3n ser\u00e1 a partir del 11 de noviembre en las oficinas de la Direcci\u00f3n de Deporte Social, ubicadas en<\/p>\n","protected":false},"author":6,"featured_media":105892,"comment_status":"closed","ping_status":"closed","sticky":false,"template":"","format":"standard","meta":{"_jetpack_memberships_contains_paid_content":false,"footnotes":""},"categories":[5,1],"tags":[],"class_list":["post-128816","post","type-post","status-publish","format-standard","has-post-thumbnail","hentry","category-informacion-general","category-portada"],"jetpack_featured_media_url":"https:\/\/i0.wp.com\/cdnoticias.com\/wp-content\/uploads\/2024\/01\/Verano-Dorado-2024-84-1.jpg?fit=1400%2C931&ssl=1","jetpack_sharing_enabled":true,"_links":{"self":[{"href":"https:\/\/cdnoticias.com\/index.php\/wp-json\/wp\/v2\/posts\/128816","targetHints":{"allow":["GET"]}}],"collection":[{"href":"https:\/\/cdnoticias.com\/index.php\/wp-json\/wp\/v2\/posts"}],"about":[{"href":"https:\/\/cdnoticias.com\/index.php\/wp-json\/wp\/v2\/types\/post"}],"author":[{"embeddable":true,"href":"https:\/\/cdnoticias.com\/index.php\/wp-json\/wp\/v2\/users\/6"}],"replies":[{"embeddable":true,"href":"https:\/\/cdnoticias.com\/index.php\/wp-json\/wp\/v2\/comments?post=128816"}],"version-history":[{"count":0,"href":"https:\/\/cdnoticias.com\/index.php\/wp-json\/wp\/v2\/posts\/128816\/revisions"}],"wp:featuredmedia":[{"embeddable":true,"href":"https:\/\/cdnoticias.com\/index.php\/wp-json\/wp\/v2\/media\/105892"}],"wp:attachment":[{"href":"https:\/\/cdnoticias.com\/index.php\/wp-json\/wp\/v2\/media?parent=128816"}],"wp:term":[{"taxonomy":"category","embeddable":true,"href":"https:\/\/cdnoticias.com\/index.php\/wp-json\/wp\/v2\/categories?post=128816"},{"taxonomy":"post_tag","embeddable":true,"href":"https:\/\/cdnoticias.com\/index.php\/wp-json\/wp\/v2\/tags?post=128816"}],"curies":[{"name":"wp","href":"https:\/\/api.w.org\/{rel}","templated":true}]}}