{"id":128806,"date":"2024-10-25T18:41:01","date_gmt":"2024-10-25T21:41:01","guid":{"rendered":"https:\/\/cdnoticias.com\/?p=128806"},"modified":"2024-10-25T18:41:03","modified_gmt":"2024-10-25T21:41:03","slug":"cellillo-los-afiliados-del-ioma-estan-a-la-deriva","status":"publish","type":"post","link":"https:\/\/cdnoticias.com\/index.php\/2024\/10\/25\/cellillo-los-afiliados-del-ioma-estan-a-la-deriva\/","title":{"rendered":"Cellillo: \u201cLos afiliados del IOMA est\u00e1n a la deriva\u201d"},"content":{"rendered":"\n<p>El senador provincial del bloque UCR &#8211; Cambio Federal, advirti\u00f3 que \u201ces el gobernador quien todos los d\u00edas recalca que son muy pocos los fondos que env\u00eda el gobierno nacional a la Provincia\u201d, por lo que \u201cclaramente, un proyecto como el de los servicios de emergencia agravar\u00eda a\u00fan m\u00e1s la situaci\u00f3n\u201d.<\/p>\n\n\n\n<hr class=\"wp-block-separator aligncenter has-alpha-channel-opacity\"\/>\n\n\n\n<p>Este viernes, en el marco de la decisi\u00f3n de IOMA de terminar con el contrato con Femeba y no terminar de resolver la situaci\u00f3n en varios distritos -entre ellos Olavarr\u00eda- <strong>el senador provincial de la S\u00e9ptima Secci\u00f3n por la UCR-Cambio Federal, Alejandro Cellillo, se\u00f1al\u00f3 que los afiliados est\u00e1n &#8220;a la deriva&#8221;<\/strong><\/p>\n\n\n\n<p>Cellillo se\u00f1al\u00f3 que,<em> \u201cahora, a la mala gesti\u00f3n frente al Instituto, se le suma la pretensi\u00f3n de incorporar nuevas estructuras que, lejos de solucionar la crisis actual en el \u00e1mbito de la salud, deteriorar\u00e1n a\u00fan m\u00e1s el sistema\u201d. <\/em>M\u00e9dico de profesi\u00f3n, con a\u00f1os de experiencia en hospitales del interior de la provincia de Buenos Aires, el senador tiene una mirada integral sobre el funcionamiento del sistema de salud y sus dificultades.<\/p>\n\n\n\n<p>Desde el bloque UCR &#8211; Cambio Federal aseguran que, tras cinco a\u00f1os de gesti\u00f3n, todav\u00eda no hay una definici\u00f3n clara sobre el sistema de salud que se busca implementar. Denunciaron que <em><strong>&#8220;no se present\u00f3 un diagn\u00f3stico preciso de los problemas actuales, ni se han ofrecido soluciones efectivas&#8221;<\/strong><\/em>. Por el contrario, se propone la creaci\u00f3n de una nueva entidad que, en palabras de Cellillo, <em><strong>&#8220;podr\u00eda replicar errores del pasado sin aportar mejoras tangibles a la atenci\u00f3n sanitaria de los ciudadanos&#8221;.<\/strong><\/em><\/p>\n\n\n\n<p>En este sentido, el vicepresidente del Senado subray\u00f3 que <em><strong>\u201ces necesario que el gobierno defina una pol\u00edtica sanitaria a largo plazo, que atienda las verdaderas necesidades del sistema de salud en la Provincia\u201d. <\/strong><\/em>Adem\u00e1s, advirti\u00f3 que <strong>la crisis en el sistema de salud se agrava cada vez m\u00e1s y, sin los fondos nacionales necesarios<\/strong>, <em>\u201cdebemos enfocarnos en mejorar lo que tenemos, buscando soluciones efectivas, en lugar de seguir creando estructuras burocr\u00e1ticas para cubrir la ineficacia de la gesti\u00f3n\u201d.<\/em><\/p>\n\n\n\n<p>En relaci\u00f3n al proyecto, Cellillo expres\u00f3 su preocupaci\u00f3n: <em><strong>\u201cAl estar constituida como una Sociedad An\u00f3nima, se corre el riesgo de que no haya un control adecuado del manejo de los fondos p\u00fablicos, comprometiendo la transparencia y la rendici\u00f3n de cuentas, que deben ser prioritarias en este tipo de iniciativas\u201d.<\/strong><\/em><\/p>\n\n\n\n<p>Finalmente, el legislador radical advirti\u00f3 que, sin una pol\u00edtica de salud a largo plazo, clara y concisa, <em>&#8220;son los bonaerenses quienes terminar\u00e1n sufriendo los graves problemas que presenta el sistema de salud en la provincia de Buenos Aires&#8221;.<\/em><\/p>\n","protected":false},"excerpt":{"rendered":"<p>El senador provincial del bloque UCR &#8211; Cambio Federal, advirti\u00f3 que \u201ces el gobernador quien todos los d\u00edas recalca que<\/p>\n","protected":false},"author":2,"featured_media":128810,"comment_status":"closed","ping_status":"closed","sticky":false,"template":"","format":"standard","meta":{"_jetpack_memberships_contains_paid_content":false,"footnotes":""},"categories":[4,1],"tags":[],"class_list":["post-128806","post","type-post","status-publish","format-standard","has-post-thumbnail","hentry","category-politica","category-portada"],"jetpack_featured_media_url":"https:\/\/i0.wp.com\/cdnoticias.com\/wp-content\/uploads\/2024\/10\/WhatsApp-Image-2024-10-25-at-14.40.33-scaled.jpeg?fit=2560%2C1706&ssl=1","jetpack_sharing_enabled":true,"_links":{"self":[{"href":"https:\/\/cdnoticias.com\/index.php\/wp-json\/wp\/v2\/posts\/128806","targetHints":{"allow":["GET"]}}],"collection":[{"href":"https:\/\/cdnoticias.com\/index.php\/wp-json\/wp\/v2\/posts"}],"about":[{"href":"https:\/\/cdnoticias.com\/index.php\/wp-json\/wp\/v2\/types\/post"}],"author":[{"embeddable":true,"href":"https:\/\/cdnoticias.com\/index.php\/wp-json\/wp\/v2\/users\/2"}],"replies":[{"embeddable":true,"href":"https:\/\/cdnoticias.com\/index.php\/wp-json\/wp\/v2\/comments?post=128806"}],"version-history":[{"count":0,"href":"https:\/\/cdnoticias.com\/index.php\/wp-json\/wp\/v2\/posts\/128806\/revisions"}],"wp:featuredmedia":[{"embeddable":true,"href":"https:\/\/cdnoticias.com\/index.php\/wp-json\/wp\/v2\/media\/128810"}],"wp:attachment":[{"href":"https:\/\/cdnoticias.com\/index.php\/wp-json\/wp\/v2\/media?parent=128806"}],"wp:term":[{"taxonomy":"category","embeddable":true,"href":"https:\/\/cdnoticias.com\/index.php\/wp-json\/wp\/v2\/categories?post=128806"},{"taxonomy":"post_tag","embeddable":true,"href":"https:\/\/cdnoticias.com\/index.php\/wp-json\/wp\/v2\/tags?post=128806"}],"curies":[{"name":"wp","href":"https:\/\/api.w.org\/{rel}","templated":true}]}}