{"id":128797,"date":"2024-10-27T12:25:47","date_gmt":"2024-10-27T15:25:47","guid":{"rendered":"https:\/\/cdnoticias.com\/?p=128797"},"modified":"2024-10-27T12:25:49","modified_gmt":"2024-10-27T15:25:49","slug":"coopelectric-se-dicto-la-charla-abordaje-integral-frente-al-cancer-de-mama","status":"publish","type":"post","link":"https:\/\/cdnoticias.com\/index.php\/2024\/10\/27\/coopelectric-se-dicto-la-charla-abordaje-integral-frente-al-cancer-de-mama\/","title":{"rendered":"Coopelectric: Se dict\u00f3 la charla \u201cAbordaje integral frente al c\u00e1ncer de mama\u201d"},"content":{"rendered":"\n<p>La charla cont\u00f3 con las agrupaciones Lalcec, Ola Rosa y Pelucas Solidarias Olavarr\u00eda en el marco de las actividades de la campa\u00f1a \u201cOctubre Rosa\u201d con gran marco de p\u00fablico.<\/p>\n\n\n\n<hr class=\"wp-block-separator aligncenter has-alpha-channel-opacity\"\/>\n\n\n\n<p>Con <strong>gran marco de p\u00fablico <\/strong>se llev\u00f3 a cabo la charla <strong>\u201c<em>Abordaje integral frente al c\u00e1ncer de mama\u201d<\/em><\/strong>, organizada por <strong>Coopelectric, LALCEC, Ola Rosa y Pelucas Solidarias Olavarr\u00eda<\/strong> en el mes de la<strong> concientizaci\u00f3n sobre el c\u00e1ncer de mama.<\/strong><\/p>\n\n\n\n<p><\/p>\n\n\n\n<p>Fue dictada por Mar\u00eda Bel\u00e9n Iriarte, M\u00e9dica ginec\u00f3loga y mast\u00f3loga; Mar\u00eda Roc\u00edo Larreche, Bi\u00f3loga Molecular y Biomedicina; Agustina Sal\u00edas, M\u00e9dica especialista en Diagn\u00f3stico por im\u00e1genes con M\u00e1ster en Mastolog\u00eda, y Fernanda Garc\u00eda Nero, Coach Ontol\u00f3gico y ex paciente de c\u00e1ncer de mama.<\/p>\n\n\n\n<p><\/p>\n\n\n\n<p>De forma din\u00e1mica y con material audiovisual que agreg\u00f3 valor a la presentaci\u00f3n, las disertantes brindaron informaci\u00f3n y herramientas pr\u00e1cticas para cuidar la salud mamaria.<\/p>\n\n\n\n<p><\/p>\n\n\n\n<p>En primer lugar, Mar\u00eda Bel\u00e9n Iriarte defini\u00f3 el c\u00e1ncer de mama como el \u201c<strong>proceso oncol\u00f3gico en el que c\u00e9lulas sanas de la gl\u00e1ndula mamaria se degeneran transform\u00e1ndose en c\u00e9lulas tumorales que se multiplican hasta formar un tumor\u201d <\/strong>para luego referirse a los s\u00edntomas.<\/p>\n\n\n\n<p><\/p>\n\n\n\n<figure class=\"wp-block-image aligncenter size-full\"><img data-recalc-dims=\"1\" loading=\"lazy\" decoding=\"async\" width=\"800\" height=\"491\" src=\"https:\/\/i0.wp.com\/cdnoticias.com\/wp-content\/uploads\/2024\/10\/coopelectric-prevencion-cancer-mama1.png?resize=800%2C491&#038;ssl=1\" alt=\"\" class=\"wp-image-128800\" srcset=\"https:\/\/i0.wp.com\/cdnoticias.com\/wp-content\/uploads\/2024\/10\/coopelectric-prevencion-cancer-mama1.png?w=867&amp;ssl=1 867w, https:\/\/i0.wp.com\/cdnoticias.com\/wp-content\/uploads\/2024\/10\/coopelectric-prevencion-cancer-mama1.png?resize=300%2C184&amp;ssl=1 300w, https:\/\/i0.wp.com\/cdnoticias.com\/wp-content\/uploads\/2024\/10\/coopelectric-prevencion-cancer-mama1.png?resize=768%2C471&amp;ssl=1 768w\" sizes=\"auto, (max-width: 800px) 100vw, 800px\" \/><\/figure>\n\n\n\n<p><\/p>\n\n\n\n<blockquote class=\"wp-block-quote is-layout-flow wp-block-quote-is-layout-flow\">\n<p>\u201cBultos palpables en mamas o axilas, retracci\u00f3n del pez\u00f3n, derrame por el pez\u00f3n, cambios en la piel de la mama o pez\u00f3n, son signos de alarma que deben motivar una consulta inmediata\u201d se\u00f1al\u00f3 y a continuaci\u00f3n comparti\u00f3 recomendaciones para realizar el autoexamen mamario.<\/p>\n<\/blockquote>\n\n\n\n<p><\/p>\n\n\n\n<p>En tanto, Agustina Sal\u00edas hizo hincapi\u00e9 en la <strong>importancia de realizar chequeos de control regulares <\/strong>y en los diferentes m\u00e9todos de diagn\u00f3stico por im\u00e1genes. \u201c<strong>La mamograf\u00eda es el \u00fanico m\u00e9todo que logra disminuir la mortalidad por c\u00e1ncer de mama\u201d<\/strong> sostuvo.<\/p>\n\n\n\n<p><\/p>\n\n\n\n<p>Este tipo de estudios <strong>se recomienda a partir de los 40 a\u00f1os<\/strong> o antes si existen s\u00edntomas o antecedentes, y si bien puede causar alguna molestia al momento de realizarla no debe doler.<\/p>\n\n\n\n<p><\/p>\n\n\n\n<p>Tambi\u00e9n se refiri\u00f3 a las ecograf\u00edas que complementan la mamograf\u00eda, resonancias para alcanzar un diagn\u00f3stico y a la importancia de la biopsia que se realiza con anestesia local y arroja informaci\u00f3n sobre la caracterizaci\u00f3n histol\u00f3gica, <strong>\u201cpermite ponerle nombre y apellido al hallazgo\u201d<\/strong> expres\u00f3.<\/p>\n\n\n\n<p><\/p>\n\n\n\n<p>Ante un diagn\u00f3stico de c\u00e1ncer de mama, los profesionales de la salud trabajan para ofrecer a las pacientes el mejor tratamiento disponible de acuerdo a su situaci\u00f3n particular. <strong>\u201cSe toman en consideraci\u00f3n diversos factores como la edad, estad\u00edo tumoral, tama\u00f1o y grado histol\u00f3gico<\/strong>\u201d explic\u00f3 la Dra. Iriarte y aclar\u00f3 que <strong>no en todos los casos se requiere de quimioterapia.<\/strong><\/p>\n\n\n\n<p><\/p>\n\n\n\n<blockquote class=\"wp-block-quote is-layout-flow wp-block-quote-is-layout-flow\">\n<p>Entre un 5 y un 10 % de los casos de c\u00e1ncer de mama est\u00e1n asociados a la herencia de un gen mutado. En tal sentido, la bi\u00f3loga molecular Mar\u00eda Roc\u00edo Larreche se refiri\u00f3 al asesoramiento gen\u00e9tico que consiste en una consulta para evaluar el riesgo gen\u00e9tico de tener c\u00e1ncer hereditario.<\/p>\n<\/blockquote>\n\n\n\n<p><\/p>\n\n\n\n<p>Esto permite definir <strong>estrategias de prevenci\u00f3n, diagn\u00f3stico precoz y tratamiento personalizado, <\/strong>no s\u00f3lo para la paciente sino tambi\u00e9n para su familia.<\/p>\n\n\n\n<p><\/p>\n\n\n\n<p>El enfoque de la nutrici\u00f3n, el ejercicio y la atenci\u00f3n psicol\u00f3gica tambi\u00e9n fueron abordados durante la charla, ya que son cuidados complementarios que pueden ayudar a las pacientes a manejar los efectos secundarios del tratamiento y mejorar su bienestar general.<\/p>\n\n\n\n<p><\/p>\n\n\n\n<p>Finalmente, la coach y ex paciente de c\u00e1ncer de mama Fernanda Garc\u00eda Nero, narr\u00f3 su propia experiencia. Mediante la descripci\u00f3n de las sensaciones que la invadieron al conocer su diagn\u00f3stico, su impacto emocional, el tratamiento m\u00e9dico, su proceso interno de sanaci\u00f3n, la importancia de los v\u00ednculos y lazos sociales, el acompa\u00f1amiento de los seres queridos y de la resignificaci\u00f3n de las cosas esenciales de la vida, Fernanda brind\u00f3 un mensaje esperanzador para las mujeres que hoy son protagonistas de su tratamiento y recuperaci\u00f3n.<\/p>\n","protected":false},"excerpt":{"rendered":"<p>La charla cont\u00f3 con las agrupaciones Lalcec, Ola Rosa y Pelucas Solidarias Olavarr\u00eda en el marco de las actividades de<\/p>\n","protected":false},"author":6,"featured_media":128799,"comment_status":"closed","ping_status":"closed","sticky":false,"template":"","format":"standard","meta":{"_jetpack_memberships_contains_paid_content":false,"footnotes":""},"categories":[5,1],"tags":[],"class_list":["post-128797","post","type-post","status-publish","format-standard","has-post-thumbnail","hentry","category-informacion-general","category-portada"],"jetpack_featured_media_url":"https:\/\/i0.wp.com\/cdnoticias.com\/wp-content\/uploads\/2024\/10\/coopelectric-prevencion-cancer-mama.png?fit=888%2C507&ssl=1","jetpack_sharing_enabled":true,"_links":{"self":[{"href":"https:\/\/cdnoticias.com\/index.php\/wp-json\/wp\/v2\/posts\/128797","targetHints":{"allow":["GET"]}}],"collection":[{"href":"https:\/\/cdnoticias.com\/index.php\/wp-json\/wp\/v2\/posts"}],"about":[{"href":"https:\/\/cdnoticias.com\/index.php\/wp-json\/wp\/v2\/types\/post"}],"author":[{"embeddable":true,"href":"https:\/\/cdnoticias.com\/index.php\/wp-json\/wp\/v2\/users\/6"}],"replies":[{"embeddable":true,"href":"https:\/\/cdnoticias.com\/index.php\/wp-json\/wp\/v2\/comments?post=128797"}],"version-history":[{"count":0,"href":"https:\/\/cdnoticias.com\/index.php\/wp-json\/wp\/v2\/posts\/128797\/revisions"}],"wp:featuredmedia":[{"embeddable":true,"href":"https:\/\/cdnoticias.com\/index.php\/wp-json\/wp\/v2\/media\/128799"}],"wp:attachment":[{"href":"https:\/\/cdnoticias.com\/index.php\/wp-json\/wp\/v2\/media?parent=128797"}],"wp:term":[{"taxonomy":"category","embeddable":true,"href":"https:\/\/cdnoticias.com\/index.php\/wp-json\/wp\/v2\/categories?post=128797"},{"taxonomy":"post_tag","embeddable":true,"href":"https:\/\/cdnoticias.com\/index.php\/wp-json\/wp\/v2\/tags?post=128797"}],"curies":[{"name":"wp","href":"https:\/\/api.w.org\/{rel}","templated":true}]}}