{"id":128786,"date":"2024-10-25T18:07:37","date_gmt":"2024-10-25T21:07:37","guid":{"rendered":"https:\/\/cdnoticias.com\/?p=128786"},"modified":"2024-10-25T20:39:06","modified_gmt":"2024-10-25T23:39:06","slug":"todo-lo-que-no-puedo-decir-lo-escribo-y-se-convierte-en-cancion","status":"publish","type":"post","link":"https:\/\/cdnoticias.com\/index.php\/2024\/10\/25\/todo-lo-que-no-puedo-decir-lo-escribo-y-se-convierte-en-cancion\/","title":{"rendered":"\u201cTodo lo que no puedo decir, lo escribo y se convierte en canci\u00f3n\u201d"},"content":{"rendered":"\n<p>Manuela Mart\u00ednez de la Presa se presentar\u00e1 este s\u00e1bado en 713 para presentar su \u00faltimo disco \u201cD\u00eda de Verano\u201d. La m\u00fasica heredada por sus padres, las formas de componer y la participaci\u00f3n en grandes festivales.<\/p>\n\n\n\n<hr class=\"wp-block-separator aligncenter has-alpha-channel-opacity\"\/>\n\n\n\n<p><strong>Manuela Mart\u00ednez de la Presa,<\/strong> m\u00e1s conocida como \u201cManu\u201d <strong>pisar\u00e1 Olavarr\u00eda por primera vez este s\u00e1bado 26 de octubre en el marco de su gira presentando su \u00faltimo disco<\/strong> <a href=\"https:\/\/open.spotify.com\/intl-es\/album\/5wyySLGb3YlSsPec2zOA3X\" target=\"_blank\" rel=\"noreferrer noopener\">\u201c<strong><em>D\u00eda de Verano\u201d (2024),<\/em><\/strong><\/a> el cual contiene colaboraciones con Jorge Serrano (Los aut\u00e9nticos Decadentes), Facundo Montoya (El Zar) y Anyi.<\/p>\n\n\n\n<p><\/p>\n\n\n\n<p>Hija de padres m\u00fasicos, <strong>(Carolina de la Presa<\/strong> y <strong>Andr\u00e9s Ciro Mart\u00ednez<\/strong>) logr\u00f3 hacer su propio camino a trav\u00e9s del arte con tan solo 25 a\u00f1os.<\/p>\n\n\n\n<p><\/p>\n\n\n\n<p><em>Central de Noticias<\/em> dialog\u00f3 con \u201c<strong>Manu\u201d Mart\u00ednez<\/strong>, quien cont\u00f3 parte de su recorrido en la m\u00fasica hasta hoy, llegar a festivales de gran renombre, las emociones a la hora de componer y su show \u00edntimo en nuestra ciudad por primera vez.<\/p>\n\n\n\n<p><\/p>\n\n\n\n<p>\u201cEs la primera vez que voy a Olavarr\u00eda. Vengo de hacer este formato en Santa Fe, Rosario y Paran\u00e1. Vamos a estar presentando <strong>mi segundo disco <em>\u201cD\u00eda de Verano\u201d (2024)<\/em><\/strong> pero tambi\u00e9n <strong>mi primer disco<\/strong><em><strong> \u201c<a href=\"https:\/\/open.spotify.com\/intl-es\/album\/2X7QgOXDviisukXhIrVt1k\" target=\"_blank\" rel=\"noreferrer noopener\">Diecinueve\u201d (2020)<\/a><\/strong> <\/em>porque es la primera vez que toco ah\u00ed as\u00ed que vamos a tocar seguro todos los temas, y alg\u00fan que otro cover\u201d expres\u00f3 Mart\u00ednez.<\/p>\n\n\n\n<p><\/p>\n\n\n\n<figure class=\"wp-block-image aligncenter size-full\"><img data-recalc-dims=\"1\" loading=\"lazy\" decoding=\"async\" width=\"800\" height=\"430\" src=\"https:\/\/i0.wp.com\/cdnoticias.com\/wp-content\/uploads\/2024\/10\/manu-martinez-713.png?resize=800%2C430&#038;ssl=1\" alt=\"\" class=\"wp-image-128789\" srcset=\"https:\/\/i0.wp.com\/cdnoticias.com\/wp-content\/uploads\/2024\/10\/manu-martinez-713.png?w=893&amp;ssl=1 893w, https:\/\/i0.wp.com\/cdnoticias.com\/wp-content\/uploads\/2024\/10\/manu-martinez-713.png?resize=300%2C161&amp;ssl=1 300w, https:\/\/i0.wp.com\/cdnoticias.com\/wp-content\/uploads\/2024\/10\/manu-martinez-713.png?resize=768%2C413&amp;ssl=1 768w\" sizes=\"auto, (max-width: 800px) 100vw, 800px\" \/><\/figure>\n\n\n\n<p><\/p>\n\n\n\n<p>Mart\u00ednez confirm\u00f3 que el show en nuestra ciudad ser\u00e1 <strong>\u201c<\/strong>ac\u00fastico con formato d\u00fao a dos guitarras\u201d a la vez que buscar\u00e1 lograr que sea <strong><em>\u201c<\/em><\/strong><em>s\u00faper \u00edntimo. Es un lugar relativamente chico, el formato queda bien y predomina m\u00e1s la canci\u00f3n y la letra. Capaz cuando hay banda se pierde un poco eso\u201d.<\/em><\/p>\n\n\n\n<p><\/p>\n\n\n\n<p>Sobre los g\u00e9neros de sus dos discos, la cantante cont\u00f3 que \u201c<strong>ser\u00edan medio indie pero la realidad es que hay mezcla. Hay cosas de rock alternativo y tambi\u00e9n de g\u00e9nero canci\u00f3n. Mam\u00e9 mucha m\u00fasica diferente&nbsp;as\u00ed que hay de todo<\/strong>\u201d sostuvo. &nbsp;<\/p>\n\n\n\n<p><\/p>\n\n\n\n<blockquote class=\"wp-block-quote is-layout-flow wp-block-quote-is-layout-flow\">\n<p>\u201cLo que m\u00e1s me gusta de componer es como que hago catarsis. Es como un diario \u00edntimo largo. Todo lo que lo que no puedo decir, lo escribo y se convierte en canci\u00f3n. Me genera mucho placer la m\u00fasica. Suelo componer a la noche m\u00e1s que nada o cuando estoy con emociones fuertes ya sea enojo, felicidad amor o lo que sea\u201d cont\u00f3 Manu.<\/p>\n<\/blockquote>\n\n\n\n<p><\/p>\n\n\n\n<p>Asimismo, afirm\u00f3 que <strong>empez\u00f3 a componer a los 12 a\u00f1os con su mam\u00e1<\/strong>, luego algunas <strong>canciones con su padre <\/strong>y despu\u00e9s comenz\u00f3 a realizarlo sola:<strong><em> \u201cA esa edad hacia muchos temas, hoy en d\u00eda tengo m\u00e1s filtro<\/em><\/strong>\u201d expres\u00f3 entre risas.<\/p>\n\n\n\n<p><\/p>\n\n\n\n<figure class=\"wp-block-image aligncenter size-full\"><img data-recalc-dims=\"1\" loading=\"lazy\" decoding=\"async\" width=\"800\" height=\"477\" src=\"https:\/\/i0.wp.com\/cdnoticias.com\/wp-content\/uploads\/2024\/10\/manu-martinez-7134.png?resize=800%2C477&#038;ssl=1\" alt=\"\" class=\"wp-image-128792\" srcset=\"https:\/\/i0.wp.com\/cdnoticias.com\/wp-content\/uploads\/2024\/10\/manu-martinez-7134.png?w=900&amp;ssl=1 900w, https:\/\/i0.wp.com\/cdnoticias.com\/wp-content\/uploads\/2024\/10\/manu-martinez-7134.png?resize=300%2C179&amp;ssl=1 300w, https:\/\/i0.wp.com\/cdnoticias.com\/wp-content\/uploads\/2024\/10\/manu-martinez-7134.png?resize=768%2C458&amp;ssl=1 768w\" sizes=\"auto, (max-width: 800px) 100vw, 800px\" \/><\/figure>\n\n\n\n<p><\/p>\n\n\n\n<p>En el medio de gira, Manu sigue componiendo en estudio y este a\u00f1o publicar\u00e1 nueva m\u00fasica entre noviembre o principios de diciembre. En sus shows, suele haber<strong> <a href=\"https:\/\/www.youtube.com\/watch?v=bKgOo6M5Rdw\" target=\"_blank\" rel=\"noreferrer noopener\">covers de Julieta Venegas<\/a>, Las Pelotas, Babas\u00f3nicos y algo de Charly Garc\u00eda,<\/strong> aunque se\u00f1al\u00f3 que \u201cvemos siempre que sale en el momento\u201d.<\/p>\n\n\n\n<p><\/p>\n\n\n\n<p>Sobre su presencia en los festivales se\u00f1al\u00f3: \u201c<strong>El a\u00f1o que viene voy a tocar en Cosqu\u00edn rock y en Quilmes rock. Es muy divertido no solo la cantidad de gente que va sino tambi\u00e9n el tama\u00f1o de los escenarios, es re loco el espacio que tiene uno ah\u00ed\u201d<\/strong>.<\/p>\n\n\n\n<p><\/p>\n\n\n\n<blockquote class=\"wp-block-quote is-layout-flow wp-block-quote-is-layout-flow\">\n<p>\u201cEn el \u00faltimo Cosqu\u00edn me pas\u00f3 que hab\u00eda un mont\u00f3n de gente que sab\u00eda mis temas. Para m\u00ed es muy emocionante, hago cantar mucho al p\u00fablico porque me gusta escucharlos cantar. Me gusta bajar del escenario y cantar con el p\u00fablico, que se haga una rondita o algo porque es muy loco\u201d.<\/p>\n<\/blockquote>\n\n\n\n<p><\/p>\n\n\n\n<p>Asimismo, remarc\u00f3 que \u201cno me lo esperaba. <strong>Cada vez es m\u00e1s gente que se sabe mis canciones<\/strong>. Me pas\u00f3 este a\u00f1o en La Tangente en mayo que grabamos el show y se sab\u00edan todos los temas.<strong> Reci\u00e9n este a\u00f1o realmente la gente que viene a verme se sabe todos los temas y es muy emocionante\u201d.<\/strong><\/p>\n\n\n\n<p><\/p>\n\n\n\n<figure class=\"wp-block-image aligncenter size-full\"><img data-recalc-dims=\"1\" loading=\"lazy\" decoding=\"async\" width=\"800\" height=\"505\" src=\"https:\/\/i0.wp.com\/cdnoticias.com\/wp-content\/uploads\/2024\/10\/manu-martinez-7132.png?resize=800%2C505&#038;ssl=1\" alt=\"\" class=\"wp-image-128791\" srcset=\"https:\/\/i0.wp.com\/cdnoticias.com\/wp-content\/uploads\/2024\/10\/manu-martinez-7132.png?w=861&amp;ssl=1 861w, https:\/\/i0.wp.com\/cdnoticias.com\/wp-content\/uploads\/2024\/10\/manu-martinez-7132.png?resize=300%2C189&amp;ssl=1 300w, https:\/\/i0.wp.com\/cdnoticias.com\/wp-content\/uploads\/2024\/10\/manu-martinez-7132.png?resize=768%2C484&amp;ssl=1 768w\" sizes=\"auto, (max-width: 800px) 100vw, 800px\" \/><\/figure>\n\n\n\n<p><\/p>\n\n\n\n<p>Por \u00faltimo, la cantante cont\u00f3 que <strong>este s\u00e1bado por la ma\u00f1ana recorrer\u00e1 la ciudad (previo al show en 713) y luego viajar\u00e1 a Espa\u00f1a para tocar en Bilbao.<\/strong> <strong><em>\u201cEspero que en Olavarr\u00eda disfrutemos, que la pasemos bien&nbsp; y que nos divirtamos. Cuando la gente est\u00e1 prendida y es respetuosa, el show suele estar buen\u00edsimo<\/em><\/strong>\u201d cerr\u00f3.<\/p>\n\n\n\n<p><\/p>\n","protected":false},"excerpt":{"rendered":"<p>Manuela Mart\u00ednez de la Presa se presentar\u00e1 este s\u00e1bado en 713 para presentar su \u00faltimo disco \u201cD\u00eda de Verano\u201d. La<\/p>\n","protected":false},"author":6,"featured_media":128790,"comment_status":"closed","ping_status":"closed","sticky":false,"template":"","format":"standard","meta":{"_jetpack_memberships_contains_paid_content":false,"footnotes":""},"categories":[9,1],"tags":[],"class_list":["post-128786","post","type-post","status-publish","format-standard","has-post-thumbnail","hentry","category-cultura","category-portada"],"jetpack_featured_media_url":"https:\/\/i0.wp.com\/cdnoticias.com\/wp-content\/uploads\/2024\/10\/manu-martinez-7131.png?fit=892%2C508&ssl=1","jetpack_sharing_enabled":true,"_links":{"self":[{"href":"https:\/\/cdnoticias.com\/index.php\/wp-json\/wp\/v2\/posts\/128786","targetHints":{"allow":["GET"]}}],"collection":[{"href":"https:\/\/cdnoticias.com\/index.php\/wp-json\/wp\/v2\/posts"}],"about":[{"href":"https:\/\/cdnoticias.com\/index.php\/wp-json\/wp\/v2\/types\/post"}],"author":[{"embeddable":true,"href":"https:\/\/cdnoticias.com\/index.php\/wp-json\/wp\/v2\/users\/6"}],"replies":[{"embeddable":true,"href":"https:\/\/cdnoticias.com\/index.php\/wp-json\/wp\/v2\/comments?post=128786"}],"version-history":[{"count":0,"href":"https:\/\/cdnoticias.com\/index.php\/wp-json\/wp\/v2\/posts\/128786\/revisions"}],"wp:featuredmedia":[{"embeddable":true,"href":"https:\/\/cdnoticias.com\/index.php\/wp-json\/wp\/v2\/media\/128790"}],"wp:attachment":[{"href":"https:\/\/cdnoticias.com\/index.php\/wp-json\/wp\/v2\/media?parent=128786"}],"wp:term":[{"taxonomy":"category","embeddable":true,"href":"https:\/\/cdnoticias.com\/index.php\/wp-json\/wp\/v2\/categories?post=128786"},{"taxonomy":"post_tag","embeddable":true,"href":"https:\/\/cdnoticias.com\/index.php\/wp-json\/wp\/v2\/tags?post=128786"}],"curies":[{"name":"wp","href":"https:\/\/api.w.org\/{rel}","templated":true}]}}