{"id":128764,"date":"2024-10-24T23:32:10","date_gmt":"2024-10-25T14:23:23","guid":{"rendered":"https:\/\/cdnoticias.com\/?p=128764"},"modified":"2025-02-13T23:13:33","modified_gmt":"2025-02-14T02:13:33","slug":"la-sub-13-de-olavarria-es-finalista-del-torneo-de-selecciones","status":"publish","type":"post","link":"https:\/\/cdnoticias.com\/index.php\/2024\/10\/24\/la-sub-13-de-olavarria-es-finalista-del-torneo-de-selecciones\/","title":{"rendered":"La Sub 13 de Olavarr\u00eda es finalista del Torneo de Selecciones"},"content":{"rendered":"<p>Los dirigidos por Dardo Seibel accedieron tras golear 3 a 0 al representativo de General Alvarado en el duelo revancha de semifinales (Global 7 \u2013 1). La definici\u00f3n ser\u00e1 contra General Madariaga.<!--more--><\/p>\n<hr \/>\n<p><strong>El combinado olavarriense, bajo la coordinaci\u00f3n t\u00e9cnica de Dardo Seibel, jugar\u00e1 nuevamente una definici\u00f3n provincial, esta vez en Sub 13<\/strong>. La anterior hab\u00eda sido el a\u00f1o pasado contra Tandil en Sub 15.<\/p>\n<p>&nbsp;<\/p>\n<p><strong>Con goleada 3 a 0<\/strong> este jueves por la tarde en el sint\u00e9tico del \u201cTete\u201d Di Carlo, el seleccionado de nuestra ciudad se qued\u00f3 tambi\u00e9n con la revancha de semifinales y,<strong> con global de 7 \u2013 1, elimin\u00f3 a General Alvarado de la competencia<\/strong> para meterse directamente en la definici\u00f3n.<\/p>\n<p>&nbsp;<\/p>\n<p>[soliloquy id=&#8221;56627&#8243;]<\/p>\n<p>&nbsp;<\/p>\n<p><strong>Lucio Portillo, en dos ocasiones<\/strong>, convirti\u00f3 la ventaja para Olavarr\u00eda en el primer tiempo, mientras que <strong>Thiago C\u00e9spedes<\/strong> liquid\u00f3 las acciones en la etapa complementaria.<\/p>\n<p>&nbsp;<\/p>\n<p><strong>La final ser\u00e1 contra el representativo de General Madariaga<\/strong>, que elimin\u00f3 4 a 2 en los penales a Tandil (Global 4 &#8211; 4). A\u00fan resta por confirmar detalles de organizaci\u00f3n por parte de la Federaci\u00f3n Bonaerense Pampeana.<\/p>\n<p>&nbsp;<\/p>\n<p><strong>S\u00edntesis Olavarr\u00eda \u2013 General Alvarado:<\/strong><\/p>\n<p><strong>Olavarr\u00eda (3):<\/strong> El\u00edas Arce; Mateo Boiv\u00edn, Jos\u00e9 M\u00fcller, Basti\u00e1n Arias, Bernardo Fuche; Santino Heffner, Mateo Maguna, Juan Cariman; Ignacio Mayoz; Lucio Portillo e Isa\u00edas Garc\u00eda. DT: Dardo Seibel.<\/p>\n<p><strong>General Alvarado (0): <\/strong>Bast\u00edan Mart\u00ednez; Benjam\u00edn Marlot Pautazo, Lionel Cabrera, Benjam\u00edn Mart\u00ednez, Dami\u00e1n Bobadilla Molina; Pablo Colibazzi, Mat\u00edas Pegno, Joaqu\u00edn Mastr\u00e1ngelo, Maximiliano Guti\u00e9rrez; Benjam\u00edn Moyano G\u00f3mez; Valentino Vilche. DT: Julio Mej\u00edas.<\/p>\n<p><strong>Goles:<\/strong> PT Lucio Portillo -2- (O); ST Thiago C\u00e9spedes (O).<\/p>\n<p><strong>\u00c1rbitro:<\/strong> Claudio Chaves (Azul). <strong>Estadio:<\/strong> Clemente \u201cTete\u201d Di Carlo.<\/p>\n<p>&nbsp;<\/p>\n<p><em><strong>Fotos: Ver\u00f3nica Vivas \/\/ @verito_fotografias.<\/strong><\/em><\/p>\n","protected":false},"excerpt":{"rendered":"<p>Los dirigidos por Dardo Seibel accedieron tras golear 3 a 0 al representativo de General Alvarado en el duelo revancha<\/p>\n","protected":false},"author":96739694,"featured_media":163380,"comment_status":"closed","ping_status":"closed","sticky":false,"template":"","format":"standard","meta":{"_jetpack_memberships_contains_paid_content":false,"footnotes":""},"categories":[35,40,1],"tags":[],"class_list":["post-128764","post","type-post","status-publish","format-standard","has-post-thumbnail","hentry","category-futbol","category-inferiores","category-portada"],"jetpack_featured_media_url":"https:\/\/i0.wp.com\/cdnoticias.com\/wp-content\/uploads\/2024\/10\/inf-lfo-4-4.jpg?fit=1280%2C853&ssl=1","jetpack_sharing_enabled":true,"_links":{"self":[{"href":"https:\/\/cdnoticias.com\/index.php\/wp-json\/wp\/v2\/posts\/128764","targetHints":{"allow":["GET"]}}],"collection":[{"href":"https:\/\/cdnoticias.com\/index.php\/wp-json\/wp\/v2\/posts"}],"about":[{"href":"https:\/\/cdnoticias.com\/index.php\/wp-json\/wp\/v2\/types\/post"}],"author":[{"embeddable":true,"href":"https:\/\/cdnoticias.com\/index.php\/wp-json\/wp\/v2\/users\/96739694"}],"replies":[{"embeddable":true,"href":"https:\/\/cdnoticias.com\/index.php\/wp-json\/wp\/v2\/comments?post=128764"}],"version-history":[{"count":0,"href":"https:\/\/cdnoticias.com\/index.php\/wp-json\/wp\/v2\/posts\/128764\/revisions"}],"wp:featuredmedia":[{"embeddable":true,"href":"https:\/\/cdnoticias.com\/index.php\/wp-json\/wp\/v2\/media\/163380"}],"wp:attachment":[{"href":"https:\/\/cdnoticias.com\/index.php\/wp-json\/wp\/v2\/media?parent=128764"}],"wp:term":[{"taxonomy":"category","embeddable":true,"href":"https:\/\/cdnoticias.com\/index.php\/wp-json\/wp\/v2\/categories?post=128764"},{"taxonomy":"post_tag","embeddable":true,"href":"https:\/\/cdnoticias.com\/index.php\/wp-json\/wp\/v2\/tags?post=128764"}],"curies":[{"name":"wp","href":"https:\/\/api.w.org\/{rel}","templated":true}]}}