{"id":128698,"date":"2024-10-24T20:35:56","date_gmt":"2024-10-24T23:35:56","guid":{"rendered":"https:\/\/cdnoticias.com\/?p=128698"},"modified":"2024-10-24T20:35:58","modified_gmt":"2024-10-24T23:35:58","slug":"nueva-campana-de-basura-electronica-en-parque-avellaneda","status":"publish","type":"post","link":"https:\/\/cdnoticias.com\/index.php\/2024\/10\/24\/nueva-campana-de-basura-electronica-en-parque-avellaneda\/","title":{"rendered":"Nueva Campa\u00f1a de Basura Electr\u00f3nica en Parque Avellaneda"},"content":{"rendered":"\n<p>Organizada por el Municipio se desarrollar\u00e1 el viernes 15 de noviembre de 10 a 13 en el sector de avenida Avellaneda y Santa Cruz.<\/p>\n\n\n\n<hr class=\"wp-block-separator has-alpha-channel-opacity\"\/>\n\n\n\n<p>El Municipio de Olavarr\u00eda, a trav\u00e9s de la Coordinaci\u00f3n de Ambiente de la Secretar\u00eda de Desarrollo Econ\u00f3mico y Productivo, inform\u00f3 que el <strong>viernes 15 de noviembre<\/strong> se llevar\u00e1 cabo la segunda edici\u00f3n de la <strong>Campa\u00f1a de recolecci\u00f3n de RAEEs (Residuos de Aparatos El\u00e9ctricos y Electr\u00f3nicos).<\/strong><\/p>\n\n\n\n<p><\/p>\n\n\n\n<blockquote class=\"wp-block-quote is-layout-flow wp-block-quote-is-layout-flow\">\n<p>La jornada se desarrollar\u00e1 en Parque Avellaneda, en el sector de avenida Avellaneda y Santa Cruz, frente al barrio CECO, de 10 a 13 horas (o hasta agotar la capacidad de stock disponible).<\/p>\n<\/blockquote>\n\n\n\n<p><\/p>\n\n\n\n<p>En esta oportunidad, <strong>los residuos que se reciben<\/strong> son: computadoras, impresoras, monitores, celulares, televisores, centrales telef\u00f3nicas, routers, electrodom\u00e9sticos peque\u00f1os, radios, videoc\u00e1maras, relojes y videojuegos. <strong>No se recibir\u00e1n<\/strong>: heladeras, lavarropas, cocinas, lavavajillas, t\u00f3ner, bater\u00edas, pilas y l\u00e1mparas.<\/p>\n\n\n\n<p><\/p>\n\n\n\n<figure class=\"wp-block-image size-full\"><img data-recalc-dims=\"1\" loading=\"lazy\" decoding=\"async\" width=\"800\" height=\"800\" src=\"https:\/\/i0.wp.com\/cdnoticias.com\/wp-content\/uploads\/2024\/10\/Campana-Basura-Electronica-1024x1024-1.jpeg?resize=800%2C800&#038;ssl=1\" alt=\"\" class=\"wp-image-128700\" srcset=\"https:\/\/i0.wp.com\/cdnoticias.com\/wp-content\/uploads\/2024\/10\/Campana-Basura-Electronica-1024x1024-1.jpeg?w=1024&amp;ssl=1 1024w, https:\/\/i0.wp.com\/cdnoticias.com\/wp-content\/uploads\/2024\/10\/Campana-Basura-Electronica-1024x1024-1.jpeg?resize=300%2C300&amp;ssl=1 300w, https:\/\/i0.wp.com\/cdnoticias.com\/wp-content\/uploads\/2024\/10\/Campana-Basura-Electronica-1024x1024-1.jpeg?resize=150%2C150&amp;ssl=1 150w, https:\/\/i0.wp.com\/cdnoticias.com\/wp-content\/uploads\/2024\/10\/Campana-Basura-Electronica-1024x1024-1.jpeg?resize=768%2C768&amp;ssl=1 768w\" sizes=\"auto, (max-width: 800px) 100vw, 800px\" \/><\/figure>\n\n\n\n<p><\/p>\n\n\n\n<p>Dicha campa\u00f1a se lleva adelante dentro del<strong> Programa DRTD (Disposici\u00f3n y Reutilizaci\u00f3n de Tecnolog\u00edas en Desuso)<\/strong> del Ministerio de Justicia de la Provincia, que tiene como objetivo principal el reciclado de aquellos aparatos o equipos electr\u00f3nicos de consumo que est\u00e1n da\u00f1ados o ya no son utilizados, para mitigar de esta manera los da\u00f1os que producen estos residuos al ambiente.<\/p>\n\n\n\n<p><\/p>\n\n\n\n<p>Para m\u00e1s informaci\u00f3n, comunicarse con la <strong>Coordinaci\u00f3n de Ambiente al tel\u00e9fono 422135\/95.<\/strong><\/p>\n","protected":false},"excerpt":{"rendered":"<p>Organizada por el Municipio se desarrollar\u00e1 el viernes 15 de noviembre de 10 a 13 en el sector de avenida<\/p>\n","protected":false},"author":2,"featured_media":70009,"comment_status":"closed","ping_status":"closed","sticky":false,"template":"","format":"standard","meta":{"_jetpack_memberships_contains_paid_content":false,"footnotes":""},"categories":[5,1],"tags":[],"class_list":["post-128698","post","type-post","status-publish","format-standard","has-post-thumbnail","hentry","category-informacion-general","category-portada"],"jetpack_featured_media_url":"https:\/\/i0.wp.com\/cdnoticias.com\/wp-content\/uploads\/2022\/11\/DE-Campana-Basura-Electronica-1024x682-1.jpg?fit=1024%2C682&ssl=1","jetpack_sharing_enabled":true,"_links":{"self":[{"href":"https:\/\/cdnoticias.com\/index.php\/wp-json\/wp\/v2\/posts\/128698","targetHints":{"allow":["GET"]}}],"collection":[{"href":"https:\/\/cdnoticias.com\/index.php\/wp-json\/wp\/v2\/posts"}],"about":[{"href":"https:\/\/cdnoticias.com\/index.php\/wp-json\/wp\/v2\/types\/post"}],"author":[{"embeddable":true,"href":"https:\/\/cdnoticias.com\/index.php\/wp-json\/wp\/v2\/users\/2"}],"replies":[{"embeddable":true,"href":"https:\/\/cdnoticias.com\/index.php\/wp-json\/wp\/v2\/comments?post=128698"}],"version-history":[{"count":0,"href":"https:\/\/cdnoticias.com\/index.php\/wp-json\/wp\/v2\/posts\/128698\/revisions"}],"wp:featuredmedia":[{"embeddable":true,"href":"https:\/\/cdnoticias.com\/index.php\/wp-json\/wp\/v2\/media\/70009"}],"wp:attachment":[{"href":"https:\/\/cdnoticias.com\/index.php\/wp-json\/wp\/v2\/media?parent=128698"}],"wp:term":[{"taxonomy":"category","embeddable":true,"href":"https:\/\/cdnoticias.com\/index.php\/wp-json\/wp\/v2\/categories?post=128698"},{"taxonomy":"post_tag","embeddable":true,"href":"https:\/\/cdnoticias.com\/index.php\/wp-json\/wp\/v2\/tags?post=128698"}],"curies":[{"name":"wp","href":"https:\/\/api.w.org\/{rel}","templated":true}]}}