{"id":128679,"date":"2024-10-24T11:39:46","date_gmt":"2024-10-24T14:39:46","guid":{"rendered":"https:\/\/cdnoticias.com\/?p=128679"},"modified":"2024-10-24T13:53:09","modified_gmt":"2024-10-24T16:53:09","slug":"un-hombre-fue-detenido-por-desobediencia-y-amenazas-agravadas","status":"publish","type":"post","link":"https:\/\/cdnoticias.com\/index.php\/2024\/10\/24\/un-hombre-fue-detenido-por-desobediencia-y-amenazas-agravadas\/","title":{"rendered":"Un hombre fue detenido por desobediencia y amenazas agravadas"},"content":{"rendered":"\n<p>Personal policial allan\u00f3 un domicilio ubicado en Pellegrini al 3600. Interviene la UFI N\u00b0 5.<\/p>\n\n\n\n<hr class=\"wp-block-separator has-alpha-channel-opacity\"\/>\n\n\n\n<p>D\u00edas atr\u00e1s <strong>efectivos de la comisar\u00eda Segunda, en conjunto con personal de Polic\u00eda Local y Comisar\u00eda de la Mujer y la Familia<\/strong>, concretaron un allanamiento en un domicilio de avenida Pellegrini al 3600.<\/p>\n\n\n\n<p><\/p>\n\n\n\n<p>En este contexto, <strong>un hombre de 59 a\u00f1os fue detenido en el marco de una causa por \u201cdesobediencia y amenazas agravadas\u201d.<\/strong><\/p>\n\n\n\n<p><\/p>\n\n\n\n<p>El detenido fue trasladado a la seccional policial donde permanecer\u00e1 alojado<strong> a disposici\u00f3n de la UFI N\u00b05<\/strong>, especializada en violencia familiar y de g\u00e9nero, a cargo de la doctora Mariela Viceconte.<\/p>\n\n\n\n<p><\/p>\n","protected":false},"excerpt":{"rendered":"<p>Personal policial allan\u00f3 un domicilio ubicado en Pellegrini al 3600. Interviene la UFI N\u00b0 5. D\u00edas atr\u00e1s efectivos de la<\/p>\n","protected":false},"author":2,"featured_media":128680,"comment_status":"closed","ping_status":"closed","sticky":false,"template":"","format":"standard","meta":{"_jetpack_memberships_contains_paid_content":false,"footnotes":""},"categories":[14,1],"tags":[],"class_list":["post-128679","post","type-post","status-publish","format-standard","has-post-thumbnail","hentry","category-policiales","category-portada"],"jetpack_featured_media_url":"https:\/\/i0.wp.com\/cdnoticias.com\/wp-content\/uploads\/2024\/10\/allanamiento-detencion-pellegrini3600.jpg?fit=800%2C445&ssl=1","jetpack_sharing_enabled":true,"_links":{"self":[{"href":"https:\/\/cdnoticias.com\/index.php\/wp-json\/wp\/v2\/posts\/128679","targetHints":{"allow":["GET"]}}],"collection":[{"href":"https:\/\/cdnoticias.com\/index.php\/wp-json\/wp\/v2\/posts"}],"about":[{"href":"https:\/\/cdnoticias.com\/index.php\/wp-json\/wp\/v2\/types\/post"}],"author":[{"embeddable":true,"href":"https:\/\/cdnoticias.com\/index.php\/wp-json\/wp\/v2\/users\/2"}],"replies":[{"embeddable":true,"href":"https:\/\/cdnoticias.com\/index.php\/wp-json\/wp\/v2\/comments?post=128679"}],"version-history":[{"count":0,"href":"https:\/\/cdnoticias.com\/index.php\/wp-json\/wp\/v2\/posts\/128679\/revisions"}],"wp:featuredmedia":[{"embeddable":true,"href":"https:\/\/cdnoticias.com\/index.php\/wp-json\/wp\/v2\/media\/128680"}],"wp:attachment":[{"href":"https:\/\/cdnoticias.com\/index.php\/wp-json\/wp\/v2\/media?parent=128679"}],"wp:term":[{"taxonomy":"category","embeddable":true,"href":"https:\/\/cdnoticias.com\/index.php\/wp-json\/wp\/v2\/categories?post=128679"},{"taxonomy":"post_tag","embeddable":true,"href":"https:\/\/cdnoticias.com\/index.php\/wp-json\/wp\/v2\/tags?post=128679"}],"curies":[{"name":"wp","href":"https:\/\/api.w.org\/{rel}","templated":true}]}}