{"id":128653,"date":"2024-10-23T20:01:45","date_gmt":"2024-10-23T23:01:45","guid":{"rendered":"https:\/\/cdnoticias.com\/?p=128653"},"modified":"2024-10-24T09:31:06","modified_gmt":"2024-10-24T12:31:06","slug":"se-confirmo-la-28o-feria-del-libro-y-el-3o-festival-del-libro-convocatoria-a-escritores-locales","status":"publish","type":"post","link":"https:\/\/cdnoticias.com\/index.php\/2024\/10\/23\/se-confirmo-la-28o-feria-del-libro-y-el-3o-festival-del-libro-convocatoria-a-escritores-locales\/","title":{"rendered":"Se confirm\u00f3 la 28\u00ba Feria del Libro y el 3\u00ba Festival del Libro: convocatoria a escritores locales"},"content":{"rendered":"\n<p>El evento se llevar\u00e1 a cabo del 7 al 10 de noviembre en el Centro Cultural \u201cSan Jos\u00e9\u201d. La inscripci\u00f3n es hasta el 29 de octubre.<\/p>\n\n\n\n<hr class=\"wp-block-separator aligncenter has-alpha-channel-opacity\"\/>\n\n\n\n<p>Del <strong>7 al 10 de noviembre en el Centro Cultural \u201cSan Jos\u00e9\u201d<\/strong>, se desarrollar\u00e1 la <strong>28\u00ba edici\u00f3n de la Feria del Libro y el 3\u00ba Festival del Libro.<\/strong><\/p>\n\n\n\n<p><\/p>\n\n\n\n<p>Este evento cultural, de gran inter\u00e9s para la comunidad, <a href=\"https:\/\/cdnoticias.com\/index.php\/2024\/03\/22\/anunciaron-la-realizacion-de-nuevas-ediciones-de-los-festivales-de-musica-teatro-y-libros-en-olavarria\/\" target=\"_blank\" rel=\"noreferrer noopener\">ofrecer\u00e1 m\u00faltiples y diversas propuestas<\/a>, como presentaciones, charlas, talleres, espacios l\u00fadicos-recreativos y exposiciones.<\/p>\n\n\n\n<p><\/p>\n\n\n\n<p>Entre sus propuestas se encuentra la <strong>presentaci\u00f3n de escritores locales, regionales y nacionales<\/strong> que ven en esta actividad la posibilidad de dar a conocer sus obras.<\/p>\n\n\n\n<p><\/p>\n\n\n\n<p>Para el evento,<strong> se convoca a aquellos escritores locales que deseen participar <\/strong>a que se inscriban a trav\u00e9s del <a href=\"https:\/\/docs.google.com\/forms\/d\/e\/1FAIpQLSd5oVbZ4GpJDhaFCau6rK_IiNqJYs3PFC6hQ1hv0X1ey5cM1A\/viewform\" target=\"_blank\" rel=\"noreferrer noopener\">siguiente formulario<\/a> hasta el martes 29 de octubre inclusive.<\/p>\n\n\n\n<p><\/p>\n\n\n\n<p>Una vez finalizado el per\u00edodo de inscripci\u00f3n, los organizadores se comunicar\u00e1n con cada solicitante para informar si los autores quedan confirmados dentro de la programaci\u00f3n 2024 y en tal caso cu\u00e1l ser\u00e1 el d\u00eda, horario y sala de presentaci\u00f3n, as\u00ed como otras especificaciones que resulten necesarias.<\/p>\n\n\n\n<p><\/p>\n\n\n\n<p>Asimismo se informa que la <strong>28\u00ba Feria Libros en Olavarr\u00eda y el 3\u00ba Festival del Libro <\/strong>abrir\u00e1 sus puertas:<strong> jueves y viernes de 9:00 a 12:00\u00a0 y de 14:00 a 20:00 horas, mientras que el s\u00e1bado y domingo el horario ser\u00e1 de 15:00 a 21:00 horas.<\/strong><\/p>\n\n\n\n<p><\/p>\n","protected":false},"excerpt":{"rendered":"<p>El evento se llevar\u00e1 a cabo del 7 al 10 de noviembre en el Centro Cultural \u201cSan Jos\u00e9\u201d. La inscripci\u00f3n<\/p>\n","protected":false},"author":6,"featured_media":69282,"comment_status":"closed","ping_status":"closed","sticky":false,"template":"","format":"standard","meta":{"_jetpack_memberships_contains_paid_content":false,"footnotes":""},"categories":[9,1],"tags":[],"class_list":["post-128653","post","type-post","status-publish","format-standard","has-post-thumbnail","hentry","category-cultura","category-portada"],"jetpack_featured_media_url":"https:\/\/i0.wp.com\/cdnoticias.com\/wp-content\/uploads\/2022\/11\/festival-del-libro-3.jpg?fit=1280%2C768&ssl=1","jetpack_sharing_enabled":true,"_links":{"self":[{"href":"https:\/\/cdnoticias.com\/index.php\/wp-json\/wp\/v2\/posts\/128653","targetHints":{"allow":["GET"]}}],"collection":[{"href":"https:\/\/cdnoticias.com\/index.php\/wp-json\/wp\/v2\/posts"}],"about":[{"href":"https:\/\/cdnoticias.com\/index.php\/wp-json\/wp\/v2\/types\/post"}],"author":[{"embeddable":true,"href":"https:\/\/cdnoticias.com\/index.php\/wp-json\/wp\/v2\/users\/6"}],"replies":[{"embeddable":true,"href":"https:\/\/cdnoticias.com\/index.php\/wp-json\/wp\/v2\/comments?post=128653"}],"version-history":[{"count":0,"href":"https:\/\/cdnoticias.com\/index.php\/wp-json\/wp\/v2\/posts\/128653\/revisions"}],"wp:featuredmedia":[{"embeddable":true,"href":"https:\/\/cdnoticias.com\/index.php\/wp-json\/wp\/v2\/media\/69282"}],"wp:attachment":[{"href":"https:\/\/cdnoticias.com\/index.php\/wp-json\/wp\/v2\/media?parent=128653"}],"wp:term":[{"taxonomy":"category","embeddable":true,"href":"https:\/\/cdnoticias.com\/index.php\/wp-json\/wp\/v2\/categories?post=128653"},{"taxonomy":"post_tag","embeddable":true,"href":"https:\/\/cdnoticias.com\/index.php\/wp-json\/wp\/v2\/tags?post=128653"}],"curies":[{"name":"wp","href":"https:\/\/api.w.org\/{rel}","templated":true}]}}