{"id":128645,"date":"2024-10-23T19:23:01","date_gmt":"2024-10-23T22:23:01","guid":{"rendered":"https:\/\/cdnoticias.com\/?p=128645"},"modified":"2024-10-24T08:26:36","modified_gmt":"2024-10-24T11:26:36","slug":"se-trataran-17-proyectos-en-una-nueva-sesion-del-concejo-deliberante","status":"publish","type":"post","link":"https:\/\/cdnoticias.com\/index.php\/2024\/10\/23\/se-trataran-17-proyectos-en-una-nueva-sesion-del-concejo-deliberante\/","title":{"rendered":"Se tratar\u00e1n 17 proyectos en una nueva sesi\u00f3n del Concejo Deliberante"},"content":{"rendered":"\n<p>La comunidad educativa de Unicen buscar\u00e1 que los ediles medien con representantes provinciales y nacionales por el Presupuesto. Adem\u00e1s, varias declaraciones de inter\u00e9s legislativo, repudios, entre otros temas.<\/p>\n\n\n\n<hr class=\"wp-block-separator aligncenter has-alpha-channel-opacity\"\/>\n\n\n\n<p>Tras la reuni\u00f3n de Labor Parlamentaria encabezada por el Presidente del HCD y los bloques legislativos, <strong>se definieron los temas que se debatir\u00e1n en una nueva sesi\u00f3n del Concejo Deliberante, la decimoquinta, que se desarrollar\u00e1 desde las 09:00 horas en el Centro de Convenciones local.<\/strong><\/p>\n\n\n\n<p><strong>Se tratar\u00e1n, entre donaciones y diversas propuestas, 17 proyectos<\/strong>: se prev\u00e9 que <strong>por la convocatoria se trate en primera instancia un proyecto de Comunicaci\u00f3n presentado por la Comunidad Universitaria de Unicen, sede Olavarr\u00eda<\/strong>, en el que piden a concejales la mediaci\u00f3n con representantes provinciales y nacionales sobre el an\u00e1lisis y actualizaci\u00f3n del Presupuesto educativo nacional asignado a Universidades para el 2025.<\/p>\n\n\n\n<p>Tambi\u00e9n se tratar\u00e1 un <strong>proyecto de Comunicaci\u00f3n presentado por familiares de Mara (Germ\u00e1n Esteban) Navarro a 20 a\u00f1os de la \u00faltima vez que se lo vio con vida al joven.<\/strong><\/p>\n\n\n\n<p><strong>Se buscar\u00e1 declarar de inter\u00e9s legislativo cuatro propuestas<\/strong>, tres de Uni\u00f3n por la Patria <strong>(la cuarta edici\u00f3n del Festival de m\u00fasica y cerveza artesanal \u201cNovembeer\u201d; la 7\u00b0 semana nacional de la Econom\u00eda Social y Solidaria en las Universidades; y el encuentro diocesano de Gu\u00edas y Scouts de la Regi\u00f3n Centro de la Provincia de Buenos Aires);<\/strong> y una propuesta de la UCR de <strong>declarar de inter\u00e9s legislativo la Fiesta del Chorip\u00e1n Serrano que se realizar\u00e1 el 3 de noviembre.<\/strong><\/p>\n\n\n\n<p>Otro proyecto vinculado a la educaci\u00f3n superior es <strong>uno presentado por la UCR que manifiesta \u201cpreocupaci\u00f3n\u201d ante el posible cierre del profesorado de Filosof\u00eda del Instituto Superior de Formaci\u00f3n Docente N\u00b022.<\/strong><\/p>\n\n\n\n<p>El bloque <strong>Pro-ERF buscar\u00e1 solicitar al Ejecutivo la<em> \u201cevaluaci\u00f3n t\u00e9cnica de la estructura, colocaci\u00f3n de barandas de protecci\u00f3n e iluminaci\u00f3n del puente Leandro N. Alem ubicado sobre el Arroyo Nievas\u201d<\/em>.<\/strong> El radicalismo presentar\u00e1, a su vez, un <strong>pedido de informes sobre la prestaci\u00f3n de servicios que lleva adelante Transporte Malvinas sobre recolecci\u00f3n de residuos y limpieza de calles.<\/strong><\/p>\n\n\n\n<p>El Pro, adem\u00e1s, buscar\u00e1 manifestarse<strong><em> \u201csobre la actualizaci\u00f3n del Presupuesto asignado al Servicio Alimentario Escolar (SAE) 2024&#8243;.<\/em><\/strong><\/p>\n\n\n\n<p><strong>Libertad Olavarr\u00eda<\/strong>, a su vez, pedir\u00e1 el \u201ccumplimiento\u201d a lo normado en la Ley 24.314 y 26.378 y la ordenanza 3636\/13 sobre derechos de personas con discapacidad vinculadas a rampas en esquinas de la ciudad.<\/p>\n\n\n\n<p>Finalmente, <strong>Uni\u00f3n por la Patria llevar\u00e1 un repudio y rechazo a las declaraciones del Presidente de la Naci\u00f3n Javier Milei sobre la ex presidenta Cristina Fern\u00e1ndez de Kirchner que realiz\u00f3 d\u00edas atr\u00e1s en medios de alcance nacional.<\/strong><\/p>\n","protected":false},"excerpt":{"rendered":"<p>La comunidad educativa de Unicen buscar\u00e1 que los ediles medien con representantes provinciales y nacionales por el Presupuesto. Adem\u00e1s, varias<\/p>\n","protected":false},"author":2,"featured_media":125196,"comment_status":"closed","ping_status":"closed","sticky":false,"template":"","format":"standard","meta":{"_jetpack_memberships_contains_paid_content":false,"footnotes":""},"categories":[4,1],"tags":[],"class_list":["post-128645","post","type-post","status-publish","format-standard","has-post-thumbnail","hentry","category-politica","category-portada"],"jetpack_featured_media_url":"https:\/\/i0.wp.com\/cdnoticias.com\/wp-content\/uploads\/2024\/09\/HCD-sesion-00.jpg?fit=1000%2C557&ssl=1","jetpack_sharing_enabled":true,"_links":{"self":[{"href":"https:\/\/cdnoticias.com\/index.php\/wp-json\/wp\/v2\/posts\/128645","targetHints":{"allow":["GET"]}}],"collection":[{"href":"https:\/\/cdnoticias.com\/index.php\/wp-json\/wp\/v2\/posts"}],"about":[{"href":"https:\/\/cdnoticias.com\/index.php\/wp-json\/wp\/v2\/types\/post"}],"author":[{"embeddable":true,"href":"https:\/\/cdnoticias.com\/index.php\/wp-json\/wp\/v2\/users\/2"}],"replies":[{"embeddable":true,"href":"https:\/\/cdnoticias.com\/index.php\/wp-json\/wp\/v2\/comments?post=128645"}],"version-history":[{"count":0,"href":"https:\/\/cdnoticias.com\/index.php\/wp-json\/wp\/v2\/posts\/128645\/revisions"}],"wp:featuredmedia":[{"embeddable":true,"href":"https:\/\/cdnoticias.com\/index.php\/wp-json\/wp\/v2\/media\/125196"}],"wp:attachment":[{"href":"https:\/\/cdnoticias.com\/index.php\/wp-json\/wp\/v2\/media?parent=128645"}],"wp:term":[{"taxonomy":"category","embeddable":true,"href":"https:\/\/cdnoticias.com\/index.php\/wp-json\/wp\/v2\/categories?post=128645"},{"taxonomy":"post_tag","embeddable":true,"href":"https:\/\/cdnoticias.com\/index.php\/wp-json\/wp\/v2\/tags?post=128645"}],"curies":[{"name":"wp","href":"https:\/\/api.w.org\/{rel}","templated":true}]}}