{"id":128631,"date":"2024-10-23T19:11:31","date_gmt":"2024-10-23T22:11:31","guid":{"rendered":"https:\/\/cdnoticias.com\/?p=128631"},"modified":"2024-10-23T19:11:33","modified_gmt":"2024-10-23T22:11:33","slug":"la-biblioteca-popular-armando-collinet-tiene-nueva-comision-directiva","status":"publish","type":"post","link":"https:\/\/cdnoticias.com\/index.php\/2024\/10\/23\/la-biblioteca-popular-armando-collinet-tiene-nueva-comision-directiva\/","title":{"rendered":"La Biblioteca Popular Armando Collinet tiene nueva comisi\u00f3n directiva"},"content":{"rendered":"\n<p>La nueva comisi\u00f3n se estableci\u00f3 en la Asamblea General Ordinaria del pasado 18 de septiembre.<\/p>\n\n\n\n<hr class=\"wp-block-separator aligncenter has-alpha-channel-opacity\"\/>\n\n\n\n<p>La <strong>Biblioteca Popular Armando Collinet<\/strong> realiz\u00f3 una <strong>Asamblea General Ordinaria <\/strong>el pasado 18 de septiembre donde se estableci\u00f3 una <strong>nueva comisi\u00f3n directiva.<\/strong><\/p>\n\n\n\n<p><\/p>\n\n\n\n<p>La Asamblea se llev\u00f3 a cabo en Alsina 2659, sede de la Biblioteca, en dos horarios, a las 17:30 horas en primera convocatoria y a las 18 horas en segunda.<\/p>\n\n\n\n<p><\/p>\n\n\n\n<p>Se consider\u00f3 el siguiente orden del d\u00eda: 1) Elecci\u00f3n de dos asociados para firmar el acta, juntamente con la Sra. Presidenta y la Sra. Secretaria.- 2) Consideraci\u00f3n de Memoria y Balance General del ejercicio finalizado el 30 de junio de 2024.- 3) Renovaci\u00f3n de Comisi\u00f3n Directiva.- 4) Renovaci\u00f3n Comisi\u00f3n Revisora de Cuentas.<\/p>\n\n\n\n<p><\/p>\n\n\n\n<figure class=\"wp-block-image size-full\"><img data-recalc-dims=\"1\" loading=\"lazy\" decoding=\"async\" width=\"800\" height=\"422\" src=\"https:\/\/i0.wp.com\/cdnoticias.com\/wp-content\/uploads\/2024\/10\/asamblea-collinet-.png?resize=800%2C422&#038;ssl=1\" alt=\"\" class=\"wp-image-128632\" srcset=\"https:\/\/i0.wp.com\/cdnoticias.com\/wp-content\/uploads\/2024\/10\/asamblea-collinet-.png?w=892&amp;ssl=1 892w, https:\/\/i0.wp.com\/cdnoticias.com\/wp-content\/uploads\/2024\/10\/asamblea-collinet-.png?resize=300%2C158&amp;ssl=1 300w, https:\/\/i0.wp.com\/cdnoticias.com\/wp-content\/uploads\/2024\/10\/asamblea-collinet-.png?resize=768%2C405&amp;ssl=1 768w, https:\/\/i0.wp.com\/cdnoticias.com\/wp-content\/uploads\/2024\/10\/asamblea-collinet-.png?resize=390%2C205&amp;ssl=1 390w\" sizes=\"auto, (max-width: 800px) 100vw, 800px\" \/><\/figure>\n\n\n\n<p><\/p>\n\n\n\n<p>Al presentarse una \u00fanica lista, la Comisi\u00f3n Directiva resolvi\u00f3 por unanimidad la siguiente distribuci\u00f3n de cargos titulares y suplentes por el t\u00e9rmino de un a\u00f1o:<\/p>\n\n\n\n<p><\/p>\n\n\n\n<blockquote class=\"wp-block-quote is-layout-flow wp-block-quote-is-layout-flow\">\n<p>Presidenta: Gloria Margarita Touceda; Vicepresidenta: Mar\u00eda Alejandra Dublanc; Secretario: Marcos Reynaldo Rodr\u00edguez; Tesorero: Horacio Mart\u00edn Chaia; Vocales Titulares: Paula Bottino y Viviana Rodr\u00edguez; Vocales Suplentes: Mirta Fortunato.<\/p>\n<\/blockquote>\n\n\n\n<p><\/p>\n\n\n\n<p>En cuanto a la Comisi\u00f3n Revisora de Cuentas, qued\u00f3 como Titular Silvina Graciela Schettini y Raquel De Martini. Mientras que en lugar suplente, se eligi\u00f3 a Lucrecia Paz.<\/p>\n\n\n\n<p><\/p>\n\n\n\n<p>La Asamblea finaliz\u00f3 a las 18:30 horas, cuando la totalidad de los miembros propuestos aceptaron los cargos asignados. Asimismo, el acta fue firmada por socios designados junto a la Presidenta y Secretaria.<\/p>\n","protected":false},"excerpt":{"rendered":"<p>La nueva comisi\u00f3n se estableci\u00f3 en la Asamblea General Ordinaria del pasado 18 de septiembre. La Biblioteca Popular Armando Collinet<\/p>\n","protected":false},"author":6,"featured_media":115700,"comment_status":"closed","ping_status":"closed","sticky":false,"template":"","format":"standard","meta":{"_jetpack_memberships_contains_paid_content":false,"footnotes":""},"categories":[9,1],"tags":[],"class_list":["post-128631","post","type-post","status-publish","format-standard","has-post-thumbnail","hentry","category-cultura","category-portada"],"jetpack_featured_media_url":"https:\/\/i0.wp.com\/cdnoticias.com\/wp-content\/uploads\/2024\/05\/Biblioteca-Popular-Armando-Collinet.jpeg?fit=800%2C450&ssl=1","jetpack_sharing_enabled":true,"_links":{"self":[{"href":"https:\/\/cdnoticias.com\/index.php\/wp-json\/wp\/v2\/posts\/128631","targetHints":{"allow":["GET"]}}],"collection":[{"href":"https:\/\/cdnoticias.com\/index.php\/wp-json\/wp\/v2\/posts"}],"about":[{"href":"https:\/\/cdnoticias.com\/index.php\/wp-json\/wp\/v2\/types\/post"}],"author":[{"embeddable":true,"href":"https:\/\/cdnoticias.com\/index.php\/wp-json\/wp\/v2\/users\/6"}],"replies":[{"embeddable":true,"href":"https:\/\/cdnoticias.com\/index.php\/wp-json\/wp\/v2\/comments?post=128631"}],"version-history":[{"count":0,"href":"https:\/\/cdnoticias.com\/index.php\/wp-json\/wp\/v2\/posts\/128631\/revisions"}],"wp:featuredmedia":[{"embeddable":true,"href":"https:\/\/cdnoticias.com\/index.php\/wp-json\/wp\/v2\/media\/115700"}],"wp:attachment":[{"href":"https:\/\/cdnoticias.com\/index.php\/wp-json\/wp\/v2\/media?parent=128631"}],"wp:term":[{"taxonomy":"category","embeddable":true,"href":"https:\/\/cdnoticias.com\/index.php\/wp-json\/wp\/v2\/categories?post=128631"},{"taxonomy":"post_tag","embeddable":true,"href":"https:\/\/cdnoticias.com\/index.php\/wp-json\/wp\/v2\/tags?post=128631"}],"curies":[{"name":"wp","href":"https:\/\/api.w.org\/{rel}","templated":true}]}}