{"id":128586,"date":"2024-10-23T08:33:03","date_gmt":"2024-10-23T11:33:03","guid":{"rendered":"https:\/\/cdnoticias.com\/?p=128586"},"modified":"2024-10-23T11:33:40","modified_gmt":"2024-10-23T14:33:40","slug":"hcd-presentaron-un-proyecto-pidiendo-manifestaciones-politicas-en-defensa-de-la-educacion-publica","status":"publish","type":"post","link":"https:\/\/cdnoticias.com\/index.php\/2024\/10\/23\/hcd-presentaron-un-proyecto-pidiendo-manifestaciones-politicas-en-defensa-de-la-educacion-publica\/","title":{"rendered":"HCD: presentaron un proyecto pidiendo manifestaciones pol\u00edticas en defensa de la educaci\u00f3n p\u00fablica"},"content":{"rendered":"\n<p>Fue ingresado este mi\u00e9rcoles. Solicitan que los representantes locales se involucren en el an\u00e1lisis del presupuesto educativo nacional asignado a las universidades.<\/p>\n\n\n\n<hr class=\"wp-block-separator has-alpha-channel-opacity\"\/>\n\n\n\n<p>Este mi\u00e9rcoles por la ma\u00f1ana, fue ingresado un <strong>proyecto de comunicaci\u00f3n en el Concejo Deliberante <\/strong>que busca manifestaciones pol\u00edticas locales del conflicto que enfrentan las universidades en lucha por un presupuesto 2025 acorde a la situaci\u00f3n econ\u00f3mica y social actual.<\/p>\n\n\n\n<p><\/p>\n\n\n\n<p>La medida se conoci\u00f3 el martes por la tarde en el Paseo de la Salud en el marco de una<a href=\"https:\/\/cdnoticias.com\/index.php\/2024\/10\/22\/asamblea-interclaustro-de-unicen-en-olavarria-buscaran-manifestaciones-politicas-del-conflicto\/\" data-type=\"link\" data-id=\"https:\/\/cdnoticias.com\/index.php\/2024\/10\/22\/asamblea-interclaustro-de-unicen-en-olavarria-buscaran-manifestaciones-politicas-del-conflicto\/\"> nueva asamblea interclaustro<\/a> de todas las unidades acad\u00e9micas de la UNICEN. El proyecto fue impulsado por la <strong>comunidad universitaria local<\/strong>, integrada por las Facultades de Ciencias de la Salud, Ciencias Sociales, Ingenier\u00eda, el Centro Cultural Universitario y los preuniversitarios Escuela Nacional Adolfo P\u00e9rez Esquivel y Jard\u00edn Maternal Upa La La.<\/p>\n\n\n\n<p><\/p>\n\n\n\n<p>Seg\u00fan indica el documento, solicitan \u201ca nuestros representantes locales, concejales y concejalas del partido de Olavarr\u00eda arbitre los medios necesarios para acompa\u00f1ar y solicitar a nuestros representantes provinciales y nacionales diputados y senadores, que <strong>se involucren en el an\u00e1lisis comprometido del presupuesto educativo nacional asignado a las universidades nacionales y en espec\u00edfico a la UNICEN para el a\u00f1o 2025<\/strong>\u201d.<\/p>\n\n\n\n<p><\/p>\n\n\n\n<blockquote class=\"wp-block-quote is-layout-flow wp-block-quote-is-layout-flow\">\n<p>Asimismo, indicaron que \u201clos convocamos a trabajar en forma mancomunada en el an\u00e1lisis de las necesidades presupuestarias universitarias de la UNICEN, sede Olavarr\u00eda en particular\u201d y consideraron \u201cpertinente\u201d que se sumen a las actividades locales realizadas en el marco de la defensa de la educaci\u00f3n p\u00fablica.<\/p>\n<\/blockquote>\n\n\n\n<p><\/p>\n\n\n\n<p><strong>La intenci\u00f3n es que el proyecto sea tratado este jueves en sesi\u00f3n del HCD, adem\u00e1s de asistir al recinto deliberativo<\/strong> para \u201cescuchar qu\u00e9 tienen para decir los concejales y poder tomar la palabra\u201d.<\/p>\n\n\n\n<p><\/p>\n\n\n\n<figure class=\"wp-block-embed is-type-wp-embed is-provider-central-de-noticias-olavarr-a wp-block-embed-central-de-noticias-olavarr-a\"><div class=\"wp-block-embed__wrapper\">\n<blockquote class=\"wp-embedded-content\" data-secret=\"C5TJTYBuYq\"><a href=\"https:\/\/cdnoticias.com\/index.php\/2024\/10\/22\/asamblea-interclaustro-de-unicen-en-olavarria-buscaran-manifestaciones-politicas-del-conflicto\/\">Asamblea interclaustro de Unicen en Olavarr\u00eda: buscar\u00e1n \u201cmanifestaciones pol\u00edticas\u201d del conflicto<\/a><\/blockquote><iframe loading=\"lazy\" class=\"wp-embedded-content\" sandbox=\"allow-scripts\" security=\"restricted\" style=\"position: absolute; visibility: hidden;\" title=\"&#8220;Asamblea interclaustro de Unicen en Olavarr\u00eda: buscar\u00e1n \u201cmanifestaciones pol\u00edticas\u201d del conflicto&#8221; &#8212; Central de Noticias | Olavarr\u00eda\" src=\"https:\/\/cdnoticias.com\/index.php\/2024\/10\/22\/asamblea-interclaustro-de-unicen-en-olavarria-buscaran-manifestaciones-politicas-del-conflicto\/embed\/#?secret=455EEVJZ2R#?secret=C5TJTYBuYq\" data-secret=\"C5TJTYBuYq\" width=\"600\" height=\"338\" frameborder=\"0\" marginwidth=\"0\" marginheight=\"0\" scrolling=\"no\"><\/iframe>\n<\/div><\/figure>\n","protected":false},"excerpt":{"rendered":"<p>Fue ingresado este mi\u00e9rcoles. Solicitan que los representantes locales se involucren en el an\u00e1lisis del presupuesto educativo nacional asignado a<\/p>\n","protected":false},"author":2,"featured_media":128587,"comment_status":"closed","ping_status":"closed","sticky":false,"template":"","format":"standard","meta":{"_jetpack_memberships_contains_paid_content":false,"footnotes":""},"categories":[4,1],"tags":[],"class_list":["post-128586","post","type-post","status-publish","format-standard","has-post-thumbnail","hentry","category-politica","category-portada"],"jetpack_featured_media_url":"https:\/\/i0.wp.com\/cdnoticias.com\/wp-content\/uploads\/2024\/10\/proyecto-universidades-delia.jpg?fit=800%2C445&ssl=1","jetpack_sharing_enabled":true,"_links":{"self":[{"href":"https:\/\/cdnoticias.com\/index.php\/wp-json\/wp\/v2\/posts\/128586","targetHints":{"allow":["GET"]}}],"collection":[{"href":"https:\/\/cdnoticias.com\/index.php\/wp-json\/wp\/v2\/posts"}],"about":[{"href":"https:\/\/cdnoticias.com\/index.php\/wp-json\/wp\/v2\/types\/post"}],"author":[{"embeddable":true,"href":"https:\/\/cdnoticias.com\/index.php\/wp-json\/wp\/v2\/users\/2"}],"replies":[{"embeddable":true,"href":"https:\/\/cdnoticias.com\/index.php\/wp-json\/wp\/v2\/comments?post=128586"}],"version-history":[{"count":0,"href":"https:\/\/cdnoticias.com\/index.php\/wp-json\/wp\/v2\/posts\/128586\/revisions"}],"wp:featuredmedia":[{"embeddable":true,"href":"https:\/\/cdnoticias.com\/index.php\/wp-json\/wp\/v2\/media\/128587"}],"wp:attachment":[{"href":"https:\/\/cdnoticias.com\/index.php\/wp-json\/wp\/v2\/media?parent=128586"}],"wp:term":[{"taxonomy":"category","embeddable":true,"href":"https:\/\/cdnoticias.com\/index.php\/wp-json\/wp\/v2\/categories?post=128586"},{"taxonomy":"post_tag","embeddable":true,"href":"https:\/\/cdnoticias.com\/index.php\/wp-json\/wp\/v2\/tags?post=128586"}],"curies":[{"name":"wp","href":"https:\/\/api.w.org\/{rel}","templated":true}]}}