{"id":128578,"date":"2024-10-22T20:00:35","date_gmt":"2024-10-22T23:00:35","guid":{"rendered":"https:\/\/cdnoticias.com\/?p=128578"},"modified":"2024-10-23T08:33:25","modified_gmt":"2024-10-23T11:33:25","slug":"alerta-naranja-por-tormentas-para-olavarria-y-la-region","status":"publish","type":"post","link":"https:\/\/cdnoticias.com\/index.php\/2024\/10\/22\/alerta-naranja-por-tormentas-para-olavarria-y-la-region\/","title":{"rendered":"Alerta naranja por tormentas para Olavarr\u00eda y la regi\u00f3n"},"content":{"rendered":"\n<p>Ser\u00e1 para la tarde de este mi\u00e9rcoles. Si bien reg\u00eda una alerta amarilla, el Servicio Meteorol\u00f3gico Nacional, se agudiz\u00f3 en las \u00faltimas horas.<\/p>\n\n\n\n<hr class=\"wp-block-separator aligncenter has-alpha-channel-opacity\"\/>\n\n\n\n<p>En la tarde de este martes<strong>, el Servicio Meteorol\u00f3gico Nacional profundiz\u00f3 su alerta por tormentas para Olavarr\u00eda y la regi\u00f3n, y pas\u00f3 de color naranja: ser\u00e1 para este mi\u00e9rcoles por la tarde.<\/strong><\/p>\n\n\n\n<p>Seg\u00fan especific\u00f3, <strong>el \u00e1rea ser\u00e1 afectada por tormentas localmente fuertes o severas.<\/strong><\/p>\n\n\n\n<blockquote class=\"wp-block-quote is-layout-flow wp-block-quote-is-layout-flow\">\n<p>\u201cLas mismas podr\u00e1n estar acompa\u00f1adas por r\u00e1fagas intensas superiores a 80 km\/h, importante actividad el\u00e9ctrica, ca\u00edda de granizo y principalmente abundante ca\u00edda de agua en cortos per\u00edodos\u201d.<\/p>\n<\/blockquote>\n\n\n\n<p>En este sentido, se estiman<em><strong> \u201cvalores de precipitaci\u00f3n acumulada entre 40 y 100 mm, pudiendo ser superados en forma puntual\u201d.<\/strong><\/em><\/p>\n\n\n\n<p>A su vez, se emitieron una serie d<strong>e recomendaciones de cara al fen\u00f3meno que, tanto en alerta amarilla como naranja, afectar\u00e1n a pr\u00e1cticamente toda la Provincia de Buenos Aires.<\/strong><\/p>\n\n\n\n<figure class=\"wp-block-image size-large\"><img data-recalc-dims=\"1\" loading=\"lazy\" decoding=\"async\" width=\"724\" height=\"1024\" src=\"https:\/\/i0.wp.com\/cdnoticias.com\/wp-content\/uploads\/2024\/10\/Gahz1fJbEAYpKmG.jpeg?resize=724%2C1024&#038;ssl=1\" alt=\"\" class=\"wp-image-128579\" srcset=\"https:\/\/i0.wp.com\/cdnoticias.com\/wp-content\/uploads\/2024\/10\/Gahz1fJbEAYpKmG.jpeg?resize=724%2C1024&amp;ssl=1 724w, https:\/\/i0.wp.com\/cdnoticias.com\/wp-content\/uploads\/2024\/10\/Gahz1fJbEAYpKmG.jpeg?resize=212%2C300&amp;ssl=1 212w, https:\/\/i0.wp.com\/cdnoticias.com\/wp-content\/uploads\/2024\/10\/Gahz1fJbEAYpKmG.jpeg?resize=768%2C1086&amp;ssl=1 768w, https:\/\/i0.wp.com\/cdnoticias.com\/wp-content\/uploads\/2024\/10\/Gahz1fJbEAYpKmG.jpeg?w=1076&amp;ssl=1 1076w\" sizes=\"auto, (max-width: 724px) 100vw, 724px\" \/><\/figure>\n\n\n\n<p>1- Permanec\u00e9 en construcciones cerradas como casas, escuelas o edificios.<\/p>\n\n\n\n<p>2- Mantenete alejado de artefactos el\u00e9ctricos y evit\u00e1 el uso de tel\u00e9fonos con cable.<\/p>\n\n\n\n<p>3-Si est\u00e1s viajando, quedate en el interior del veh\u00edculo. Los autom\u00f3viles ofrecen una excelente protecci\u00f3n.<\/p>\n\n\n\n<p>4- Evit\u00e1 circular por calles inundadas o afectadas.<\/p>\n\n\n\n<p>5- Si hay riesgo de que el agua ingrese en tu casa, cort\u00e1 el suministro el\u00e9ctrico.<\/p>\n\n\n\n<p>6- En caso de que vos o alguien m\u00e1s se vea afectado por este fen\u00f3meno, comunicate con los organismos de emergencias locales.<\/p>\n\n\n\n<p>7- Observa que la bater\u00eda de tu celular este con la carga completa<\/p>\n\n\n\n<p>8- Evite sacar residuos, o si lo hace, aseg\u00farese de que no pueda dirigirse hacia las bocas de tormenta<\/p>\n\n\n\n<p><\/p>\n","protected":false},"excerpt":{"rendered":"<p>Ser\u00e1 para la tarde de este mi\u00e9rcoles. Si bien reg\u00eda una alerta amarilla, el Servicio Meteorol\u00f3gico Nacional, se agudiz\u00f3 en<\/p>\n","protected":false},"author":2,"featured_media":111837,"comment_status":"closed","ping_status":"closed","sticky":false,"template":"","format":"standard","meta":{"_jetpack_memberships_contains_paid_content":false,"footnotes":""},"categories":[5,1],"tags":[],"class_list":["post-128578","post","type-post","status-publish","format-standard","has-post-thumbnail","hentry","category-informacion-general","category-portada"],"jetpack_featured_media_url":"https:\/\/i0.wp.com\/cdnoticias.com\/wp-content\/uploads\/2024\/03\/tormenta-alerta.jpg?fit=800%2C445&ssl=1","jetpack_sharing_enabled":true,"_links":{"self":[{"href":"https:\/\/cdnoticias.com\/index.php\/wp-json\/wp\/v2\/posts\/128578","targetHints":{"allow":["GET"]}}],"collection":[{"href":"https:\/\/cdnoticias.com\/index.php\/wp-json\/wp\/v2\/posts"}],"about":[{"href":"https:\/\/cdnoticias.com\/index.php\/wp-json\/wp\/v2\/types\/post"}],"author":[{"embeddable":true,"href":"https:\/\/cdnoticias.com\/index.php\/wp-json\/wp\/v2\/users\/2"}],"replies":[{"embeddable":true,"href":"https:\/\/cdnoticias.com\/index.php\/wp-json\/wp\/v2\/comments?post=128578"}],"version-history":[{"count":0,"href":"https:\/\/cdnoticias.com\/index.php\/wp-json\/wp\/v2\/posts\/128578\/revisions"}],"wp:featuredmedia":[{"embeddable":true,"href":"https:\/\/cdnoticias.com\/index.php\/wp-json\/wp\/v2\/media\/111837"}],"wp:attachment":[{"href":"https:\/\/cdnoticias.com\/index.php\/wp-json\/wp\/v2\/media?parent=128578"}],"wp:term":[{"taxonomy":"category","embeddable":true,"href":"https:\/\/cdnoticias.com\/index.php\/wp-json\/wp\/v2\/categories?post=128578"},{"taxonomy":"post_tag","embeddable":true,"href":"https:\/\/cdnoticias.com\/index.php\/wp-json\/wp\/v2\/tags?post=128578"}],"curies":[{"name":"wp","href":"https:\/\/api.w.org\/{rel}","templated":true}]}}