{"id":12857,"date":"2021-02-03T10:03:51","date_gmt":"2021-02-03T13:03:51","guid":{"rendered":"http:\/\/www.centraldenoticias.com.ar\/?p=12857"},"modified":"2021-02-03T10:03:51","modified_gmt":"2021-02-03T13:03:51","slug":"el-carnaval-en-pandemia-y-la-propuesta-de-arrebatando-lagrimas","status":"publish","type":"post","link":"https:\/\/cdnoticias.com\/index.php\/2021\/02\/03\/el-carnaval-en-pandemia-y-la-propuesta-de-arrebatando-lagrimas\/","title":{"rendered":"El carnaval en pandemia y la propuesta de Arrebatando L\u00e1grimas"},"content":{"rendered":"<p>Construcci\u00f3n popular del momo, quema y murgueres en transmisi\u00f3n en vivo, y un trabajo que se desarrollar\u00e1 en todo febrero: \u201ccelebraremos febrero con protocolos y con carnaval\u201d indicaron.<!--more--><\/p>\n<hr \/>\n<p><strong>Con el inicio de febrero, el carnaval se siente en el aire<\/strong>. En un contexto de normalidad, es un momento donde ni\u00f1os, ni\u00f1as, j\u00f3venes y no tan j\u00f3venes comienzan a prepararse para el gran carnaval, sea el oficial, barrial o donde toque bailar. <strong>Este es un momento particular, y en la particularidad Arrebatando L\u00e1grimas no baja los brazos: es febrero y hay que celebrar, con protocolos y cuidados.<\/strong><\/p>\n<p>&nbsp;<\/p>\n<p>Bajo el t\u00edtulo \u201cLocura es el carnaval\u201d la agrupaci\u00f3n emiti\u00f3 un comunicado en el que destaca que <em>\u201cnuestra agrupaci\u00f3n construye carnaval hace 21 a\u00f1os, nos toc\u00f3 hacer que la fiesta popular vuelva a renacer en la ciudad, nos toc\u00f3 investigar sobre las ra\u00edces del carnaval olavarriense para mantenerlas vivas en cada una de nuestras propuestas est\u00e9tica, nos toc\u00f3 luchar para que se observe al carnaval como un derecho de participaci\u00f3n y de gesti\u00f3n cultural del Estado, nos toc\u00f3 luchar para que los barrios volvieran a tener carnaval, luchamos el conjuntamente con otras agrupaciones carnavaleras para que deje de estar prohibido&#8230;\u201d<\/em> y hoy <strong><em>\u201cnos toca vivenciar a carnaval en pandemia, con la responsabilidad social que siempre asumi\u00f3 y asume esta agrupaci\u00f3n celebraremos febrero con protocolos y con carnaval\u201d.<\/em><\/strong><\/p>\n<p>&nbsp;<\/p>\n<p><img data-recalc-dims=\"1\" loading=\"lazy\" decoding=\"async\" class=\"alignnone size-full wp-image-12859\" src=\"https:\/\/i0.wp.com\/cdnoticias.com\/wp-content\/uploads\/2021\/02\/IMG-20210201-WA0056.jpg?resize=800%2C800&#038;ssl=1\" alt=\"\" width=\"800\" height=\"800\" srcset=\"https:\/\/i0.wp.com\/cdnoticias.com\/wp-content\/uploads\/2021\/02\/IMG-20210201-WA0056.jpg?w=1200&amp;ssl=1 1200w, https:\/\/i0.wp.com\/cdnoticias.com\/wp-content\/uploads\/2021\/02\/IMG-20210201-WA0056.jpg?resize=150%2C150&amp;ssl=1 150w, https:\/\/i0.wp.com\/cdnoticias.com\/wp-content\/uploads\/2021\/02\/IMG-20210201-WA0056.jpg?resize=300%2C300&amp;ssl=1 300w, https:\/\/i0.wp.com\/cdnoticias.com\/wp-content\/uploads\/2021\/02\/IMG-20210201-WA0056.jpg?resize=768%2C768&amp;ssl=1 768w, https:\/\/i0.wp.com\/cdnoticias.com\/wp-content\/uploads\/2021\/02\/IMG-20210201-WA0056.jpg?resize=1024%2C1024&amp;ssl=1 1024w\" sizes=\"auto, (max-width: 800px) 100vw, 800px\" \/><\/p>\n<p>&nbsp;<\/p>\n<p>En este sentido, <strong>comenzaron a realizar intervenciones art\u00edsticas, tales como decorar \u201cnuestra calle\u201d con banderines y se vestir\u00e1n \u201cde fiesta\u201d como acontece todos los a\u00f1os, con y sin pandemia.<\/strong><\/p>\n<p>&nbsp;<\/p>\n<blockquote><p>\u201cEl carnaval fue, es y ser\u00e1 una celebraci\u00f3n comunitaria por eso invitamos a vecinos, actores sociales, murgueres, artistas de carnaval a participar de la celebraci\u00f3n\u201d.<\/p><\/blockquote>\n<p>&nbsp;<\/p>\n<p>Comentaron que<strong> la murga preparar\u00e1 banderines para que los busques y puedan intervenir el frente de cada una de las casas de los olavarrienses<\/strong>, y adem\u00e1s los vecinos y vecinas podr\u00e1n participar de la construcci\u00f3n del Rey Momo.<\/p>\n<p>&nbsp;<\/p>\n<p><em>\u201cEstaremos trabajando los mi\u00e9rcoles:<strong> acerc\u00e1 tu mu\u00f1eco, deseo, objeto, vestuario, carta, mensaje, m\u00e1scara, lo que quieras que construya a Momo.<\/strong> Tambi\u00e9n buscamos materiales, si ten\u00e9s para donarnos nos vienen muy bien (madera, alambre, diario y cola vinilica o engrudo cocido)\u201d.<\/em><\/p>\n<p>&nbsp;<\/p>\n<p>Tras todo un febrero de construcci\u00f3n,<strong> el Rey Momo ser\u00e1 quemado el s\u00e1bado 27 de febrero, <em>\u201centre saltos, pulso y canto&#8230; esta vez solo les murgueres y Momo con transmisi\u00f3n en vivo por redes sociales\u201d.<\/em><\/strong><\/p>\n","protected":false},"excerpt":{"rendered":"<p>Construcci\u00f3n popular del momo, quema y murgueres en transmisi\u00f3n en vivo, y un trabajo que se desarrollar\u00e1 en todo febrero:<\/p>\n","protected":false},"author":2,"featured_media":12860,"comment_status":"closed","ping_status":"closed","sticky":false,"template":"","format":"standard","meta":{"_jetpack_memberships_contains_paid_content":false,"footnotes":""},"categories":[9,1],"tags":[],"class_list":["post-12857","post","type-post","status-publish","format-standard","has-post-thumbnail","hentry","category-cultura","category-portada"],"jetpack_featured_media_url":"https:\/\/i0.wp.com\/cdnoticias.com\/wp-content\/uploads\/2021\/02\/IMG-20210130-WA0048.jpg?fit=1040%2C780&ssl=1","jetpack_sharing_enabled":true,"_links":{"self":[{"href":"https:\/\/cdnoticias.com\/index.php\/wp-json\/wp\/v2\/posts\/12857","targetHints":{"allow":["GET"]}}],"collection":[{"href":"https:\/\/cdnoticias.com\/index.php\/wp-json\/wp\/v2\/posts"}],"about":[{"href":"https:\/\/cdnoticias.com\/index.php\/wp-json\/wp\/v2\/types\/post"}],"author":[{"embeddable":true,"href":"https:\/\/cdnoticias.com\/index.php\/wp-json\/wp\/v2\/users\/2"}],"replies":[{"embeddable":true,"href":"https:\/\/cdnoticias.com\/index.php\/wp-json\/wp\/v2\/comments?post=12857"}],"version-history":[{"count":0,"href":"https:\/\/cdnoticias.com\/index.php\/wp-json\/wp\/v2\/posts\/12857\/revisions"}],"wp:featuredmedia":[{"embeddable":true,"href":"https:\/\/cdnoticias.com\/index.php\/wp-json\/wp\/v2\/media\/12860"}],"wp:attachment":[{"href":"https:\/\/cdnoticias.com\/index.php\/wp-json\/wp\/v2\/media?parent=12857"}],"wp:term":[{"taxonomy":"category","embeddable":true,"href":"https:\/\/cdnoticias.com\/index.php\/wp-json\/wp\/v2\/categories?post=12857"},{"taxonomy":"post_tag","embeddable":true,"href":"https:\/\/cdnoticias.com\/index.php\/wp-json\/wp\/v2\/tags?post=12857"}],"curies":[{"name":"wp","href":"https:\/\/api.w.org\/{rel}","templated":true}]}}